{"id":92616,"date":"2025-09-04T10:32:13","date_gmt":"2025-09-04T10:32:13","guid":{"rendered":"https:\/\/www.europesays.com\/es\/92616\/"},"modified":"2025-09-04T10:32:13","modified_gmt":"2025-09-04T10:32:13","slug":"lazos-familiares-la-tia-ofelia-y-tim-burton-a-la-maxima-potencia","status":"publish","type":"post","link":"https:\/\/www.europesays.com\/es\/92616\/","title":{"rendered":"lazos familiares, la t\u00eda Ofelia y Tim Burton a la m\u00e1xima potencia"},"content":{"rendered":"<p class=\"c-paragraph\"><b>[Este art\u00edculo contiene SPOILERS de &#8216;MI\u00c9RCOLES&#8217; temporada 2]<\/b><\/p>\n<p class=\"c-paragraph\"><b>Alfred Gough<\/b> y\u00a0<b>Miles Millar, <\/b>los creadores y showrunners de\u00a0<a href=\"https:\/\/www.20minutos.es\/cinemania\/series\/miercoles-netflix-episodios-temporada-2-estreno_6234423_0.html\" title=\"&#039;Mi\u00e9rcoles&#039; vuelve: cu\u00e1ntos episodios tiene la temporada 2 y cu\u00e1ndo llegan a Netflix\" rel=\"nofollow noopener\" target=\"_blank\">Mi\u00e9rcoles,<\/a> han aplicado <a href=\"https:\/\/www.20minutos.es\/cinemania\/series\/experto-showrunner-episodios-serie-exito-numero-ideal_5735114_0.html\" title=\"El n\u00famero de episodios que debe tener una serie de \u00e9xito est\u00e1 muy claro seg\u00fan este experto showrunner\" rel=\"nofollow noopener\" target=\"_blank\">su teor\u00eda sobre la cantidad ideal de episodios<\/a> a la segunda temporada de su serie basada en los personajes de <b>Charles Addams, <\/b>uno de los mayores \u00e9xitos de <b>Netflix. <\/b>As\u00ed, esta raci\u00f3n de aventuras fant\u00e1sticas para la hija de los Addams interpretada por <b>Jenna Ortega<\/b> se compone de <b>ocho episodios, <\/b>que la plataforma ha dividido en dos bloques de cuatro.<\/p>\n<p class=\"c-paragraph\">La <b>conclusi\u00f3n del segundo bloque <\/b>nos deja el camino pavimentado para la futura tercera temporada <a href=\"https:\/\/www.20minutos.es\/cinemania\/series\/netflix-miercoles-renueva-tercera-temporada-jenna-ortega-5733923\/\" title=\"Netflix renueva &#039;Mi\u00e9rcoles&#039; para una tercera temporada con Jenna Ortega antes de que la segunda arrase\" rel=\"nofollow noopener\" target=\"_blank\">(ya confirmada),<\/a> pero casi podr\u00edamos decir que cualquiera de estos cuatro episodios finales podr\u00edan haber sido una conclusi\u00f3n a la altura de la serie, pues se esmeran en ir <b>cerrando todas las (\u00bfdemasiadas?) subtramas <\/b>que el primer bloque hab\u00eda planteado.<\/p>\n<p class=\"c-paragraph\">Sobre todo los dos \u00faltimos, dirigidos de nuevo por <b>Tim Burton, <\/b>que desata su estilo para pegarnos un ba\u00f1o el\u00e9ctrico de referencias al terror g\u00f3tico y muy concretamente al <b>James Whale <\/b>de <b>La novia de Frankenstein (1935)<\/b> con todo lo relacionado con el plan de<b> Isaac Night (Owen Painter). <\/b>Pero vayamos por partes, desgranando todo lo que sabemos al t\u00e9rmino de la temporada 2.<\/p>\n<p>\u00bfEn qu\u00e9 consiste el plan de Isaac?<\/p>\n<p class=\"c-paragraph\">Una de las revelaciones m\u00e1s interesantes de estos episodios es que el zombie Slurp, el muerto viviente rescatado por Pugsley, <b>un antiguo estudiante de Nevermore llamado Isaac Night,<\/b> era compa\u00f1ero de estudios de <b>Gomez Addams (Luis Guzm\u00e1n). <\/b>Este brillante estudiante construy\u00f3 una m\u00e1quina con la intenci\u00f3n de salvar a su hermana <b>Fran\u00e7oise (Frances O&#8217;Connor),<\/b> curando su naturaleza Hyde para que pudiera llevar una vida normal.<\/p>\n<p class=\"c-paragraph\">La m\u00e1quina necesitaba una enorme cantidad de energ\u00eda el\u00e9ctrica para funcionar que solo pod\u00eda suministrarle su amigo Gomez, quien a\u00fan ten\u00eda los mismos poderes que Pugsley desarroll\u00f3 con la pubertad. <b>La intenci\u00f3n oculta de de Isaac era sacrificar a Gomez en el proceso pero una joven Morticia lo impidi\u00f3, <\/b>causando la explosi\u00f3n de la m\u00e1quina y la (aparente) muerte de su inventor. Pasaron los a\u00f1os, <b>Fran\u00e7oise fue la madre de Tyler (Hunter Doohan), <\/b>que hered\u00f3 sus poderes de Hyde, y acab\u00f3 recluida en Willow Hill.<\/p>\n<p class=\"c-paragraph\">Una vez desmantelado el programa secreto del sanatorio (LOIS), con Fran\u00e7oise y Tyler fugados e Isaac habiendo recuperado su forma humana, el plan consiste en <b>reconstruir la m\u00e1quina para emplearla con Tyler<\/b> (aunque \u00e9l cre\u00eda que la idea era mantener con vida a su madre enferma). El caso es que, como en el pasado, <b>Isaac\u00a0necesita una gran fuente de energ\u00eda que, de nuevo, planea obtener del sacrificio de un Addams:<\/b> con la intenci\u00f3n de emplear sus poderes, secuestran a<b> Pugsley (Isaac Ordonez).<\/b><\/p>\n<p>\u00bfQu\u00e9 pasa con Tyler?<\/p>\n<p class=\"c-paragraph\">Tyler no se toma muy bien la traici\u00f3n de su t\u00edo (no solo<b> le quiere arrebatar parte de su naturaleza al eliminar la mitad Hyde,<\/b> sino que no est\u00e1 haciendo nada por salvar a su madre), que lo ata a la camilla de la torre para aplicarle el tratamiento el\u00e9ctrico. Entonces, llegan Mi\u00e9rcoles y sus padres dispuestos a salvar a Pugsley.\u00a0<\/p>\n<p class=\"c-paragraph\"><b>Mi\u00e9rcoles libera a Tyler, <\/b>que\u00a0 se transforma en Hyde y comienza a destruir la m\u00e1quina de Isaac. Fran\u00e7oise tambi\u00e9n se transforma en su versi\u00f3n Hyde, luchan una contra otro sobre el tejado de la torre y <b>ella acaba cayendo hacia su muerte, <\/b>aterrizando sobre la estatua del patio de Nevermore. Tras proferir un desconsolado grito de dolor, el monstruo de Tyler se pierde en la penumbra de la noche.<\/p>\n<p class=\"c-paragraph\">Al final del episodio, ante la tumba de su madre, Tyler es contactado por <b>Capri (Billie Piper).<\/b> La profesora de m\u00fasica de Nevermore confiesa que su padre era un Hyde, y <b>ofrece a Tyler la posibilidad de llevar una vida tranquila conservando sus poderes,<\/b> sin transformaciones y sin responder a amos vali\u00e9ndose de una especie de red de apoyo entre Hydes.<\/p>\n<p>El origen de Cosa<\/p>\n<p class=\"c-paragraph\">A\u00fan queda Isaac. El renegado cient\u00edfico amenaza con romper el cuello de Mi\u00e9rcoles empleando sus poderes telequin\u00e9ticos, pero no lo consigue porque su propia mano se vuelve contra \u00e9l. De hecho,<b> le arranca el coraz\u00f3n mec\u00e1nico que lo hab\u00eda con vida durante todos estos a\u00f1os <\/b>y, en ese momento, su cuerpo inerte cae desplomado sobre el suelo.<\/p>\n<p class=\"c-paragraph\">\u00bfTodo el cuerpo? No, porque ah\u00ed est\u00e1 Cosa. Unas cuantas escenas antes hab\u00edamos descubierto que la fiel y atenta<b> Cosa hab\u00eda sido la mano de Isaac. <\/b>Resulta que Morticia se la amput\u00f3 con la explosi\u00f3n de la m\u00e1quina cuando desbarat\u00f3 su plan en el pasado y, desde entonces, Cosa (Thing en ingl\u00e9s, un anagrama de Night, el apellido de Isaac) <b>pas\u00f3 a formar parte de la familia Addams<\/b> como un ente aut\u00f3nomo.<\/p>\n<p class=\"c-paragraph\">Aunque Isaac cre\u00eda haberla recuperado al volver a coserla a su cuerpo, en el momento de la verdad <b>Cosa demuestra que su lealtad est\u00e1 con los Addams<\/b> y no solo se niega a hacer da\u00f1o a Mi\u00e9rcoles, sino que <b>se rebela contra el resto de su antiguo cuerpo <\/b>y mata a Isaac arranc\u00e1ndole el coraz\u00f3n mec\u00e1nico. La temporada termina con esta resolutiva mano amputada decidida a emprender un nuevo viaje de autoconocimiento.<\/p>\n<p>A la b\u00fasqueda de Enid<\/p>\n<p class=\"c-paragraph\">Llegado el final del curso, y habiendo salvado el pellejo, los Addams se disponen a volver a casa pero Mi\u00e9rcoles comunica a sus padres que no ir\u00e1 con ellos. Ha llamado a su t\u00edo<b> F\u00e9tido (Fred Armisen),<\/b> que llega en moto con sidecar, para embarcarse ambos en una nueva aventura: <b>ir a la b\u00fasqueda de Enid (Emma Myers).\u00a0<\/b><\/p>\n<p class=\"c-paragraph\">La estudiante m\u00e1s alegre y pizpireta de Nevermore claudic\u00f3 ante su naturaleza lic\u00e1ntropa y se transform\u00f3 en lobo gigante,<b> asumiendo su condici\u00f3n de Alfa <\/b>para salvar a su amiga Mi\u00e9rcoles cuando estaba enterrada. Despu\u00e9s huy\u00f3 al norte y para encontrarla solo disponen de una foto borrosa suya entre \u00e1rboles. En la tercera temporada sabremos si lleguen a encontrarla, <b>pero ese no es el misterio m\u00e1s grande que queda pendiente, sino&#8230;<\/b><\/p>\n<p>\u00bfQui\u00e9n es la t\u00eda Ofelia?<\/p>\n<p class=\"c-paragraph\">La<b> t\u00eda Ofelia, la hermana de Morticia,<\/b> es uno de los personajes m\u00e1s enigm\u00e1ticos de Mi\u00e9rcoles, del que todav\u00eda nos queda por saber casi todo y claramente <b>ser\u00e1 uno de los ejes centrales de la pr\u00f3xima temporada.<\/b>\u00a0<\/p>\n<p class=\"c-paragraph\">Por lo pronto, Mi\u00e9rcoles ha recibido de manos de su madre el diario de su t\u00eda, esa a quien Morticia siempre ha lamentado que su hija se parezca tanto, y mientras hojea sus p\u00e1ginas recibe unas <b>visiones en forma de flashazos de Ofelia de espaldas<\/b> (seguramente su actriz definitiva sea un fichaje guardado como as bajo la manga para la tercera temporada).<\/p>\n<p class=\"c-paragraph\">Aunque de<b> <\/b><a href=\"https:\/\/www.20minutos.es\/cinemania\/series\/miercoles-tia-ofelia-addams-existio-invencion-serie_6235988_0.html\" title=\"&#039;Mi\u00e9rcoles 2&#039;: \u00bfla t\u00eda Ofelia Addams existi\u00f3 realmente o el personaje es una invenci\u00f3n de la serie de Netflix?\" rel=\"nofollow noopener\" target=\"_blank\"><b>Ofelia Frump<\/b> (el apellido de la familia de Morticia)<\/a> hasta ahora en la serie se nos hab\u00eda dicho que estaba \u00abdesaparecida\u00bb, al acabar el episodio vemos exactamente d\u00f3nde se encuentra. Ofelia est\u00e1\u00a0<b><b>en el s\u00f3tano de la mansi\u00f3n de la abuela Hester (Joanna Lumley),<\/b><\/b>\u00a0visiblemente desquiciada, y pintarrajeando en una pared el mensaje:\u00a0<b><b>\u00abMi\u00e9rcoles debe morir\u00bb.<\/b><\/b>\u00a0Vaya.\u00a0<\/p>\n","protected":false},"excerpt":{"rendered":"[Este art\u00edculo contiene SPOILERS de &#8216;MI\u00c9RCOLES&#8217; temporada 2] Alfred Gough y\u00a0Miles Millar, los creadores y showrunners de\u00a0Mi\u00e9rcoles, han&hellip;\n","protected":false},"author":2,"featured_media":92617,"comment_status":"","ping_status":"","sticky":false,"template":"","format":"standard","meta":{"footnotes":""},"categories":[171],"tags":[10903,146,147,25,24,21041,1058,295,23,1152,214],"class_list":{"0":"post-92616","1":"post","2":"type-post","3":"status-publish","4":"format-standard","5":"has-post-thumbnail","7":"category-tv","8":"tag-10903","9":"tag-entertainment","10":"tag-entretenimiento","11":"tag-es","12":"tag-espana","13":"tag-explicado","14":"tag-final","15":"tag-miercoles","16":"tag-spain","17":"tag-temporada","18":"tag-tv"},"share_on_mastodon":{"url":"","error":""},"_links":{"self":[{"href":"https:\/\/www.europesays.com\/es\/wp-json\/wp\/v2\/posts\/92616","targetHints":{"allow":["GET"]}}],"collection":[{"href":"https:\/\/www.europesays.com\/es\/wp-json\/wp\/v2\/posts"}],"about":[{"href":"https:\/\/www.europesays.com\/es\/wp-json\/wp\/v2\/types\/post"}],"author":[{"embeddable":true,"href":"https:\/\/www.europesays.com\/es\/wp-json\/wp\/v2\/users\/2"}],"replies":[{"embeddable":true,"href":"https:\/\/www.europesays.com\/es\/wp-json\/wp\/v2\/comments?post=92616"}],"version-history":[{"count":0,"href":"https:\/\/www.europesays.com\/es\/wp-json\/wp\/v2\/posts\/92616\/revisions"}],"wp:featuredmedia":[{"embeddable":true,"href":"https:\/\/www.europesays.com\/es\/wp-json\/wp\/v2\/media\/92617"}],"wp:attachment":[{"href":"https:\/\/www.europesays.com\/es\/wp-json\/wp\/v2\/media?parent=92616"}],"wp:term":[{"taxonomy":"category","embeddable":true,"href":"https:\/\/www.europesays.com\/es\/wp-json\/wp\/v2\/categories?post=92616"},{"taxonomy":"post_tag","embeddable":true,"href":"https:\/\/www.europesays.com\/es\/wp-json\/wp\/v2\/tags?post=92616"}],"curies":[{"name":"wp","href":"https:\/\/api.w.org\/{rel}","templated":true}]}}