{"id":92620,"date":"2025-09-04T10:35:19","date_gmt":"2025-09-04T10:35:19","guid":{"rendered":"https:\/\/www.europesays.com\/es\/92620\/"},"modified":"2025-09-04T10:35:19","modified_gmt":"2025-09-04T10:35:19","slug":"la-taiwanesa-lin-yu-ting-fuera-del-mundial-de-boxeo-tras-someterse-a-los-test-de-feminidad","status":"publish","type":"post","link":"https:\/\/www.europesays.com\/es\/92620\/","title":{"rendered":"La taiwanesa Lin Yu-ting, fuera del Mundial de boxeo tras someterse a los test de feminidad"},"content":{"rendered":"<p><img decoding=\"async\" class=\"voc-author__img\" src=\"https:\/\/www.europesays.com\/es\/wp-content\/uploads\/2025\/09\/autor-1395-foto-9.jpeg\" alt=\"Miguel Zarza\"\/><\/p>\n<p class=\"voc-p\" style=\"\">No cesa la controversia por la nueva reglamentaci\u00f3n de &#8216;World Boxing&#8217;, la federaci\u00f3n internacional de boxeo, que obliga a los deportistas a someterse a <strong>un test de feminidad antes de poder participar en sus diferentes competiciones<\/strong>. Si el pasado d\u00eda 1 se conoc\u00eda que <a href=\"https:\/\/www.abc.es\/deportes\/boxeadora-hiperandrogina-imane-khelif-presenta-frente-tas-20250901180735-nt.html\" target=\"_self\" data-voc-vtm-id=\"in-text-traffic\" title=\"la p\u00fagil argelina Imane Khelif, campeona ol\u00edmpica en Par\u00eds 2024\" rel=\"nofollow noopener\">la p\u00fagil argelina Imane Khelif, campeona ol\u00edmpica en Par\u00eds 2024<\/a>, hab\u00eda abierto de forma oficial la batalla judicial contra estas pruebas, llev\u00e1ndolas ante la justicia deportiva, este martes se conoci\u00f3 que la taiwanesa Lin Yu-ting, tambi\u00e9n campeona en la cita parisina, no participar\u00e1 en el Mundial de boxeo (del 4 al 14 de septiembre) pese a haberse sometido al pol\u00e9mico test.<\/p>\n<p class=\"voc-p\" style=\"\">La p\u00fagil de 29 a\u00f1os, cuyo g\u00e9nero se puso en duda en los \u00faltimos Juegos Ol\u00edmpicos, donde gan\u00f3 el oro en su categor\u00eda, no participar\u00e1 en la cita mundialista pese a que <strong>su entrenador Tseng Tzu-chiang asegura que se someti\u00f3 al test de feminidad<\/strong> impuesto por las autoridades.<\/p>\n<p class=\"voc-p\" style=\"\">Seg\u00fan la nueva pol\u00edtica de &#8216;World Boxing&#8217;, las deportistas de m\u00e1s de 18 a\u00f1os deben someterse a <strong>un test gen\u00e9tico PCR para determinar su sexo de nacimiento<\/strong> y poder competir en la categor\u00eda femenina.<\/p>\n<p class=\"voc-p\" style=\"\">La federaci\u00f3n taiwanesa asegur\u00f3 haber transmitido los resultados de ese test a &#8216;World Boxing&#8217;, pero explic\u00f3 que <strong>no ha recibido ninguna respuesta del ente rector de este deporte a nivel mundial<\/strong>, inform\u00f3 el lunes por la noche la agencia de prensa taiwanesa Central News Agency.<\/p>\n<p class=\"voc-p\" style=\"\">\u00abLin no participar\u00e1 en el Mundial\u00bb que comenzar\u00e1 en unos d\u00edas en Liverpool, confirm\u00f3 a la agencia AFP la federaci\u00f3n taiwanesa, que argument\u00f3 que no puede \u00abautorizar a la deportista a viajar al Reino Unido sin garant\u00edas\u00bb de que vaya a poder competir.<\/p>\n<p class=\"voc-p\" style=\"\">En los Juegos Ol\u00edmpicos de Par\u00eds 2025, celebrados hace ya un a\u00f1o, Lin Yu-ting y <a href=\"https:\/\/www.abc.es\/deportes\/imane-khelif-boxeadora-hiperandrogina-retira-20250820162916-nt.html\" target=\"_self\" data-voc-vtm-id=\"in-text-traffic\" title=\"la boxeadora argelina de 26 a\u00f1os Imane Khelif\" rel=\"nofollow noopener\">la boxeadora argelina de 26 a\u00f1os Imane Khelif<\/a>, ambas campeonas ol\u00edmpicas en sus respectivas categor\u00edas, fueron el foco de una intensa pol\u00e9mica por su participaci\u00f3n en los torneos femeninos, y sufrieron un sinf\u00edn de ataques poniendo en duda su feminidad y la conveniencia de que compitieran contra mujeres.<\/p>\n<p class=\"voc-p\" style=\"\">Ya en el a\u00f1o 2023 ambas boxeadoras fueron excluidas del Mundial por la Asociaci\u00f3n Internacional de Boxeo Amateur (AIBA) tras no superar un test de feminidad, pero el Comit\u00e9 Ol\u00edmpico Internacional (COI) las autoriz\u00f3 a competir en los Juegos de Par\u00eds al considerar que eran v\u00edctimas de \u00abuna decisi\u00f3n precipitada y arbitraria\u00bb.<\/p>\n<p class=\"voc-p\" style=\"\">Este lunes, el Tribunal Arbitral del Deporte (TAS) inform\u00f3 que <a href=\"https:\/\/www.abc.es\/deportes\/boxeadora-hiperandrogina-imane-khelif-presenta-frente-tas-20250901180735-nt.html\" target=\"_self\" data-voc-vtm-id=\"in-text-traffic\" title=\"Khelif present\u00f3 el pasado 5 de agosto un recurso\" rel=\"nofollow noopener\">Khelif present\u00f3 el pasado 5 de agosto un recurso<\/a> ante la instituci\u00f3n con sede en Lausana contra la obligatoriedad del test de feminidad. La argelina, campeona ol\u00edmpica en la categor\u00eda -66 kg, solicit\u00f3 la retirada del test obligatorio impuesto por &#8216;World Boxing&#8217;, pidi\u00f3 que se anule la decisi\u00f3n de la federaci\u00f3n internacional que le priv\u00f3 en junio de estar en el torneo de Eindhoven (primera competici\u00f3n sometida a esa nueva reglamentaci\u00f3n) y reclam\u00f3 poder participar en el Mundial de Liverpool  sin tener que someterse a examen alguno.<\/p>\n<p class=\"voc-p\" style=\"\">Esa \u00faltima solicitud no tiene casi ninguna opci\u00f3n de salir adelante porque el TAS no ha concedido una medida cautelar que permita su presencia en el Mundial ni ha puesto fecha a una posible audiencia.<\/p>\n<p>\nDebate abierto\n<\/p>\n<p class=\"voc-p\" style=\"\">Sin embargo su recurso brindar\u00e1 un primer debate judicial sobre el restablecimiento en el deporte mundial (adem\u00e1s del boxeo, el atletismo y la nataci\u00f3n han tomado medidas similares) de test gen\u00e9ticos destinados a determinar el sexo biol\u00f3gico, como ya ocurri\u00f3 en los Juegos Ol\u00edmpicos entre 1968 y 1996.<\/p>\n<p class=\"voc-p\" style=\"\">Mediante un test PCR, se busca abrir el acceso a la categor\u00eda femenina a las mujeres sin \u00abgen SRY\u00bb, situado en el cromosoma Y, indicador de masculinidad. Estas pruebas descartar\u00edan para las competiciones femeninas a las deportistas transg\u00e9nero y tambi\u00e9n a una parte de las que siempre han sido consideradas como de sexo femenino pero que presenten cromosomas XY, es decir, una de las formas de \u00abdiferencias de desarrollo sexual\u00bb o <a href=\"https:\/\/www.abc.es\/sociedad\/intersexuales-imane-khelif-mujer-cromosomas-20240811040742-nt.html\" target=\"_self\" data-voc-vtm-id=\"in-text-traffic\" title=\"intersexualidad\" rel=\"nofollow noopener\">intersexualidad<\/a>.<\/p>\n<p class=\"voc-p\" style=\"\">Despu\u00e9s de los Juegos de Atlanta 1996 el mundo ol\u00edmpico retir\u00f3 los test de feminidad debido a numerosas cr\u00edticas, desde la Asociaci\u00f3n M\u00e9dica Mundial a organizaciones de Derechos Humanos y cient\u00edficas.<\/p>\n<p class=\"voc-p\" style=\"\">\u00abLa determinaci\u00f3n del sexo biol\u00f3gico es mucho m\u00e1s completa\u00bb que la ecuaci\u00f3n \u00abXY = hombre\u00bb, advirti\u00f3 recientemente en la publicaci\u00f3n The Conversation el cient\u00edfico australiano Andrew Sinclair, descubridor del gen SRY en 1990. Adem\u00e1s de los cromosomas, \u00ablas caracter\u00edsticas gon\u00e1dicas, hormonales y sexuales secundarias desempe\u00f1an todas ellas un rol\u00bb, record\u00f3.<\/p>\n<p class=\"voc-p\" style=\"\">Bajo presi\u00f3n ante esta reaparici\u00f3n de los test de feminidad, la nueva presidenta del Comit\u00e9 Ol\u00edmpico Internacional (COI), Kristy Coventry, lanz\u00f3 a finales de junio un grupo de trabajo sobre <a href=\"https:\/\/www.abc.es\/deportes\/sebastian-coe-mundiales-tests-confirmen-compitan-biologicamente-20250720191204-nt.html\" target=\"_self\" data-voc-vtm-id=\"in-text-traffic\" title=\"el acceso a la categor\u00eda femenina\" rel=\"nofollow noopener\">el acceso a la categor\u00eda femenina<\/a>, que deber\u00eda conducir a directivas claras.<\/p>\n<p class=\"voc-p\" style=\"\">Desde finales de 2021, la instancia ol\u00edmpica fijaba a las federaciones internacionales simples recomendaciones y les disuad\u00eda especialmente de \u00abpresuponer\u00bb una ventaja competitiva injusta \u00abdebido a la intersexualidad, la apariencia f\u00edsica o la transidentidad\u00bb de una deportista.<\/p>\n<p>Reportar un error<\/p>\n","protected":false},"excerpt":{"rendered":"No cesa la controversia por la nueva reglamentaci\u00f3n de &#8216;World Boxing&#8217;, la federaci\u00f3n internacional de boxeo, que obliga&hellip;\n","protected":false},"author":2,"featured_media":92621,"comment_status":"","ping_status":"","sticky":false,"template":"","format":"standard","meta":{"footnotes":""},"categories":[93],"tags":[4791,168,25,24,33664,33661,1070,33663,23,167,33660,6313,575,33662],"class_list":{"0":"post-92620","1":"post","2":"type-post","3":"status-publish","4":"format-standard","5":"has-post-thumbnail","7":"category-deportes","8":"tag-boxeo","9":"tag-deportes","10":"tag-es","11":"tag-espana","12":"tag-feminidad","13":"tag-lin","14":"tag-mundial","15":"tag-someterse","16":"tag-spain","17":"tag-sports","18":"tag-taiwanesa","19":"tag-test","20":"tag-tras","21":"tag-yuting"},"share_on_mastodon":{"url":"","error":""},"_links":{"self":[{"href":"https:\/\/www.europesays.com\/es\/wp-json\/wp\/v2\/posts\/92620","targetHints":{"allow":["GET"]}}],"collection":[{"href":"https:\/\/www.europesays.com\/es\/wp-json\/wp\/v2\/posts"}],"about":[{"href":"https:\/\/www.europesays.com\/es\/wp-json\/wp\/v2\/types\/post"}],"author":[{"embeddable":true,"href":"https:\/\/www.europesays.com\/es\/wp-json\/wp\/v2\/users\/2"}],"replies":[{"embeddable":true,"href":"https:\/\/www.europesays.com\/es\/wp-json\/wp\/v2\/comments?post=92620"}],"version-history":[{"count":0,"href":"https:\/\/www.europesays.com\/es\/wp-json\/wp\/v2\/posts\/92620\/revisions"}],"wp:featuredmedia":[{"embeddable":true,"href":"https:\/\/www.europesays.com\/es\/wp-json\/wp\/v2\/media\/92621"}],"wp:attachment":[{"href":"https:\/\/www.europesays.com\/es\/wp-json\/wp\/v2\/media?parent=92620"}],"wp:term":[{"taxonomy":"category","embeddable":true,"href":"https:\/\/www.europesays.com\/es\/wp-json\/wp\/v2\/categories?post=92620"},{"taxonomy":"post_tag","embeddable":true,"href":"https:\/\/www.europesays.com\/es\/wp-json\/wp\/v2\/tags?post=92620"}],"curies":[{"name":"wp","href":"https:\/\/api.w.org\/{rel}","templated":true}]}}