{"id":92624,"date":"2025-09-04T10:41:07","date_gmt":"2025-09-04T10:41:07","guid":{"rendered":"https:\/\/www.europesays.com\/es\/92624\/"},"modified":"2025-09-04T10:41:07","modified_gmt":"2025-09-04T10:41:07","slug":"ryanair-paga-con-canarias-su-conflicto-con-aena","status":"publish","type":"post","link":"https:\/\/www.europesays.com\/es\/92624\/","title":{"rendered":"Ryanair &#8216;paga&#8217; con Canarias su conflicto con Aena"},"content":{"rendered":"<p class=\"voc-author__name\">\nLaura Bautista\n<\/p>\n<p class=\"voc-author__special\">Las Palmas de Gran Canaria<\/p>\n<p>04\/09\/2025<br \/>\n<br \/><strong><br \/>\nActualizado a las 11:21h.<br \/>\n<\/strong><\/p>\n<p class=\"voc-p\" style=\"\">La compa\u00f1\u00eda irlandesa Ryanair ha endurecido su postura dentro del conflicto que mantiene con Aena, despu\u00e9s de que esta anunciase un aumento de un 6,62% las tasas aeroportuarias. En Espa\u00f1a, el cara a cara entre Ryanair y Aena se paga con Canarias, que se lleva el varapalo de la retirada de la aerol\u00ednea del aeropuerto Tenerife Norte y un<strong> recorte de un 10% de  plazas<\/strong> en invierno.<\/p>\n<p class=\"voc-p\" style=\"\">La respuesta de Ryanair se ha materializado en una reducci\u00f3n de su capacidad en los aeropuertos regionales espa\u00f1oles en un 41% (600.000 asientos) y en Canarias en un 10% (400.000). Adem\u00e1s de la base en <strong>Tenerife<\/strong>, tambi\u00e9n se ver\u00e1n afectados los aeropuertos de Fuerteventura, Lanzarote y Gran Canaria donde es la segunda, primera y quinta aerol\u00ednea internacional en volumen de mercado.<\/p>\n<p class=\"voc-p\" style=\"\">Tambi\u00e9n se retirar\u00e1 de Santiago, y reduce su capacidad en Zaragoza (-45%), Santander (-38%), Asturias (-16%) y Vitoria (-2%).<\/p>\n<p class=\"voc-p\" style=\"\">En total, cancela 36 conexiones directas con los aeropuertos regionales y Canarias, con un estimado para toda Espa\u00f1a de una p\u00e9rdida del 16%.<\/p>\n<p class=\"voc-p\" style=\"\">El vicepresidente y consejero de Turismo del Cabildo de Tenerife, Lope Afonso, ha asegurado que <strong>\u00abno parece grave\u00bb<\/strong> para la actividad tur\u00edstica, aunque s\u00ed impactar\u00e1 en la movilidad de los residentes.<\/p>\n<p class=\"voc-p\" style=\"\">Asimismo, ha dicho que a\u00fan es \u00ab<strong>prematuro<\/strong>\u00bb para conocer el alcance real del plan de ajuste de la aerol\u00ednea pero entiende \u00bbno es una p\u00e9rdida de prioridad significativa\u00bb en la campa\u00f1a de invierno, pues la isla tiene consignadas de octubre a marzo algo menos de 130.000.<\/p>\n<p class=\"voc-p\" style=\"\">Por su parte, el presidente del Cabildo de Lanzarote, Oswaldo Betancort, afirma que el efecto real sobre la isla de la reducci\u00f3n de 400.000 plazas de Ryanair en el archipi\u00e9lago para la temporada de invierno es \u00abpr\u00e1cticamente <strong>insignificante<\/strong>, tanto en t\u00e9rminos de vuelos como de conectividad\u00bb.<\/p>\n<p class=\"voc-p\" style=\"\">En su opini\u00f3n, \u00abse trata de una medida de presi\u00f3n que la compa\u00f1\u00eda mantiene hist\u00f3ricamente con el Estado espa\u00f1ol, vinculada a las tasas de Aena y a disputas con organismos de competencia y consumo\u00bb.<\/p>\n<p class=\"voc-p\" style=\"\">El presidente y consejero delegado de Aena, Mauricio Lucena, ha tildado la estrategia de Ryanair como un \u00ab<strong>chantaje<\/strong>\u00bb y le ha restado importancia al &#8216;portazo&#8217; de la compa\u00f1\u00eda, recordando los buenos resultados del sistema aeroportuario espa\u00f1ol, que prev\u00e9 un incremento del 2% en el n\u00famero de llegadas durante la temporada de invierno.<\/p>\n<p class=\"voc-p\" style=\"\">El consejero delegado de Ryanair, Eddie Wilson, ha insistido en que la compa\u00f1\u00eda mantiene \u00abel compromiso\u00bb con Espa\u00f1a pero \u00abno podemos justificar una inversi\u00f3n continuada en aeropuertos cuyo crecimiento se ve bloqueado por tasas excesivas y poco competitivas\u00bb.<\/p>\n<p>Reportar un error<\/p>\n","protected":false},"excerpt":{"rendered":"Laura Bautista Las Palmas de Gran Canaria 04\/09\/2025 Actualizado a las 11:21h. La compa\u00f1\u00eda irlandesa Ryanair ha endurecido&hellip;\n","protected":false},"author":2,"featured_media":92625,"comment_status":"","ping_status":"","sticky":false,"template":"","format":"standard","meta":{"footnotes":""},"categories":[8],"tags":[1162,17,18,1896,32178,25,24,13,14,11,19,20,9,10,15,16,4696,4478,23,12,21,22],"class_list":{"0":"post-92624","1":"post","2":"type-post","3":"status-publish","4":"format-standard","5":"has-post-thumbnail","7":"category-espana","8":"tag-aena","9":"tag-breaking-news","10":"tag-breakingnews","11":"tag-canarias","12":"tag-enfado","13":"tag-es","14":"tag-espana","15":"tag-featured-news","16":"tag-featurednews","17":"tag-headlines","18":"tag-latest-news","19":"tag-latestnews","20":"tag-news","21":"tag-noticias","22":"tag-noticias-destacadas","23":"tag-noticiasdestacadas","24":"tag-paga","25":"tag-ryanair","26":"tag-spain","27":"tag-titulares","28":"tag-ultimas-noticias","29":"tag-ultimasnoticias"},"share_on_mastodon":{"url":"","error":""},"_links":{"self":[{"href":"https:\/\/www.europesays.com\/es\/wp-json\/wp\/v2\/posts\/92624","targetHints":{"allow":["GET"]}}],"collection":[{"href":"https:\/\/www.europesays.com\/es\/wp-json\/wp\/v2\/posts"}],"about":[{"href":"https:\/\/www.europesays.com\/es\/wp-json\/wp\/v2\/types\/post"}],"author":[{"embeddable":true,"href":"https:\/\/www.europesays.com\/es\/wp-json\/wp\/v2\/users\/2"}],"replies":[{"embeddable":true,"href":"https:\/\/www.europesays.com\/es\/wp-json\/wp\/v2\/comments?post=92624"}],"version-history":[{"count":0,"href":"https:\/\/www.europesays.com\/es\/wp-json\/wp\/v2\/posts\/92624\/revisions"}],"wp:featuredmedia":[{"embeddable":true,"href":"https:\/\/www.europesays.com\/es\/wp-json\/wp\/v2\/media\/92625"}],"wp:attachment":[{"href":"https:\/\/www.europesays.com\/es\/wp-json\/wp\/v2\/media?parent=92624"}],"wp:term":[{"taxonomy":"category","embeddable":true,"href":"https:\/\/www.europesays.com\/es\/wp-json\/wp\/v2\/categories?post=92624"},{"taxonomy":"post_tag","embeddable":true,"href":"https:\/\/www.europesays.com\/es\/wp-json\/wp\/v2\/tags?post=92624"}],"curies":[{"name":"wp","href":"https:\/\/api.w.org\/{rel}","templated":true}]}}