{"id":92665,"date":"2025-09-04T11:04:06","date_gmt":"2025-09-04T11:04:06","guid":{"rendered":"https:\/\/www.europesays.com\/es\/92665\/"},"modified":"2025-09-04T11:04:06","modified_gmt":"2025-09-04T11:04:06","slug":"sanchez-obligado-a-anular-el-viaje-a-paris-por-una-averia-en-el-avion-oficial-espana","status":"publish","type":"post","link":"https:\/\/www.europesays.com\/es\/92665\/","title":{"rendered":"S\u00e1nchez, obligado a anular el viaje a Par\u00eds por una aver\u00eda en el avi\u00f3n oficial | Espa\u00f1a"},"content":{"rendered":"<p class=\"\">El presidente del Gobierno, Pedro S\u00e1nchez, se ha visto obligado a volver a Madrid despu\u00e9s de haber iniciado su viaje a Par\u00eds para una cumbre sobre Ucrania por una aver\u00eda en el avi\u00f3n oficial. El presidente participar\u00e1 en el acto por videoconferencia. Los aviones oficiales que usan tanto el presidente como el jefe del Estado y los ministros son muy antiguos y en diversas ocasiones han tenido aver\u00edas que han hecho pensar en una renovaci\u00f3n, pero el coste y la pol\u00e9mica pol\u00edtica que traer\u00eda una decisi\u00f3n as\u00ed han ido retrasando esa decisi\u00f3n.<\/p>\n<p class=\"\">S\u00e1nchez iba a asistir a la reuni\u00f3n de la llamada Coalici\u00f3n de Voluntarios, el grupo de pa\u00edses aliados de Ucrania. El objetivo de la cita, a la que asistir\u00e1 Volodimir Zelenski y que presidir\u00e1n el franc\u00e9s Emmanuel Macron, y en la que tambi\u00e9n estar\u00e1 el primer ministro brit\u00e1nico, Keir Starmer \u2014<a href=\"https:\/\/elpais.com\/espana\/2025-08-04\/sanchez-inaugurara-en-septiembre-un-intenso-curso-internacional-visitando-a-starmer-en-downing-street.html\" rel=\"nofollow noopener\" title=\"https:\/\/elpais.com\/espana\/2025-08-04\/sanchez-inaugurara-en-septiembre-un-intenso-curso-internacional-visitando-a-starmer-en-downing-street.html\" target=\"_blank\">con el que el presidente del Gobierno se vio el mi\u00e9rcoles en Londres<\/a>\u2014, ser\u00e1 hacer un balance sobre las garant\u00edas de seguridad para Kiev tras el incremento de las hostilidades de Rusia de las \u00faltimas semanas. En el encuentro se prev\u00e9 tambi\u00e9n que se debata c\u00f3mo aumentar la presi\u00f3n sobre Mosc\u00fa. El Gobierno trata de minimizar el contratiempo que supone la aver\u00eda del avi\u00f3n oficial, detectada en pleno vuelo, y se\u00f1ala que otros l\u00edderes como Starmer o el propio Donald Trump tambi\u00e9n van a participar por videoconferencia.<\/p>\n<p class=\"\">La cita es importante para S\u00e1nchez porque el presidente espa\u00f1ol qued\u00f3 fuera del \u00faltimo gran encuentro sobre Ucrania, que organiz\u00f3 Trump en Washington. All\u00ed estaban los primeros ministros de todos los grandes pa\u00edses europeos -Alemania, Francia, Reino Unido, Italia- salvo Espa\u00f1a, que fue excluida por Trump despu\u00e9s de su choque con S\u00e1nchez en la cumbre de la OTAN en La Haya, en la que el presidente espa\u00f1ol se plant\u00f3 y rechaz\u00f3 la exigencia de aumentar el gasto en defensa al 5% del PIB, algo que seg\u00fan explic\u00f3 supondr\u00eda fuertes recortes sociales en Espa\u00f1a que \u00e9l rechaza y que adem\u00e1s cree que no son necesarios porque con un 2,1% del PIB se pueden cumplir los objetivos que marca la OTAN. <\/p>\n<p class=\"\">S\u00e1nchez quiere mostrar que s\u00ed participa en citas relevantes en Europa sobre Ucrania como esta de Par\u00eds, y que el hecho de que sea Trump quien le vete no es un dem\u00e9rito sino una demostraci\u00f3n de que el l\u00edder del PSOE tiene una visi\u00f3n del mundo opuesta a la del ultraderechista americano, y est\u00e1 muy convencido de estar en el lado correcto de la historia. Por eso, aunque no haya podido acudir en persona por la aver\u00eda del avi\u00f3n, s\u00ed entrar\u00e1 por videoconferencia. <\/p>\n<p class=\"\">S\u00e1nchez mantendr\u00e1 con normalidad el resto de la agenda, que incluye esta tarde un encuentro protocolario con el fiscal general del Estado, \u00c1lvaro Garc\u00eda, en plena pol\u00e9mica por su participaci\u00f3n ma\u00f1ana en el acto de apertura del a\u00f1o judicial, al que el l\u00edder de la oposici\u00f3n, Alberto N\u00fa\u00f1ez Feij\u00f3o, ha decidido no acudir como gesto de rechazo a la presencia de un fiscal general que est\u00e1 imputado y al borde de sentarse en el banquillo.<\/p>\n","protected":false},"excerpt":{"rendered":"El presidente del Gobierno, Pedro S\u00e1nchez, se ha visto obligado a volver a Madrid despu\u00e9s de haber iniciado&hellip;\n","protected":false},"author":2,"featured_media":92666,"comment_status":"","ping_status":"","sticky":false,"template":"","format":"standard","meta":{"footnotes":""},"categories":[8],"tags":[17,18,25,24,13,14,582,248,11,19,20,9,10,15,16,4759,2959,952,23,12,7081,21,22],"class_list":{"0":"post-92665","1":"post","2":"type-post","3":"status-publish","4":"format-standard","5":"has-post-thumbnail","7":"category-espana","8":"tag-breaking-news","9":"tag-breakingnews","10":"tag-es","11":"tag-espana","12":"tag-featured-news","13":"tag-featurednews","14":"tag-gobierno","15":"tag-gobierno-de-espana","16":"tag-headlines","17":"tag-latest-news","18":"tag-latestnews","19":"tag-news","20":"tag-noticias","21":"tag-noticias-destacadas","22":"tag-noticiasdestacadas","23":"tag-paris","24":"tag-pedro-sanchez","25":"tag-politica","26":"tag-spain","27":"tag-titulares","28":"tag-ucrania","29":"tag-ultimas-noticias","30":"tag-ultimasnoticias"},"share_on_mastodon":{"url":"","error":""},"_links":{"self":[{"href":"https:\/\/www.europesays.com\/es\/wp-json\/wp\/v2\/posts\/92665","targetHints":{"allow":["GET"]}}],"collection":[{"href":"https:\/\/www.europesays.com\/es\/wp-json\/wp\/v2\/posts"}],"about":[{"href":"https:\/\/www.europesays.com\/es\/wp-json\/wp\/v2\/types\/post"}],"author":[{"embeddable":true,"href":"https:\/\/www.europesays.com\/es\/wp-json\/wp\/v2\/users\/2"}],"replies":[{"embeddable":true,"href":"https:\/\/www.europesays.com\/es\/wp-json\/wp\/v2\/comments?post=92665"}],"version-history":[{"count":0,"href":"https:\/\/www.europesays.com\/es\/wp-json\/wp\/v2\/posts\/92665\/revisions"}],"wp:featuredmedia":[{"embeddable":true,"href":"https:\/\/www.europesays.com\/es\/wp-json\/wp\/v2\/media\/92666"}],"wp:attachment":[{"href":"https:\/\/www.europesays.com\/es\/wp-json\/wp\/v2\/media?parent=92665"}],"wp:term":[{"taxonomy":"category","embeddable":true,"href":"https:\/\/www.europesays.com\/es\/wp-json\/wp\/v2\/categories?post=92665"},{"taxonomy":"post_tag","embeddable":true,"href":"https:\/\/www.europesays.com\/es\/wp-json\/wp\/v2\/tags?post=92665"}],"curies":[{"name":"wp","href":"https:\/\/api.w.org\/{rel}","templated":true}]}}