{"id":92681,"date":"2025-09-04T11:15:14","date_gmt":"2025-09-04T11:15:14","guid":{"rendered":"https:\/\/www.europesays.com\/es\/92681\/"},"modified":"2025-09-04T11:15:14","modified_gmt":"2025-09-04T11:15:14","slug":"quien-es-doctor-que-lo-trata","status":"publish","type":"post","link":"https:\/\/www.europesays.com\/es\/92681\/","title":{"rendered":"\u00bfqui\u00e9n es doctor que lo trata?"},"content":{"rendered":"<p id=\"euZQqjAZN5i\" data-wc=\"85\"><strong>\u201cTuve el honor y el placer de conocer al antiguo rey de Espa\u00f1a, Su Majestad Juan Carlos, en mi cl\u00ednica de Abu Dabi\u201d,<\/strong> escribe el doctor Ali Al Belooshi que es un cirujano ortop\u00e9dico de renombre internacional, especializado en la reconstrucci\u00f3n de extremidades inferiores y en cirug\u00eda rob\u00f3tica de rodilla y cadera. En la imagen, el padre de Felipe VI y el fundador del Centro M\u00e9dico Orthocure en Abu Dabi, aparecen sonrientes en una foto inusual, ya que no suelen trascender im\u00e1genes de este tipo.\u00a0<\/p>\n<p> <img src=\"https:\/\/www.europesays.com\/es\/wp-content\/uploads\/2025\/09\/f6c6f6dbb822-68b89ba93dff9.jpg\"   width=\"1024\" height=\"1024\" loading=\"lazy\" decoding=\"async\" alt=\"El rey Juan Carlos I reaparece en una revisi\u00f3n m\u00e9dica en Abu Dabi con el m\u00e9dico Ali Albelooshi\" fetchpriority=\"auto\" class=\"image ho-image\"\/>El rey Juan Carlos I reaparece en Abu Dabi con el m\u00e9dico Ali Albelooshi<br \/>\nUna figura destacada en la medicina ortop\u00e9dica del Golfo<\/p>\n<p id=\"eBO38ddAbW\" data-wc=\"100\">Ali Al Belooshi es un prestigioso cirujano ortop\u00e9dico originario de Emiratos \u00c1rabes Unidos, especializado en cirug\u00eda de cadera y rodilla, con especial \u00e9nfasis en t\u00e9cnicas rob\u00f3ticas avanzadas. Se gradu\u00f3 en el Royal College of Surgeons de Irlanda y complet\u00f3 su residencia en la Universidad de Toronto, donde se form\u00f3 con algunos de los referentes mundiales en reconstrucci\u00f3n articular. Desde 2008, <strong>ha sido pionero en la regi\u00f3n en el uso de cirug\u00eda rob\u00f3tica para reemplazos articulares<\/strong>, con m\u00e1s de 3.000 procedimientos realizados. Es fundador del Centro M\u00e9dico Orthocure en Abu Dabi, donde atiende a pacientes locales e internacionales, incluyendo figuras p\u00fablicas.\u00a0<\/p>\n<p> <img src=\"https:\/\/www.europesays.com\/es\/wp-content\/uploads\/2025\/09\/02b0312af9eb-we-at-orthocure-proudly-celebrate-dr-ali-al-belooshi-for-being-recognized-among.jpg\"   width=\"1080\" height=\"1080\" loading=\"lazy\" decoding=\"async\" alt=\"Dr. Ali Al Belooshi \u2013 Cirujano ortop\u00e9dico de referencia en Emiratos \u00c1rabes Unidos\" fetchpriority=\"auto\" class=\"image ho-image\"\/>\u00a9 Ali Al BelooshiDr. Ali Al Belooshi \u2013 Cirujano ortop\u00e9dico de referencia en Emiratos \u00c1rabes Unidos<\/p>\n<p id=\"ea1afAlxz8\" data-wc=\"69\">Adem\u00e1s de su pr\u00e1ctica cl\u00ednica, es profesor adjunto del Departamento de Cirug\u00eda de la Universidad de los EAU y ocupa cargos como vicepresidente de la Sociedad Ortop\u00e9dica y de Trauma de los Emiratos \u00c1rabes, participa activamente en congresos m\u00e9dicos internacionales. Seg\u00fan la web de su cl\u00ednica, su enfoque combina precisi\u00f3n tecnol\u00f3gica con atenci\u00f3n personalizada, lo que lo ha convertido en una figura destacada en la medicina ortop\u00e9dica del Golfo.<\/p>\n<p> <img src=\"https:\/\/www.europesays.com\/es\/wp-content\/uploads\/2025\/09\/b627ab8b6fe3-dlu585069011.jpg\"   width=\"1080\" height=\"1800\" loading=\"lazy\" decoding=\"async\" alt=\"Esta es una de las im\u00e1genes m\u00e1s recientes tomadas del rey Juan Carlos en nuestro pa\u00eds. Aeropuerto de Vigo el 16 de junio de 2025\" fetchpriority=\"auto\" class=\"image ho-image\"\/>\u00a9 GTRESEsta es una de las im\u00e1genes m\u00e1s recientes tomadas del rey Juan Carlos en nuestro pa\u00eds. Aeropuerto de Vigo el 16 de junio de 2025<br \/>\nUna mala salud de hierro<\/p>\n<p id=\"eLtSwNxCyb\" data-wc=\"129\">La primera vez que el rey Juan Carlos entr\u00f3 en un quir\u00f3fano ten\u00eda solo 10 a\u00f1os (en 1948). Entonces se encontraba internado en un colegio de Suiza cuando empez\u00f3 a sufrir fuertes dolores en los t\u00edmpanos, por los que necesit\u00f3 someterse a una intervenci\u00f3n menor debido a una otitis que le provocaba adem\u00e1s fuertes dolores de cabeza. A partir de all\u00ed, se puede decir que el que fuera soberano hasta el 2014 tuvo algunos accidentes debido a la pr\u00e1ctica de alg\u00fan deporte, sin olvidar que se cas\u00f3 con la reina Sof\u00eda en 1962 con una clav\u00edcula fractura tras sufrir una ca\u00edda en Atenas mientras practicaba judo con el pr\u00edncipe Constantino. En el a\u00f1o 1977, una mala ca\u00edda en el yate Fortuna fue la desencadenante de sus dolores de espalda. \u00a0<\/p>\n<p> <img src=\"https:\/\/www.europesays.com\/es\/wp-content\/uploads\/2025\/09\/03500fdd0f73-dla02011812.jpg\"   width=\"1080\" height=\"1800\" loading=\"lazy\" decoding=\"async\" alt=\"Juan Carlos I con muletas durante un acto oficial junto a la reina Sof\u00eda\" fetchpriority=\"auto\" class=\"image ho-image\"\/>\u00a9 GTRESJuan Carlos I con muletas durante un acto oficial junto a la reina Sof\u00eda<\/p>\n<p id=\"ew5MSdk5pXa\" data-wc=\"186\">El 21 de junio de 1981 don Juan Carlos sufr\u00eda un aparatoso accidente tras un partido de squash, que le volvi\u00f3 a llevar al hospital al sufrir un profundo corte con un cristal en el nervio radial del brazo izquierdo. En 1983, practicando esqu\u00ed en Suiza, uno de sus deportes favoritos, sufri\u00f3 una fractura de pelvis que le llev\u00f3 a pasar primero un mes en la cama y m\u00e1s tarde le oblig\u00f3 a pasar por el quir\u00f3fano en varias ocasiones. Dos a\u00f1os m\u00e1s tarde, el 19 de julio de 1985, le extirparon una fibrosis que se le hab\u00eda formado. Y, en diciembre de 1991, el monarca necesit\u00f3 volver a ser intervenido de una fractura por hundimiento de la meseta tibial, tras sufrir una nueva ca\u00edda en la nieve en Baqueira Beret. Necesit\u00f3 llevar muletas hasta abril del 92. Cuatro a\u00f1os despu\u00e9s (en 1995) volvi\u00f3 a caerse esquiando, esta vez en Candanch\u00fa (Huesca), y le tuvieron que escayolar el brazo derecho. Ese mismo a\u00f1o tuvo el monarca volvi\u00f3 a padecer problemas de en los o\u00eddos y en 2010 la Zarzuela confirm\u00f3 que utilizaba aud\u00edfonos en ambos o\u00eddos.<\/p>\n<p> <img src=\"https:\/\/www.europesays.com\/es\/wp-content\/uploads\/2025\/09\/7ad230b8920f-dlu245257015.jpg\"   width=\"682\" height=\"1024\" loading=\"lazy\" decoding=\"async\" alt=\"Pascua Militar del a\u00f1o 2014, meses antes de su abdicaci\u00f3n&#10;\" fetchpriority=\"auto\" class=\"image ho-image\"\/>\u00a9 GTRESONLINEPascua Militar del a\u00f1o 2014, meses antes de su abdicaci\u00f3n<\/p>\n<p id=\"eDwS85jPyA\" data-wc=\"227\">Desde entonces, hasta 2001, la salud del Rey mejor\u00f3 notablemente, pero en el a\u00f1o 2010 se le extirp\u00f3 un n\u00f3dulo pulmonar, del que finalmente se descart\u00f3 la presencia de c\u00e9lulas malignas. En 2011, \u00abcomo consecuencia de antiguas lesiones producidas en pr\u00e1cticas deportivas\u00bb, Juan Carlos de Borb\u00f3n se someti\u00f3 a una artroplastia para corregir \u00ablos dolores articulares\u00bb de su rodilla derecha; y ese mismo a\u00f1o, tan solo unos meses m\u00e1s tarde, se rompi\u00f3 el tend\u00f3n de Aquiles del pie izquierdo y volvi\u00f3 a ser operado. \u00a0El 14 de abril de 2012 se le implant\u00f3 una pr\u00f3tesis en la cadera derecha, afectada por la artrosis, que se fractur\u00f3 en tres partes tras una ca\u00edda. Dos semanas m\u00e1s tarde volvi\u00f3 a pasar por quir\u00f3fano para corregir una luxaci\u00f3n de esa misma cadera. A finales de a\u00f1o, don Juan Carlos necesitaba ser intervenido nuevamente para realizarse un implante de pr\u00f3tesis en la cadera izquierda. El a\u00f1o 2013 tampoco fue &#8216;bueno&#8217; para la salud del monarca. En marzo era hospitalizado para que se le extirparan dos segmentos herniados de disco situados en la zona lumbo-sacra de la columna vertebral, tras la agudizaci\u00f3n de una hernia que llevaba varios a\u00f1os diagnosticada. La pr\u00f3tesis provoc\u00f3 una infecci\u00f3n por la que necesit\u00f3 ser operado nuevamente meses m\u00e1s tarde. Tambi\u00e9n en 2013 se le implant\u00f3 una pr\u00f3tesis definitiva en un tejido sano de la cadera izquierda.<\/p>\n<p> <img src=\"https:\/\/www.europesays.com\/es\/wp-content\/uploads\/2025\/09\/7a3cb78b67bb-europapress6727309reyjuancarlosembarcando17mayo2025sanxenxoespana.jpg\"   width=\"1024\" height=\"682\" loading=\"lazy\" decoding=\"async\" alt=\" En mayo de 2025 embarcando en Sanxenxo\" fetchpriority=\"auto\" class=\"image ho-image\"\/>\u00a9 Europa Press En mayo de 2025 embarcando en Sanxenxo<\/p>\n<p id=\"eGl0zV3grT\" data-wc=\"160\">Despu\u00e9s de cinco a\u00f1os esquivando el quir\u00f3fano, don Juan Carlos necesitaba ser ingresado una vez m\u00e1s el 7 de abril de 2018 para que le sustituyeran la pr\u00f3tesis que se le implant\u00f3 en la rodilla derecha en 2011 para conseguir una mayor movilidad en la articulaci\u00f3n. En el a\u00f1o 2019 fue sometido a una operaci\u00f3n card\u00edaca en la cl\u00ednica Quir\u00f3n de Madrid, donde se le implantaron tres bypass coronarios. En 2020, se traslad\u00f3 a Abu Dabi, donde ha continuado con revisiones m\u00e9dicas peri\u00f3dicas, especialmente por problemas articulares y de movilidad. Durante sus visitas espor\u00e1dicas a Espa\u00f1a, ha sido atendido por especialistas en nuestro pa\u00eds, como el doctor Eduardo Anitua, que tiene una cl\u00ednica en Vitoria y es compa\u00f1ero de Mikel S\u00e1nchez, traumat\u00f3logo que ha atendido al rey Juan Carlos en alguna de sus m\u00faltiples lesiones. Estos facultativos han sido premiados y reconocidos internacionalmente por su descubrimiento del plasma rico en factores de crecimiento y sus aportaciones a la medicina regenerativa. \u00a0<\/p>\n","protected":false},"excerpt":{"rendered":"\u201cTuve el honor y el placer de conocer al antiguo rey de Espa\u00f1a, Su Majestad Juan Carlos, en&hellip;\n","protected":false},"author":2,"featured_media":92682,"comment_status":"","ping_status":"","sticky":false,"template":"","format":"standard","meta":{"footnotes":""},"categories":[174],"tags":[255,146,147,25,24,256,1027,1029,33671,23],"class_list":{"0":"post-92681","1":"post","2":"type-post","3":"status-publish","4":"format-standard","5":"has-post-thumbnail","7":"category-famosos","8":"tag-celebrities","9":"tag-entertainment","10":"tag-entretenimiento","11":"tag-es","12":"tag-espana","13":"tag-famosos","14":"tag-realeza","15":"tag-realeza-espanola","16":"tag-rey-juan-carlos","17":"tag-spain"},"share_on_mastodon":{"url":"","error":""},"_links":{"self":[{"href":"https:\/\/www.europesays.com\/es\/wp-json\/wp\/v2\/posts\/92681","targetHints":{"allow":["GET"]}}],"collection":[{"href":"https:\/\/www.europesays.com\/es\/wp-json\/wp\/v2\/posts"}],"about":[{"href":"https:\/\/www.europesays.com\/es\/wp-json\/wp\/v2\/types\/post"}],"author":[{"embeddable":true,"href":"https:\/\/www.europesays.com\/es\/wp-json\/wp\/v2\/users\/2"}],"replies":[{"embeddable":true,"href":"https:\/\/www.europesays.com\/es\/wp-json\/wp\/v2\/comments?post=92681"}],"version-history":[{"count":0,"href":"https:\/\/www.europesays.com\/es\/wp-json\/wp\/v2\/posts\/92681\/revisions"}],"wp:featuredmedia":[{"embeddable":true,"href":"https:\/\/www.europesays.com\/es\/wp-json\/wp\/v2\/media\/92682"}],"wp:attachment":[{"href":"https:\/\/www.europesays.com\/es\/wp-json\/wp\/v2\/media?parent=92681"}],"wp:term":[{"taxonomy":"category","embeddable":true,"href":"https:\/\/www.europesays.com\/es\/wp-json\/wp\/v2\/categories?post=92681"},{"taxonomy":"post_tag","embeddable":true,"href":"https:\/\/www.europesays.com\/es\/wp-json\/wp\/v2\/tags?post=92681"}],"curies":[{"name":"wp","href":"https:\/\/api.w.org\/{rel}","templated":true}]}}