{"id":92683,"date":"2025-09-04T11:16:12","date_gmt":"2025-09-04T11:16:12","guid":{"rendered":"https:\/\/www.europesays.com\/es\/92683\/"},"modified":"2025-09-04T11:16:12","modified_gmt":"2025-09-04T11:16:12","slug":"grafitis-propalestinos-tinen-los-escaparates-del-centro-de-sabadell","status":"publish","type":"post","link":"https:\/\/www.europesays.com\/es\/92683\/","title":{"rendered":"Grafitis propalestinos ti\u00f1en los escaparates del centro de Sabadell"},"content":{"rendered":"<p>    Noticias relacionadas<\/p>\n<p class=\"paragraph\" id=\"paragraph_1\">La Rambla de <a href=\"https:\/\/metropoliabierta.elespanol.com\/gran-barcelona\/20250811\/reabre-centro-comercial-via-sabadell-varios-desprendimientos-fachada\/1003742680819_0.html?utm_cmp_rs=linksinline\" target=\"_blank\" rel=\"nofollow noopener\">Sabadell<\/a>, eje comercial de la ciudad, despide este mi\u00e9rcoles con <strong>pintadas propalestinas en dos de sus tiendas m\u00e1s concurridas: Zara y Nespresso<\/strong>.<\/p>\n<p class=\"paragraph\" id=\"paragraph_2\">Los grafitis, de trazo grueso sobre los cristales de los escaparates, lanzan mensajes directos contra las multinacionales: \u201cInditex recolza el genocidi\u201d, \u201cFree Palestine\u201d, \u201cBoicot Nestl\u00e9\u201d y \u201cBoicot Inditex\u201d.<\/p>\n<p><img decoding=\"async\" alt=\"Grafitis en la entrada de la tienda Zara de Sabadell\" data-imgm=\"true\" height=\"180\" loading=\"lazy\"  src=\"https:\/\/www.europesays.com\/es\/wp-content\/uploads\/2025\/09\/1003742686152_15096944_1024x576.jpg\"  width=\"320\"\/><\/p>\n<p>                                                            Grafitis en la entrada de la tienda Zara de Sabadell<\/p>\n<p>                    GALA ESP\u00cdN<\/p>\n<p class=\"paragraph\" id=\"paragraph_3\">El ataque ha tenido lugar en pleno coraz\u00f3n de la ciudad y a escasos metros de distancia entre un comercio y otro, lo que ha convertido la acci\u00f3n en un <strong>golpe visual para los transe\u00fantes de la Rambla<\/strong>.<\/p>\n<p class=\"paragraph\" id=\"paragraph_4\">Seg\u00fan ha podido comprobar este medio, <strong>los <a href=\"https:\/\/metropoliabierta.elespanol.com\/gran-barcelona\/20250714\/policia-sabadell-minimos-conflicto-abierto-ayuntamiento\/1003742673696_0.html?utm_cmp_rs=linksinline\" target=\"_blank\" rel=\"nofollow noopener\">Mossos d\u2019Esquadra<\/a> se han desplazado por la tarde para inspeccionar los hechos<\/strong>. Por ahora no han trascendido datos sobre los autores, posibles denuncias o el alcance de los da\u00f1os materiales.<\/p>\n<p><img decoding=\"async\" alt=\"Pintadas en el centro de Sabadell\" data-imgm=\"true\" height=\"180\" loading=\"lazy\"  src=\"https:\/\/www.europesays.com\/es\/wp-content\/uploads\/2025\/09\/1003742686154_15096973_1024x576.jpg\"  width=\"320\"\/><\/p>\n<p>                                                            Pintadas en el centro de Sabadell<\/p>\n<p>                    GALA ESP\u00cdN<\/p>\n<p>Contexto de protesta<\/p>\n<p class=\"paragraph\" id=\"paragraph_5\">Las consignas plasmadas en los escaparates forman parte de los <strong>mensajes habituales en las campa\u00f1as internacionales de boicot a grandes multinacionales en el marco del conflicto en Palestina<\/strong>.<\/p>\n<p class=\"paragraph\" id=\"paragraph_6\">En este caso, los dardos se han dirigido espec\u00edficamente a Inditex \u2014propietaria de Zara\u2014 y a Nestl\u00e9, matriz de Nespresso.<\/p>\n","protected":false},"excerpt":{"rendered":"Noticias relacionadas La Rambla de Sabadell, eje comercial de la ciudad, despide este mi\u00e9rcoles con pintadas propalestinas en&hellip;\n","protected":false},"author":2,"featured_media":92684,"comment_status":"","ping_status":"","sticky":false,"template":"","format":"standard","meta":{"footnotes":""},"categories":[173],"tags":[229,233,231,230,232,234,146,147,25,24,33672,33673,1457,23],"class_list":{"0":"post-92683","1":"post","2":"type-post","3":"status-publish","4":"format-standard","5":"has-post-thumbnail","7":"category-arte-y-diseno","8":"tag-arte","9":"tag-arte-y-diseno","10":"tag-arts","11":"tag-arts-and-design","12":"tag-design","13":"tag-diseno","14":"tag-entertainment","15":"tag-entretenimiento","16":"tag-es","17":"tag-espana","18":"tag-grafiteros-barcelona","19":"tag-gran-barcelona","20":"tag-sabadell","21":"tag-spain"},"share_on_mastodon":{"url":"","error":""},"_links":{"self":[{"href":"https:\/\/www.europesays.com\/es\/wp-json\/wp\/v2\/posts\/92683","targetHints":{"allow":["GET"]}}],"collection":[{"href":"https:\/\/www.europesays.com\/es\/wp-json\/wp\/v2\/posts"}],"about":[{"href":"https:\/\/www.europesays.com\/es\/wp-json\/wp\/v2\/types\/post"}],"author":[{"embeddable":true,"href":"https:\/\/www.europesays.com\/es\/wp-json\/wp\/v2\/users\/2"}],"replies":[{"embeddable":true,"href":"https:\/\/www.europesays.com\/es\/wp-json\/wp\/v2\/comments?post=92683"}],"version-history":[{"count":0,"href":"https:\/\/www.europesays.com\/es\/wp-json\/wp\/v2\/posts\/92683\/revisions"}],"wp:featuredmedia":[{"embeddable":true,"href":"https:\/\/www.europesays.com\/es\/wp-json\/wp\/v2\/media\/92684"}],"wp:attachment":[{"href":"https:\/\/www.europesays.com\/es\/wp-json\/wp\/v2\/media?parent=92683"}],"wp:term":[{"taxonomy":"category","embeddable":true,"href":"https:\/\/www.europesays.com\/es\/wp-json\/wp\/v2\/categories?post=92683"},{"taxonomy":"post_tag","embeddable":true,"href":"https:\/\/www.europesays.com\/es\/wp-json\/wp\/v2\/tags?post=92683"}],"curies":[{"name":"wp","href":"https:\/\/api.w.org\/{rel}","templated":true}]}}