{"id":92691,"date":"2025-09-04T11:21:06","date_gmt":"2025-09-04T11:21:06","guid":{"rendered":"https:\/\/www.europesays.com\/es\/92691\/"},"modified":"2025-09-04T11:21:06","modified_gmt":"2025-09-04T11:21:06","slug":"sylvan-adams-el-millonario-canadiense-y-amigo-de-netanyahu-al-que-senalan-las-protestas-contra-israel-en-la-vuelta-a-espana-ciclismo-deportes","status":"publish","type":"post","link":"https:\/\/www.europesays.com\/es\/92691\/","title":{"rendered":"Sylvan Adams, el millonario canadiense y amigo de Netanyahu al que se\u00f1alan las protestas contra Israel en la Vuelta a Espa\u00f1a | Ciclismo | Deportes"},"content":{"rendered":"<p class=\"\">Marcel Abramovich, jud\u00edo y rumano de nacimiento, sobrevivi\u00f3 a los campos de trabajo del Holocausto durante la Segunda Guerra Mundial. Se instal\u00f3 en Palestina, entonces bajo mandato brit\u00e1nico, pero tard\u00f3 poco en emigrar a Francia y despu\u00e9s a Quebec (Canad\u00e1), donde, al fin, acabar\u00eda instal\u00e1ndose sobre los a\u00f1os 50. Comenz\u00f3 a trabajar en la industria del cuero y como su apellido era muy largo y complicado para las conferencias internacionales, su jefe le pidi\u00f3 que se lo cambiara. Por lo que desde entonces fue Marcel Adams y comenz\u00f3 a invertir en bienes ra\u00edces locales para acabar con un imperio de desarrollo inmobiliario, Iberville Developments. <\/p>\n<p class=\"\">Un hombre hecho a s\u00ed mismo que tuvo un hijo, Sylvan. Ese descendiente decidi\u00f3 instalarse en Israel tras vender la empresa familiar. Sionista, multimillonario y parte activa del establishment jud\u00edo es amigo \u00edntimo del primer ministro de ese pa\u00eds, Benjamin Netanyahu. Adams act\u00faa tambi\u00e9n como instrumento para el sportwashsing -el lavado de imagen a trav\u00e9s del deporte- y lo hace con su equipo Israel Premier-Tech de ciclismo, la disciplina que hace tiempo se convirti\u00f3 en su pasi\u00f3n. Aunque eso haya hecho que en la Vuelta las protestas por la ofensiva israel\u00ed en Gaza y en favor de Palestina se hayan multiplicado, hasta el punto de que este mi\u00e9rcoles <a href=\"https:\/\/elpais.com\/deportes\/ciclismo\/2025-09-03\/palestina-gana-la-etapa-de-la-vuelta-a-espana.html\" target=\"_blank\" rel=\"noreferrer nofollow noopener\" title=\"https:\/\/elpais.com\/deportes\/ciclismo\/2025-09-03\/palestina-gana-la-etapa-de-la-vuelta-a-espana.html\">no se pudo terminar una etapa por la inseguridad de los ciclistas<\/a>, lo que llev\u00f3 al pelot\u00f3n y la organizaci\u00f3n a solicitar al equipo que abandone la competici\u00f3n para completar la edici\u00f3n sin m\u00e1s altercados.<\/p>\n<p class=\"\">En un invierno de hace diez a\u00f1os, Adams, religioso y preocupado por su aliy\u00e1 (emigraci\u00f3n a Israel), le pregunt\u00f3 a su esposa: \u201c\u00bfQu\u00e9 te parecer\u00eda mudarnos a Tel Aviv?\u201d. Ella no titube\u00f3: \u201cSiempre cre\u00ed que acabar\u00edamos nuestra vida all\u00e1. \u00a1V\u00e1monos!\u201d. A los pocos d\u00edas, se establecieron en el pa\u00eds y Adams aprendi\u00f3 hebreo para comenzar a tejer su red de contactos tanto en el mundo empresarial como deportivo, siempre al nivel m\u00e1s alto del pa\u00eds. <\/p>\n<p class=\"\">El millonario se mostr\u00f3 luego h\u00e1bil para seguir facturando con su empresa Premier-Tech, que ofrece soluciones sostenibles como depurar las aguas residuales, recolectar agua de lluvia, almacenar y transportar diferentes l\u00edquidos y transformar los desechos org\u00e1nicos en recursos valiosos. Tambi\u00e9n adquiri\u00f3 notoriedad internacional al convertirse en el presidente del Consejo Jud\u00edo Mundial, una de las mayores organizaciones jud\u00edas <a href=\"https:\/\/elpais.com\/deportes\/ciclismo\/2025-09-03\/no-le-demos-la-vuelta-al-genocidio-israeli.html\" target=\"_blank\" rel=\"noreferrer nofollow noopener\" title=\"https:\/\/elpais.com\/deportes\/ciclismo\/2025-09-03\/no-le-demos-la-vuelta-al-genocidio-israeli.html\">y sionistas del mundo<\/a>. Eso y sus m\u00faltiples aportaciones filantr\u00f3picas -es uno de los 100 mayores fil\u00e1ntropos del mundo, seg\u00fan la revista TIME- le acercaron a Netanyahu, con el que comparte el proyecto de cambiar la imagen de Israel para presentarlo como un Estado democr\u00e1tico y garante de los derechos humanos \u2212as\u00ed lo defienden ellos\u2212 por la v\u00eda de lavar su imagen a trav\u00e9s del deporte. <\/p>\n<p>M\u00e1s informaci\u00f3n<\/p>\n<p class=\"\">En 2014, el empresario israel\u00ed Ron Baron y el ex ciclista Ran Margaliot sentaron las bases de la Academia Ciclista de Israel, que ten\u00eda la visi\u00f3n de generar oportunidades a los corredores j\u00f3venes del pa\u00eds. Renombrado despu\u00e9s el equipo como Israel Cycling Academy y m\u00e1s adelante como Israel Start-up, la formaci\u00f3n cogi\u00f3 relevo en 2015 cuando Adams se involucr\u00f3 \u2013cre\u00f3 el primer instituto de excelencia del deporte en Israel, el Sylvan Adams Cycling Network- . Con los a\u00f1os, cuando el empresario uni\u00f3 su empresa con el equipo, ya en 2020, <a href=\"https:\/\/elpais.com\/deportes\/ciclismo\/2025-09-03\/solo-la-uci-puede-descalificar-al-israel-premier-tech-de-la-vuelta.html\" target=\"_blank\" rel=\"noreferrer nofollow noopener\" title=\"https:\/\/elpais.com\/deportes\/ciclismo\/2025-09-03\/solo-la-uci-puede-descalificar-al-israel-premier-tech-de-la-vuelta.html\">el conjunto dio el salto del Pro Continental a World Tour<\/a> al absorber la estructura y la licencia del equipo ruso Katusha-Alpecin. Y si bien Israel Premier-Tech es un equipo privado y no financiado directamente por el Gobierno israel\u00ed, s\u00ed que percibe una cantidad aportada por el Ministerio de Turismo del pa\u00eds.<\/p>\n<p class=\"\">Su compromiso con la promoci\u00f3n de la imagen de Israel se evidenci\u00f3 pronto, cuando Adams logr\u00f3 con una gran aportaci\u00f3n de dinero que el Giro de 2018 empezar\u00e1 en ese pa\u00eds bajo el lema De Jerusal\u00e9n a Roma. Desde entonces, ha estado en el punto de mira por blanquear las violaciones de derechos humanos de ese Estado mediante el deporte, como sucede con pa\u00edses \u00e1rabes de Oriente Pr\u00f3ximo con el f\u00fatbol, por ejemplo.<a href=\"https:\/\/elpais.com\/deportes\/ciclismo\/2025-09-02\/la-estrategia-del-uae-el-equipo-a-de-la-vuelta.html\" target=\"_blank\" rel=\"noreferrer nofollow noopener\" title=\"https:\/\/elpais.com\/deportes\/ciclismo\/2025-09-02\/la-estrategia-del-uae-el-equipo-a-de-la-vuelta.html\"> O, sin ir m\u00e1s lejos, el UAE<\/a>, Bahrain-Victorious y el Astana, que representan a estados se\u00f1alados de forma reiterada por organismos internacionales por sus abusos. <\/p>\n<p class=\"\">Adams, en cualquier caso, comparte la idea expansiva de Netanyahu y tambi\u00e9n don\u00f3 dinero para promocionar a Israel, como la actuaci\u00f3n de Madonna en el Festival de Eurovisi\u00f3n de 2019 celebrado en Tel Aviv, o el amistoso disputado ese a\u00f1o en la ciudad entre las selecciones de f\u00fatbol de Argentina y Uruguay en el que jug\u00f3 Leo Messi. Del mismo modo, tambi\u00e9n ha hecho donaciones para las instituciones sanitarias y acad\u00e9micas, como los 100 millones de d\u00f3lares que entreg\u00f3 a la Universidad Ben-Guri\u00f3n despu\u00e9s de los ataques de Ham\u00e1s del 7 de octubre de 2023. \u201cEsta importante inversi\u00f3n le dice a todo el mundo, a nuestros vecinos y a quienes nos ven desde el extranjero, que estamos aqu\u00ed para quedarnos\u201d, resolvi\u00f3 entonces en unas declaraciones recogidas por The Jerusalem Post.<\/p>\n<p class=\"\">Aunque nunca ha realizado declaraciones p\u00fablicas expl\u00edcitas acerca de la ofensiva sobre Gaza, que ya ha provocado m\u00e1s de 63.000 muertes en la Franja, Adams s\u00ed ha manifestado su apoyo a la idea de un Estado jud\u00edo en Palestina, identific\u00e1ndose con el sionismo. Hace poco, en la televisi\u00f3n p\u00fablica israel\u00ed, s\u00ed defendi\u00f3 en general las acciones militares en Gaza, L\u00edbano, Siria o Ir\u00e1n al calificarlas de \u201coperaciones estrat\u00e9gicas que han dado la vuelta a la situaci\u00f3n y hemos dejado de ser el saco de boxeo de la regi\u00f3n\u201d. <\/p>\n<p class=\"\">Declaraciones y actos, acompa\u00f1ados <a href=\"https:\/\/elpais.com\/noticias\/franja-gaza\/\" target=\"_blank\" rel=\"noreferrer nofollow noopener\" title=\"https:\/\/elpais.com\/noticias\/franja-gaza\/\">por la crudeza intensificada de los ataques en Gaza,<\/a> que elevan las protestas en favor de Palestina que est\u00e1n interfiriendo en la Vuelta. A pesar de ellas, Israel-Premier Tech ha anunciado que seguir\u00e1 compitiendo, tal y como anunci\u00f3 en un comunicado oficial. \u201cTodos los miembros de la organizaci\u00f3n continuar\u00e1n trabajando en estrecha coordinaci\u00f3n con las autoridades y los cuerpos y las fuerzas de seguridad del Estado y de los distintos territorios para garantizar la seguridad y el correcto desarrollo de la carrera\u201d, respondi\u00f3 la organizaci\u00f3n, que antes hab\u00eda reclamado a la UCI que lo expulsaran para garantizar la seguridad de la prueba. De momento, el equipo de Adams sigue en la Vuelta.<\/p>\n","protected":false},"excerpt":{"rendered":"Marcel Abramovich, jud\u00edo y rumano de nacimiento, sobrevivi\u00f3 a los campos de trabajo del Holocausto durante la Segunda&hellip;\n","protected":false},"author":2,"featured_media":92692,"comment_status":"","ping_status":"","sticky":false,"template":"","format":"standard","meta":{"footnotes":""},"categories":[93],"tags":[13241,2839,313,2838,1540,168,25,24,74,33676,23,167,7603],"class_list":{"0":"post-92691","1":"post","2":"type-post","3":"status-publish","4":"format-standard","5":"has-post-thumbnail","7":"category-deportes","8":"tag-benjamin-netanyahu","9":"tag-carreras-ciclistas","10":"tag-ciclismo","11":"tag-ciclistas","12":"tag-competiciones","13":"tag-deportes","14":"tag-es","15":"tag-espana","16":"tag-israel","17":"tag-sionismo","18":"tag-spain","19":"tag-sports","20":"tag-vuelta-espana"},"share_on_mastodon":{"url":"","error":""},"_links":{"self":[{"href":"https:\/\/www.europesays.com\/es\/wp-json\/wp\/v2\/posts\/92691","targetHints":{"allow":["GET"]}}],"collection":[{"href":"https:\/\/www.europesays.com\/es\/wp-json\/wp\/v2\/posts"}],"about":[{"href":"https:\/\/www.europesays.com\/es\/wp-json\/wp\/v2\/types\/post"}],"author":[{"embeddable":true,"href":"https:\/\/www.europesays.com\/es\/wp-json\/wp\/v2\/users\/2"}],"replies":[{"embeddable":true,"href":"https:\/\/www.europesays.com\/es\/wp-json\/wp\/v2\/comments?post=92691"}],"version-history":[{"count":0,"href":"https:\/\/www.europesays.com\/es\/wp-json\/wp\/v2\/posts\/92691\/revisions"}],"wp:featuredmedia":[{"embeddable":true,"href":"https:\/\/www.europesays.com\/es\/wp-json\/wp\/v2\/media\/92692"}],"wp:attachment":[{"href":"https:\/\/www.europesays.com\/es\/wp-json\/wp\/v2\/media?parent=92691"}],"wp:term":[{"taxonomy":"category","embeddable":true,"href":"https:\/\/www.europesays.com\/es\/wp-json\/wp\/v2\/categories?post=92691"},{"taxonomy":"post_tag","embeddable":true,"href":"https:\/\/www.europesays.com\/es\/wp-json\/wp\/v2\/tags?post=92691"}],"curies":[{"name":"wp","href":"https:\/\/api.w.org\/{rel}","templated":true}]}}