{"id":92699,"date":"2025-09-04T11:25:09","date_gmt":"2025-09-04T11:25:09","guid":{"rendered":"https:\/\/www.europesays.com\/es\/92699\/"},"modified":"2025-09-04T11:25:09","modified_gmt":"2025-09-04T11:25:09","slug":"el-pionero-que-forja-el-futuro-de-audi","status":"publish","type":"post","link":"https:\/\/www.europesays.com\/es\/92699\/","title":{"rendered":"El pionero que forja el futuro de Audi"},"content":{"rendered":"<p><img decoding=\"async\" class=\"voc-author__img\" src=\"https:\/\/www.europesays.com\/es\/wp-content\/uploads\/2025\/09\/autor-5204-foto-1.jpeg\" alt=\"Jos\u00e9 Ram\u00f3n Alonso Trigueros\"\/><\/p>\n<p class=\"voc-p\" style=\"\">El futuro de la est\u00e9tica de Audi empez\u00f3 dibujarse hace casi noventa a\u00f1os, con el Auto Union Type C (1936), uno de los puntos de partida que ha tomado el nuevo director de dise\u00f1o de la marca, Massimo Frascella, y que le ha servido para plasmar en el Concept C las l\u00edneas de lo que ser\u00e1n los futuros modelos.<\/p>\n<p class=\"voc-p\" style=\"\">A pesar de que el futuro bebe de modelos de finales de los a\u00f1os 30 del siglo pasado, la silueta de este prototipo recuerda a modelos ic\u00f3nicos de Audi de tiempos muy recientes, como el R8 (el modelo de producci\u00f3n m\u00e1s potente de la historia de la marca con 620 CV) y el TT (245 CV).<\/p>\n<p class=\"voc-p\" style=\"\">Mil\u00e1n, capital del dise\u00f1o, ha sido el escenario elegido para presentar el Concept C, un deportivo, cabrio, el\u00e9ctrico y biplaza, en el que la sencillez en sus l\u00edneas y la sobriedad dibujan una escultura en gris titanio. Un color que solo rompe el enorme difusor negro de la parte trasera y los logotipo de los cuatro aros en aluminio cromado, que est\u00e1n esculpidos en una sola pieza, en la parrilla frontal y en la trasera.<\/p>\n<p class=\"voc-p\" style=\"\">La nueva filosof\u00eda de dise\u00f1o forma parte de la reorientaci\u00f3n de Audi y representa una nueva era para toda la compa\u00f1\u00eda. Bajo el lema \u00abStrive for Clarity\u00bb (En busca de la claridad), el evento celebrado en Mil\u00e1n supone tambi\u00e9n el inicio de un nuevo cap\u00edtulo en la transformaci\u00f3n de Audi. Con un lenguaje de dise\u00f1o que se centra en la simplicidad y el minimalismo atemporal.<\/p>\n<p><img decoding=\"async\" loading=\"lazy\" src=\"https:\/\/www.europesays.com\/es\/wp-content\/uploads\/2025\/09\/A251524_medium-U40303608654VJv-760x427@diario_abc.jpg\" class=\"voc-img\" width=\"760\" height=\"427\" alt=\"Audi Concept C: la expresi\u00f3n de una nueva filosof\u00eda de dise\u00f1o\" data-voc-vtm-id=\"in-text-traffic\"\/><\/p>\n<p>Audi Concept C: la expresi\u00f3n de una nueva filosof\u00eda de dise\u00f1o<\/p>\n<p>F. P.<\/p>\n<p class=\"voc-p\" style=\"\">De cara al futuro, Audi se centrar\u00e1 en una combinaci\u00f3n de \u00abclaridad, tecnolog\u00eda, inteligencia y emoci\u00f3n\u00bb, como destac\u00f3 el consejero delegado de la compa\u00f1\u00eda, Gernot D\u00f6llner, durante la presentaci\u00f3n, y record\u00f3 que \u00abel pensamiento visionario y el impulso por ir m\u00e1s all\u00e1 de lo conocido son ejemplares en Audi\u00bb.<\/p>\n<p class=\"voc-p\" style=\"\">El prototipo avanza las l\u00edneas b\u00e1sicas del futuro modelo de producci\u00f3n, que seg\u00fan confirm\u00f3 el dise\u00f1ador Frascella, tendr\u00e1 un 95% del Concept C. Ahora bien, ese primer modelo de la nueva era no ser\u00e1 realidad hasta al menos dos a\u00f1os.<\/p>\n<p class=\"voc-p\" style=\"\">El director de dise\u00f1o de Audi explica que \u00abla simplicidad radical es la esencia del enfoque y lo logramos reduciendo todo a lo esencial\u00bb. Esto no solo se aplica al exterior del veh\u00edculo, sino tambi\u00e9n a su interior. Las \u00faltimas innovaciones tecnol\u00f3gicas y los materiales m\u00e1s novedosos se utilizan para plasmar el futuro de Audi. Para Frascella, este enfoque tiene que ver con lo que hace que un coche sea deseable m\u00e1s all\u00e1 de una experiencia racional. Por lo tanto, las emociones desempe\u00f1an un papel importante en la filosof\u00eda de dise\u00f1o. \u00abQueremos dar forma a una marca capaz de inspirar deseo y crear impacto cultural\u00bb, se\u00f1al\u00f3.<\/p>\n<p class=\"voc-p\" style=\"\">Exteriormente, el Audi Concept C presenta un marco vertical que reinterpreta el legado de Audi y una distintiva firma lum\u00ednica con cuatro elementos. El techo ofrece las ventajas de un descapotable sin renunciar a la esencia de una carrocer\u00eda cerrada, al ser el primer cabrio de la marca alemana con capota r\u00edgida. <\/p>\n<p class=\"voc-p\" style=\"\">Su aspecto proyecta un minimalismo atl\u00e9tico con pureza de formas, precisi\u00f3n y solidez. La tensi\u00f3n se crea mediante la interacci\u00f3n de superficies completas y sobrias, intersectadas por una sola l\u00ednea. La carrocer\u00eda la forman solo 20 placas, lo que proyecta una imagen de ser una escultura de una sola pieza.<\/p>\n<p class=\"voc-p\" style=\"\">Llama la atenci\u00f3n el nuevo marco vertical que da forma al frontal, en el que la parrilla tiene una forma cuadrada, que es la evoluci\u00f3n de la forma ovalada del Auto Union Type C (1936) y de la forma trapezoidal que presentaba la tercera generaci\u00f3n del Audi A6 (2004).<\/p>\n<p><img decoding=\"async\" loading=\"lazy\" src=\"https:\/\/www.europesays.com\/es\/wp-content\/uploads\/2025\/09\/A251525_medium-U84658135558HLv-760x427@diario_abc.jpg\" class=\"voc-img\" width=\"760\" height=\"427\" alt=\"Audi Concept C: la expresi\u00f3n de una nueva filosof\u00eda de dise\u00f1o\" data-voc-vtm-id=\"in-text-traffic\"\/><\/p>\n<p>Audi Concept C: la expresi\u00f3n de una nueva filosof\u00eda de dise\u00f1o<\/p>\n<p>F. P.<\/p>\n<p class=\"voc-p\" style=\"\">Una l\u00ednea de hombros marcada define el volumen del deportivo biplaza, cuyas proporciones son el resultado de la disposici\u00f3n central de la bater\u00eda. El habit\u00e1culo se extiende hacia atr\u00e1s y se asienta firmemente sobre la carrocer\u00eda. En la parte trasera, las superficies limpias y las lamas horizontales subrayan el car\u00e1cter deportivo del coche.<\/p>\n<p class=\"voc-p\" style=\"\">El prototipo presenta una nueva firma luminosa con cuatro elementos dispuestos horizontalmente en cada grupo \u00f3ptico delantero y trasero. Este elemento de dise\u00f1o definir\u00e1 la identidad visual de Audi tanto de d\u00eda como de noche. <\/p>\n<p class=\"voc-p\" style=\"\">El exterior del prototipo se presenta en color Titanium. \u00abEvoca una elegancia c\u00e1lida y t\u00e9cnica y se inspira en el brillo del metal del mismo nombre, un material que representa la precisi\u00f3n, la ligereza y la resistencia\u00bb, seg\u00fan explic\u00f3 la dise\u00f1adora de colores de Audi, Tiziana Mauri.<\/p>\n<p class=\"voc-p\" style=\"\">Como curiosidad, el modelo adolece de luneta trasera, lo que obliga a que el retrovisor interior sea una pantalla, mientras que los retrovisores laterales son espejos tradicionales.<\/p>\n<p>\nEl interior\n<\/p>\n<p class=\"voc-p\" style=\"\">En el interior el minimalismo sigue siendo el rey, lo que garantiza un entorno libre de distracciones. Las soluciones tecnol\u00f3gicas est\u00e1n integradas de forma sutil. El habit\u00e1culo presenta superficies arquitect\u00f3nicas s\u00f3lidas y formas geom\u00e9tricas definidas que garantizan el espacio para ambos ocupantes. Fabricados en aluminio anodizado, los controles f\u00edsicos que dan acceso directo a funciones del coche incluyen el inconfundible \u00abclic\u00bb de Audi. <\/p>\n<p class=\"voc-p\" style=\"\">La paleta de colores del interior tambi\u00e9n se inspira en el titanio. Los materiales naturales crean un ambiente refinado, c\u00e1lido y elegante. La iluminaci\u00f3n ambiental indirecta revela con precisi\u00f3n los materiales y realza la evidente solidez del dise\u00f1o interior.<\/p>\n<p class=\"voc-p\" style=\"\">La pantalla central es escamoteable: est\u00e1 oculta y solo se muestra si pulsas un bot\u00f3n. Tiene 10,4 pulgadas (26,4 cm) proporciona a los usuarios informaci\u00f3n relevante y contextualizada, adaptada a cada situaci\u00f3n. Junto con los controles t\u00e1ctiles del volante y la consola central, el dise\u00f1o desprende claridad y precisi\u00f3n en la interacci\u00f3n con el usuario: los controles est\u00e1n exactamente donde se espera.<\/p>\n<p>Reportar un error<\/p>\n","protected":false},"excerpt":{"rendered":"El futuro de la est\u00e9tica de Audi empez\u00f3 dibujarse hace casi noventa a\u00f1os, con el Auto Union Type&hellip;\n","protected":false},"author":2,"featured_media":92700,"comment_status":"","ping_status":"","sticky":false,"template":"","format":"standard","meta":{"footnotes":""},"categories":[80],"tags":[2198,82,3761,95,94,25,24,4085,2848,15159,23],"class_list":{"0":"post-92699","1":"post","2":"type-post","3":"status-publish","4":"format-standard","5":"has-post-thumbnail","7":"category-economia","8":"tag-audi","9":"tag-business","10":"tag-concept","11":"tag-economia","12":"tag-economy","13":"tag-es","14":"tag-espana","15":"tag-forja","16":"tag-futuro","17":"tag-pionero","18":"tag-spain"},"share_on_mastodon":{"url":"","error":""},"_links":{"self":[{"href":"https:\/\/www.europesays.com\/es\/wp-json\/wp\/v2\/posts\/92699","targetHints":{"allow":["GET"]}}],"collection":[{"href":"https:\/\/www.europesays.com\/es\/wp-json\/wp\/v2\/posts"}],"about":[{"href":"https:\/\/www.europesays.com\/es\/wp-json\/wp\/v2\/types\/post"}],"author":[{"embeddable":true,"href":"https:\/\/www.europesays.com\/es\/wp-json\/wp\/v2\/users\/2"}],"replies":[{"embeddable":true,"href":"https:\/\/www.europesays.com\/es\/wp-json\/wp\/v2\/comments?post=92699"}],"version-history":[{"count":0,"href":"https:\/\/www.europesays.com\/es\/wp-json\/wp\/v2\/posts\/92699\/revisions"}],"wp:featuredmedia":[{"embeddable":true,"href":"https:\/\/www.europesays.com\/es\/wp-json\/wp\/v2\/media\/92700"}],"wp:attachment":[{"href":"https:\/\/www.europesays.com\/es\/wp-json\/wp\/v2\/media?parent=92699"}],"wp:term":[{"taxonomy":"category","embeddable":true,"href":"https:\/\/www.europesays.com\/es\/wp-json\/wp\/v2\/categories?post=92699"},{"taxonomy":"post_tag","embeddable":true,"href":"https:\/\/www.europesays.com\/es\/wp-json\/wp\/v2\/tags?post=92699"}],"curies":[{"name":"wp","href":"https:\/\/api.w.org\/{rel}","templated":true}]}}