{"id":92711,"date":"2025-09-04T11:32:10","date_gmt":"2025-09-04T11:32:10","guid":{"rendered":"https:\/\/www.europesays.com\/es\/92711\/"},"modified":"2025-09-04T11:32:10","modified_gmt":"2025-09-04T11:32:10","slug":"una-jornada-de-golf-entre-amigos","status":"publish","type":"post","link":"https:\/\/www.europesays.com\/es\/92711\/","title":{"rendered":"Una jornada de golf entre amigos"},"content":{"rendered":"<p>El hotel Sa Franquesa Nova, entre la carretera de Petra y Felanitx, acogi\u00f3 este mi\u00e9rcoles el <strong>III Torneo de Golf Ecol\u00f3gico<\/strong>. Un evento que ya se ha consolidado y que re\u00fane a un grupo de amigos y amantes de este deporte para congregarse en un ecol\u00f3gico y singular campo en el que \u00abno se gasta ni una sola gota de agua en su mantenimiento\u00bb.<\/p>\n<p>Esta iniciativa ideada por<strong> Pedro Gonzalo<\/strong>,<strong> Sebasti\u00e1n Rub\u00ed<\/strong> y <strong>Antonio Binimelis<\/strong>, empresarios y socios mayoritarios del lujoso establecimiento hotelero, ha reunido en su tercera edici\u00f3n a doce participantes que han puesto a prueba su punter\u00eda hacia a los dos hoyos que tiene el campo ubicados en unos greens, a los que para llegar deben superar un suelo totalmente r\u00fastico y trampas de arena.<\/p>\n<p><img loading=\"lazy\" decoding=\"async\" src=\"https:\/\/www.europesays.com\/es\/wp-content\/uploads\/2025\/09\/3459377.jpg\" border=\"0\" alt=\"PB030925006700.jpg\" width=\"2048\" height=\"1366\"\/><\/p>\n<p>El ganador de este a\u00f1o ha sido <strong>Antonio Su\u00f1er Mart\u00ed<\/strong>, el segundo puesto ha correspondido a Mat\u00edas Servera Munar, y la tercera posici\u00f3n la ha obtenido Miquel Cabeniacar. Los ganadores han sido recompensados premios con cenas y comidas en este emblem\u00e1tico hotel rural. As\u00ed, los jugadores han disfrutado de un ambiente distendido y competitivo que ha finalizado con una cena y con la promesa de regresar en la pr\u00f3xima edici\u00f3n.<\/p>\n","protected":false},"excerpt":{"rendered":"El hotel Sa Franquesa Nova, entre la carretera de Petra y Felanitx, acogi\u00f3 este mi\u00e9rcoles el III Torneo&hellip;\n","protected":false},"author":2,"featured_media":92712,"comment_status":"","ping_status":"","sticky":false,"template":"","format":"standard","meta":{"footnotes":""},"categories":[275],"tags":[168,25,24,329,492,23,167,2922,1529],"class_list":{"0":"post-92711","1":"post","2":"type-post","3":"status-publish","4":"format-standard","5":"has-post-thumbnail","7":"category-golf","8":"tag-deportes","9":"tag-es","10":"tag-espana","11":"tag-golf","12":"tag-sociedad","13":"tag-spain","14":"tag-sports","15":"tag-tendencias","16":"tag-ultima-hora"},"share_on_mastodon":{"url":"","error":""},"_links":{"self":[{"href":"https:\/\/www.europesays.com\/es\/wp-json\/wp\/v2\/posts\/92711","targetHints":{"allow":["GET"]}}],"collection":[{"href":"https:\/\/www.europesays.com\/es\/wp-json\/wp\/v2\/posts"}],"about":[{"href":"https:\/\/www.europesays.com\/es\/wp-json\/wp\/v2\/types\/post"}],"author":[{"embeddable":true,"href":"https:\/\/www.europesays.com\/es\/wp-json\/wp\/v2\/users\/2"}],"replies":[{"embeddable":true,"href":"https:\/\/www.europesays.com\/es\/wp-json\/wp\/v2\/comments?post=92711"}],"version-history":[{"count":0,"href":"https:\/\/www.europesays.com\/es\/wp-json\/wp\/v2\/posts\/92711\/revisions"}],"wp:featuredmedia":[{"embeddable":true,"href":"https:\/\/www.europesays.com\/es\/wp-json\/wp\/v2\/media\/92712"}],"wp:attachment":[{"href":"https:\/\/www.europesays.com\/es\/wp-json\/wp\/v2\/media?parent=92711"}],"wp:term":[{"taxonomy":"category","embeddable":true,"href":"https:\/\/www.europesays.com\/es\/wp-json\/wp\/v2\/categories?post=92711"},{"taxonomy":"post_tag","embeddable":true,"href":"https:\/\/www.europesays.com\/es\/wp-json\/wp\/v2\/tags?post=92711"}],"curies":[{"name":"wp","href":"https:\/\/api.w.org\/{rel}","templated":true}]}}