{"id":92717,"date":"2025-09-04T11:35:16","date_gmt":"2025-09-04T11:35:16","guid":{"rendered":"https:\/\/www.europesays.com\/es\/92717\/"},"modified":"2025-09-04T11:35:16","modified_gmt":"2025-09-04T11:35:16","slug":"aston-martin-prepara-un-arma-especial-para-monza-un-mal-circuito-para-el-amr25","status":"publish","type":"post","link":"https:\/\/www.europesays.com\/es\/92717\/","title":{"rendered":"Aston Martin prepara un &#8216;arma&#8217; especial para Monza, un \u00abmal circuito\u00bb para el AMR25"},"content":{"rendered":"<p><a href=\"https:\/\/es.motorsport.com\/team\/aston-martin-racing\/647\/\" target=\"_blank\" rel=\"noopener nofollow\">Aston Martin<\/a>\u00a0llega al<strong> Gran Premio de Italia de F\u00f3rmula 1 2025<\/strong> con los pies en el suelo. El equipo de los b\u00f3lidos verdes se ha consolidado como uno de los referentes de la zona media, capaz de sumar puntos de manera consistente con <a href=\"https:\/\/es.motorsport.com\/driver\/fernando-alonso\/21755\/\" target=\"_blank\" rel=\"noopener nofollow\">Fernando Alonso<\/a> y <a href=\"https:\/\/es.motorsport.com\/driver\/lance-stroll\/42079\/\" target=\"_blank\" rel=\"noopener nofollow\">Lance Stroll<\/a>, pero consciente de que en Monza el reto ser\u00e1 mucho mayor.<\/p>\n<p>En <strong data-start=\"465\" data-end=\"478\">Zandvoort<\/strong>, el <strong data-start=\"483\" data-end=\"492\">AMR25<\/strong> brill\u00f3 el viernes, situ\u00e1ndose incluso entre los cuatro coches m\u00e1s competitivos en ritmo puro. Sin embargo, el s\u00e1bado y domingo se diluy\u00f3 un poco ese ritmo y, aunque ambos pilotos lograron puntuar (<strong data-start=\"690\" data-end=\"708\">s\u00e9ptimo Stroll<\/strong> y <strong data-start=\"711\" data-end=\"728\">octavo Alonso<\/strong>), qued\u00f3 claro que todav\u00eda falta consistencia. Con esos diez puntos, <strong data-start=\"797\" data-end=\"813\">Aston Martin<\/strong> alcanz\u00f3 los 62 en el <strong data-start=\"835\" data-end=\"866\">campeonato de constructores<\/strong>, a 18 de un <strong data-start=\"879\" data-end=\"891\">Williams<\/strong> que parece m\u00e1s c\u00f3modo en pistas r\u00e1pidas.<\/p>\n<p>Y es precisamente ah\u00ed donde surge la preocupaci\u00f3n: <strong data-start=\"987\" data-end=\"996\">Monza<\/strong>, con sus <strong data-start=\"1006\" data-end=\"1030\">rectas interminables<\/strong> y <strong data-start=\"1033\" data-end=\"1060\">baja carga aerodin\u00e1mica<\/strong>, se asemeja en varios aspectos a <strong data-start=\"1094\" data-end=\"1115\">Spa-Francorchamps<\/strong>, escenario de uno de los peores resultados del a\u00f1o para los de <strong data-start=\"1179\" data-end=\"1194\">Silverstone<\/strong> (19\u00ba y 20\u00ba en clasificaci\u00f3n y cero puntos en carrera), sobre todo desde que introdujeron el <strong data-start=\"1287\" data-end=\"1318\">paquete de mejoras en Imola<\/strong>.<\/p>\n<p><strong>Mike Krack<\/strong>, jefe de equipo, lo admite sin rodeos: \u00abObviamente tenemos Monza ahora, as\u00ed que todos los equipos llevar\u00e1n un coche especial para esa pista. Pero creo que ser\u00e1 lo mismo para todos. Hemos visto algunos desarrollos en otros coches aqu\u00ed, y puede que alguno siga trabajando, pero nosotros ya estamos a pleno rendimiento\u00bb.<\/p>\n<p>En ese contexto, <strong data-start=\"1678\" data-end=\"1694\">Aston Martin<\/strong> apostar\u00e1 por una <strong data-start=\"1712\" data-end=\"1743\">especificaci\u00f3n aerodin\u00e1mica<\/strong> adaptada a las exigencias del &#8216;<strong data-start=\"1774\" data-end=\"1802\">Templo de la Velocidad&#8217;<\/strong>. Krack lo confirma: \u00abS\u00ed, <strong>tenemos un aler\u00f3n trasero de baja carga aerodin\u00e1mica\u00bb.<\/strong><\/p>\n<p data-start=\"1888\" data-end=\"2410\">La duda es si esta soluci\u00f3n ser\u00e1 suficiente para tapar una de las carencias m\u00e1s evidentes del <strong data-start=\"1982\" data-end=\"1991\">AMR25<\/strong>: su <strong data-start=\"1996\" data-end=\"2023\">eficiencia aerodin\u00e1mica<\/strong>. Y Krack, realista, no vende humo: \u00ab\u00bfSi va a superar nuestras deficiencias? Ya lo veremos. Sabemos que algunos circuitos son mejores para nosotros y otros no. El que mencionas es probablemente de los que m\u00e1s nos costar\u00e1. Pero eso no significa nada\u2026 como se ha visto hoy (en Zandvoort), siempre tienes que dar lo mejor. Aunque sea m\u00e1s dif\u00edcil, intentaremos lograr un buen resultado\u00bb.<\/p>\n<p>El objetivo de Aston Martin en Monza 2025<br \/>\n   <img decoding=\"async\" draggable=\"false\" src=\"https:\/\/cdn.motorsport.com\/images\/mgl\/Y99kJebY\/s1000\/lance-stroll-aston-martin-raci.jpg\" alt=\"Lance Stroll, Aston Martin Racing, Fernando Alonso, Aston Martin Racing, Franco Colapinto, Alpine\" width=\"1200\" height=\"800\" loading=\"lazy\"\/> <\/p>\n<p class=\"photographer\">Foto de: Andy Hone\/ LAT Images via Getty Images<\/p>\n<p data-start=\"2412\" data-end=\"2814\">Con nueve carreras por delante y el grueso de la parrilla ya centrado en el <strong data-start=\"2488\" data-end=\"2510\">reglamento de 2026<\/strong>, las mejoras sustanciales son historia. No habr\u00e1 grandes evoluciones, pero s\u00ed configuraciones espec\u00edficas como este <strong data-start=\"2627\" data-end=\"2664\">aler\u00f3n de baja carga aerodin\u00e1mica<\/strong>. En <strong data-start=\"2669\" data-end=\"2685\">Aston Martin<\/strong> saben que alcanzar a <strong data-start=\"2707\" data-end=\"2719\">Williams<\/strong> ser\u00e1 complicado, aunque el objetivo de ser <strong data-start=\"2763\" data-end=\"2791\">quintos en constructores<\/strong> sigue sobre la mesa.<\/p>\n<p data-start=\"2816\" data-end=\"3004\"><strong data-start=\"2816\" data-end=\"2843\">Monza dictar\u00e1 sentencia<\/strong>: \u00bfpodr\u00e1 <strong data-start=\"2852\" data-end=\"2871\">Fernando Alonso<\/strong> salvar los muebles con una especificaci\u00f3n hecha a medida, o volver\u00e1 a repetirse un escenario parecido al de <strong data-start=\"2980\" data-end=\"3001\">Spa-Francorchamps<\/strong>?<\/p>\n<p>Tambi\u00e9n puedes leer:<\/p>\n<p>En este art\u00edculo<\/p>\n<p>S\u00e9 el primero en enterarte y suscr\u00edbete para recibir actualizaciones por email de noticias en tiempo real sobre estos temas.<\/p>\n<p>    Suscr\u00edbete a alertas de noticias<\/p>\n","protected":false},"excerpt":{"rendered":"Aston Martin\u00a0llega al Gran Premio de Italia de F\u00f3rmula 1 2025 con los pies en el suelo. El&hellip;\n","protected":false},"author":2,"featured_media":92718,"comment_status":"","ping_status":"","sticky":false,"template":"","format":"standard","meta":{"footnotes":""},"categories":[270],"tags":[33679,2094,33154,168,25,24,306,2096,271,272,1230,33153,2101,31711,23,167,33680],"class_list":{"0":"post-92717","1":"post","2":"type-post","3":"status-publish","4":"format-standard","5":"has-post-thumbnail","7":"category-formula-1","8":"tag-aston-martin-prepara-un-arma-especial-para-monza","9":"tag-aston-martin-racing","10":"tag-autodromo-nazionale-monza","11":"tag-deportes","12":"tag-es","13":"tag-espana","14":"tag-f1","15":"tag-fernando-alonso","16":"tag-formula-1","17":"tag-formula1","18":"tag-fu00f3rmula-1","19":"tag-gp-de-italia","20":"tag-lance-stroll","21":"tag-mike-krack","22":"tag-spain","23":"tag-sports","24":"tag-un-mal-circuito-para-el-amr25"},"share_on_mastodon":{"url":"","error":""},"_links":{"self":[{"href":"https:\/\/www.europesays.com\/es\/wp-json\/wp\/v2\/posts\/92717","targetHints":{"allow":["GET"]}}],"collection":[{"href":"https:\/\/www.europesays.com\/es\/wp-json\/wp\/v2\/posts"}],"about":[{"href":"https:\/\/www.europesays.com\/es\/wp-json\/wp\/v2\/types\/post"}],"author":[{"embeddable":true,"href":"https:\/\/www.europesays.com\/es\/wp-json\/wp\/v2\/users\/2"}],"replies":[{"embeddable":true,"href":"https:\/\/www.europesays.com\/es\/wp-json\/wp\/v2\/comments?post=92717"}],"version-history":[{"count":0,"href":"https:\/\/www.europesays.com\/es\/wp-json\/wp\/v2\/posts\/92717\/revisions"}],"wp:featuredmedia":[{"embeddable":true,"href":"https:\/\/www.europesays.com\/es\/wp-json\/wp\/v2\/media\/92718"}],"wp:attachment":[{"href":"https:\/\/www.europesays.com\/es\/wp-json\/wp\/v2\/media?parent=92717"}],"wp:term":[{"taxonomy":"category","embeddable":true,"href":"https:\/\/www.europesays.com\/es\/wp-json\/wp\/v2\/categories?post=92717"},{"taxonomy":"post_tag","embeddable":true,"href":"https:\/\/www.europesays.com\/es\/wp-json\/wp\/v2\/tags?post=92717"}],"curies":[{"name":"wp","href":"https:\/\/api.w.org\/{rel}","templated":true}]}}