{"id":92719,"date":"2025-09-04T11:36:09","date_gmt":"2025-09-04T11:36:09","guid":{"rendered":"https:\/\/www.europesays.com\/es\/92719\/"},"modified":"2025-09-04T11:36:09","modified_gmt":"2025-09-04T11:36:09","slug":"queremos-dar-imagen-de-equipo-intenso-en-defensa-y-luchador","status":"publish","type":"post","link":"https:\/\/www.europesays.com\/es\/92719\/","title":{"rendered":"\u00abQueremos dar imagen de equipo intenso en defensa y luchador\u00bb"},"content":{"rendered":"<p>El Baloncesto Toledo vivir\u00e1 este domingo un momento hist\u00f3rico con la disputa del primer partido de su historia, un encuentro de pretemporada que medir\u00e1 al conjunto verde frente al Uros de Rivas a las 13:00 horas en el pabell\u00f3n Cerro del Tel\u00e9grafo de Rivas Vaciamadrid. Aunque se trata de un amistoso, el choque tiene un fuerte componente simb\u00f3lico, pues ser\u00e1 la primera vez que el nuevo proyecto se ponga a prueba sobre una cancha de competici\u00f3n.<\/p>\n<p>El entrenador, Sergio Vicente, quiso dejar claro ayer cu\u00e1l ser\u00e1 la primera exigencia para sus jugadores, mostrar una identidad reconocible desde el minuto uno. \u00abLo que quiero es que el equipo muestre la imagen que buscamos. Sabemos que a\u00fan estamos verdes en muchos conceptos ofensivos y defensivos, pero lo importante el domingo es la actitud. Queremos ser un equipo intenso en defensa y luchador. La afici\u00f3n necesita ver que este grupo lo va a dar todo\u00bb, asegur\u00f3.<\/p>\n<p>El t\u00e9cnico se mostr\u00f3 satisfecho con las sensaciones que ha dejado las dos primeras semanas de trabajo, en la que el equipo ha combinado carga f\u00edsica con la asimilaci\u00f3n de sistemas. Seg\u00fan Vicente, el grupo est\u00e1 respondiendo de forma positiva. A su juicio, \u00ablos chavales\u00bb son muy trabajadores y tienen gran predisposici\u00f3n. \u00abEl ambiente es excelente y eso se nota en el d\u00eda a d\u00eda. Ahora necesitamos verlos competir, porque lo que se aprecia en un entrenamiento no siempre se refleja en un partido real\u00bb, a\u00f1adi\u00f3.<\/p>\n<p>De cara al estreno, el entrenador adelant\u00f3 que se trata de una primera toma de contacto y que el protagonismo se repartir\u00e1 entre todos los jugadores. \u00abNo hay grandes diferencias entre unos y otros. Cualquiera puede ser titular o salir del banquillo, as\u00ed que este partido servir\u00e1 para rotar mucho, probar combinaciones y empezar a conocer c\u00f3mo responde el equipo en situaciones reales\u00bb, explic\u00f3.<\/p>\n<p>Uno de los aspectos m\u00e1s valorados por el cuerpo t\u00e9cnico es la integraci\u00f3n de los j\u00f3venes CEI y la cohesi\u00f3n del vestuario. Vicente destac\u00f3 que el bloque mayoritariamente nacional ha facilitado la convivencia y la qu\u00edmica dentro del grupo. \u00abDesde el primer d\u00eda se ve un equipo unido, y eso marcar\u00e1 la diferencia a lo largo de la temporada, en los momentos buenos y, sobre todo, en los complicados\u00bb, a\u00f1adi\u00f3.<\/p>\n<p>M\u00e1s all\u00e1 de lo deportivo, el t\u00e9cnico tambi\u00e9n percibe el entusiasmo que rodea al club con la campa\u00f1a de abonados reci\u00e9n lanzada. \u00abDesde que llegu\u00e9, todo el mundo me transmite ilusi\u00f3n. La gente pregunta por los carn\u00e9s, nos anima y eso motiva. Estoy seguro de que el 11 de octubre, en el debut oficial en el Javier Lozano, el pabell\u00f3n estar\u00e1 lleno\u00bb, concluy\u00f3.<\/p>\n","protected":false},"excerpt":{"rendered":"El Baloncesto Toledo vivir\u00e1 este domingo un momento hist\u00f3rico con la disputa del primer partido de su historia,&hellip;\n","protected":false},"author":2,"featured_media":92720,"comment_status":"","ping_status":"","sticky":false,"template":"","format":"standard","meta":{"footnotes":""},"categories":[269],"tags":[517,299,298,33682,168,1819,25,24,33683,28915,32470,33684,10,24709,4069,2330,28914,6436,23,167,20825,33343,33681,1952,1284],"class_list":{"0":"post-92719","1":"post","2":"type-post","3":"status-publish","4":"format-standard","5":"has-post-thumbnail","7":"category-baloncesto","8":"tag-actualidad","9":"tag-baloncesto","10":"tag-basketball","11":"tag-consuegra","12":"tag-deportes","13":"tag-diario","14":"tag-es","15":"tag-espana","16":"tag-fuensalida","17":"tag-grupo-promecal","18":"tag-illescas","19":"tag-madrigalejos","20":"tag-noticias","21":"tag-ocana","22":"tag-periodico","23":"tag-prensa","24":"tag-promecal","25":"tag-provincia","26":"tag-spain","27":"tag-sports","28":"tag-talavera-de-la-reina","29":"tag-toledana","30":"tag-toledano","31":"tag-toledo","32":"tag-vivir"},"share_on_mastodon":{"url":"","error":""},"_links":{"self":[{"href":"https:\/\/www.europesays.com\/es\/wp-json\/wp\/v2\/posts\/92719","targetHints":{"allow":["GET"]}}],"collection":[{"href":"https:\/\/www.europesays.com\/es\/wp-json\/wp\/v2\/posts"}],"about":[{"href":"https:\/\/www.europesays.com\/es\/wp-json\/wp\/v2\/types\/post"}],"author":[{"embeddable":true,"href":"https:\/\/www.europesays.com\/es\/wp-json\/wp\/v2\/users\/2"}],"replies":[{"embeddable":true,"href":"https:\/\/www.europesays.com\/es\/wp-json\/wp\/v2\/comments?post=92719"}],"version-history":[{"count":0,"href":"https:\/\/www.europesays.com\/es\/wp-json\/wp\/v2\/posts\/92719\/revisions"}],"wp:featuredmedia":[{"embeddable":true,"href":"https:\/\/www.europesays.com\/es\/wp-json\/wp\/v2\/media\/92720"}],"wp:attachment":[{"href":"https:\/\/www.europesays.com\/es\/wp-json\/wp\/v2\/media?parent=92719"}],"wp:term":[{"taxonomy":"category","embeddable":true,"href":"https:\/\/www.europesays.com\/es\/wp-json\/wp\/v2\/categories?post=92719"},{"taxonomy":"post_tag","embeddable":true,"href":"https:\/\/www.europesays.com\/es\/wp-json\/wp\/v2\/tags?post=92719"}],"curies":[{"name":"wp","href":"https:\/\/api.w.org\/{rel}","templated":true}]}}