{"id":92725,"date":"2025-09-04T11:39:12","date_gmt":"2025-09-04T11:39:12","guid":{"rendered":"https:\/\/www.europesays.com\/es\/92725\/"},"modified":"2025-09-04T11:39:12","modified_gmt":"2025-09-04T11:39:12","slug":"fotografia-nocturna-impresionante-en-los-ajaches","status":"publish","type":"post","link":"https:\/\/www.europesays.com\/es\/92725\/","title":{"rendered":"Fotograf\u00eda nocturna impresionante en Los Ajaches"},"content":{"rendered":"<p>El fot\u00f3grafo <strong>Gustavo Medina<\/strong> ha capturado una <strong>espectacular\u00a0secuencia de im\u00e1genes<\/strong>\u00a0en las que se puede ver la salida de <strong>la V\u00eda L\u00e1ctea\u00a0<\/strong>desde el horizonte.\u00a0<\/p>\n<p>En un timelapse\u00a0que ha compartido en redes sociales, el fot\u00f3grafo ha sacado en primer plano las <strong>monta\u00f1as m\u00e1s antiguas<\/strong> de Lanzarote, que tienen <strong>aproximadamente 20 millones<\/strong> <strong>de a\u00f1os<\/strong>,\u00a0la de Los Ajaches.\u00a0<\/p>\n<p>Medina ha resaltado que \u00abuna vez m\u00e1s, la planificaci\u00f3n y\u00a0que coincidan varios factores meteorol\u00f3gicos y astron\u00f3micos es crucial\u00bb.<\/p>\n<p>\u00abPoder disfrutar de estos momentos donde t\u00fa \u00fanica compa\u00f1\u00eda es el silencio y el viento, para m\u00ed no tienen precio\u00bb, ha concluido el fot\u00f3grafo. Este fot\u00f3grafo ya comparti\u00f3 a comienzos de agosto la grabaci\u00f3n de una escena espectatural de la galaxia a la que pertenece la tierra en las playas de Papagayo.<\/p>\n<blockquote class=\"instagram-media\" data-instgrm-captioned=\"\" data-instgrm-permalink=\"https:\/\/www.instagram.com\/reel\/DNv2GeW2l5c\/?utm_source=ig_embed&amp;utm_campaign=loading\" data-instgrm-version=\"14\" style=\" background:#FFF; border:0; border-radius:3px; box-shadow:0 0 1px 0 rgba(0,0,0,0.5),0 1px 10px 0 rgba(0,0,0,0.15); margin: 1px; max-width:540px; min-width:326px; padding:0; width:99.375%; width:-webkit-calc(100% - 2px); width:calc(100% - 2px);\"\/>\n<p><script async src=\"\/\/www.instagram.com\/embed.js\"><\/script><\/p>\n","protected":false},"excerpt":{"rendered":"El fot\u00f3grafo Gustavo Medina ha capturado una espectacular\u00a0secuencia de im\u00e1genes\u00a0en las que se puede ver la salida de&hellip;\n","protected":false},"author":2,"featured_media":92726,"comment_status":"","ping_status":"","sticky":false,"template":"","format":"standard","meta":{"footnotes":""},"categories":[173],"tags":[229,233,231,230,232,234,146,147,25,24,23],"class_list":{"0":"post-92725","1":"post","2":"type-post","3":"status-publish","4":"format-standard","5":"has-post-thumbnail","7":"category-arte-y-diseno","8":"tag-arte","9":"tag-arte-y-diseno","10":"tag-arts","11":"tag-arts-and-design","12":"tag-design","13":"tag-diseno","14":"tag-entertainment","15":"tag-entretenimiento","16":"tag-es","17":"tag-espana","18":"tag-spain"},"share_on_mastodon":{"url":"","error":""},"_links":{"self":[{"href":"https:\/\/www.europesays.com\/es\/wp-json\/wp\/v2\/posts\/92725","targetHints":{"allow":["GET"]}}],"collection":[{"href":"https:\/\/www.europesays.com\/es\/wp-json\/wp\/v2\/posts"}],"about":[{"href":"https:\/\/www.europesays.com\/es\/wp-json\/wp\/v2\/types\/post"}],"author":[{"embeddable":true,"href":"https:\/\/www.europesays.com\/es\/wp-json\/wp\/v2\/users\/2"}],"replies":[{"embeddable":true,"href":"https:\/\/www.europesays.com\/es\/wp-json\/wp\/v2\/comments?post=92725"}],"version-history":[{"count":0,"href":"https:\/\/www.europesays.com\/es\/wp-json\/wp\/v2\/posts\/92725\/revisions"}],"wp:featuredmedia":[{"embeddable":true,"href":"https:\/\/www.europesays.com\/es\/wp-json\/wp\/v2\/media\/92726"}],"wp:attachment":[{"href":"https:\/\/www.europesays.com\/es\/wp-json\/wp\/v2\/media?parent=92725"}],"wp:term":[{"taxonomy":"category","embeddable":true,"href":"https:\/\/www.europesays.com\/es\/wp-json\/wp\/v2\/categories?post=92725"},{"taxonomy":"post_tag","embeddable":true,"href":"https:\/\/www.europesays.com\/es\/wp-json\/wp\/v2\/tags?post=92725"}],"curies":[{"name":"wp","href":"https:\/\/api.w.org\/{rel}","templated":true}]}}