{"id":92727,"date":"2025-09-04T11:40:13","date_gmt":"2025-09-04T11:40:13","guid":{"rendered":"https:\/\/www.europesays.com\/es\/92727\/"},"modified":"2025-09-04T11:40:13","modified_gmt":"2025-09-04T11:40:13","slug":"montecarlo-lujo-y-glamour-en-las-carreras-de-coches-de-la-golden-era","status":"publish","type":"post","link":"https:\/\/www.europesays.com\/es\/92727\/","title":{"rendered":"Montecarlo, lujo y glamour en las carreras de coches de la Golden Era"},"content":{"rendered":"<p>Regresa a las librer\u00edas Carla Montero, autora de La tabla esmeralda (Plaza &amp; Jan\u00e9s). Su nuevo t\u00edtulo, La dama de la niebla (Destino), nos sit\u00faa en la Europa de los a\u00f1os 30, en un periodo de entreguerras de fuerte tensi\u00f3n, con el auge del nazismo y la sombra alargada de la Segunda Guerra.<br \/>&#13;\n <\/p>\n<p>En el escenario de la novela, los rescoldos de la Gran Depresi\u00f3n, que dej\u00f3 abatida a la sociedad. Crisis, colapso del comercio internacional y de la industria, desempleo y descontento. Hay un fuerte resentimiento en Alemania por el Tratado de Versalles.  Hitler y el partido nazi consolidan su pol\u00edtica expansionista al anexionarse Austria ante el miedo y la pasividad de las potencias occidentales. La Noche de los Cristales Rotos, preludio del horror, estaba cerca.<\/p>\n<p>Este es el contexto de la Europa de 1937, que celebraba en M\u00f3naco el Gran Premio. Aqu\u00ed comienza la novela de Montero, en la llamada Golden Era del automovilismo ante un Montecarlo de glamour y lujo, punto de encuentro de ricos y brillos de Belle Epoque. Mila Kovac, la protagonista, es bella, elegante y valiente. Una mujer que ha alcanzado la fama como piloto de carreras en un mundo de hombres. Vive bajo la identidad de la dama de la niebla, por su conducci\u00f3n y por su car\u00e1cter. La p\u00e9rdida ha marcado su vida, tras la tr\u00e1gica muerte de su marido, el c\u00e9lebre Anton Behra, en circunstancias sospechosas. El duelo, la ausencia y el vac\u00edo impulsan a Mila a llegar hasta la isla de Man. All\u00ed, frente las costas de Irlanda, se enfrenta a su pasado. Entra en escena el granjero Oliver Grant, que vive con su hija. Reservado y algo hura\u00f1o, ver\u00e1 la llegada de los pilotos a la isla. Y ver\u00e1 a Mila. Tambi\u00e9n conoceremos al piloto alem\u00e1n de \u00e9lite, afiliado al partido nazi, con el que Kovac mantiene una compleja relaci\u00f3n.<\/p>\n<p>La ex bailarina francesa que cambi\u00f3 los escenarios por su Bugatti<\/p>\n<p>La autora nos abre la puerta a un mundo del motor que en aquel entonces era de perfil masculino y donde algunas mujeres desafiaron su rol asignado para ponerse al volante de su propio destino en un coche de competici\u00f3n. Una de ellas fue Hell\u00e9 Nice, ex bailarina francesa que cambi\u00f3 los escenarios por su Bugatti, desafi\u00f3 a aclamados pilotos y se gan\u00f3 la admiraci\u00f3n del p\u00fablico. Tambi\u00e9n destac\u00f3 Lucy O&#8217;Reilly Schell, fundadora y directora de su propio equipo de carreras. Dos mujeres que se midieron al mismo nivel de exigencia que los hombres y que rompieron barreras de g\u00e9nero de la \u00e9poca. <\/p>\n<p>                            <img decoding=\"async\" src=\"https:\/\/www.europesays.com\/es\/wp-content\/uploads\/2025\/09\/carla-montero-2.jpeg\" loading=\"lazy\"\/><\/p>\n<p>Montero nos traslada ese ambiente pre-b\u00e9lico europeo. Tensi\u00f3n, miedo e incertidumbre recorr\u00edan el continente. La juventud apuraba el tiempo de paz en el cine, el arte de las vanguardias, el baile, el jazz y las competiciones deportivas. \u00abDespu\u00e9s del par\u00f3n de la Segunda Guerra Mundial, los grandes premios de automovilismo volvieron a resurgir en 1950 con el nacimiento de la F\u00f3rmula 1\u00bb, escribe la autora, que cita grandes pilotos de la \u00e9poca como <b>Rudolf Caracciola, Bernd Rosemeyer, Tazio Nuvolari, Richard Seaman y Hell\u00e9 Nice<\/b>. \u00abEllos introdujeron la emoci\u00f3n, el dramatismo, la tecnolog\u00eda de vanguardia y el glamour\u00bb en un espect\u00e1culo que cuenta hoy con m\u00e1s de mil millones de aficionados y que mueve un mercado con ingresos de m\u00e1s 3.000 millones de d\u00f3lares por temporada. Con esta novela, Montero rinde tributo a aquellos pioneros y a las mujeres que rompieron moldes: \u00abUnas compitieron, otras fueron ingenieras, mec\u00e1nicas, directoras de equipo, periodistas especializadas y gestoras al frente de algunas de las compa\u00f1\u00edas del sector. Y todas ellas han servido de ejemplo para futuras generaciones de mujeres\u00bb. <\/p>\n<p>                            <img decoding=\"async\" src=\"https:\/\/www.europesays.com\/es\/wp-content\/uploads\/2025\/09\/dama-niebla-libro.jpg\" loading=\"lazy\"\/><\/p>\n<p><b>La dama de la niebla<\/b><\/p>\n<ul>&#13;<\/p>\n<li>Carla Montero<\/li>\n<p>&#13;<\/p>\n<li>Destino<\/li>\n<p>&#13;<\/p>\n<li>544 p\u00e1ginas<\/li>\n<p>&#13;<\/p>\n<li>21,75 euros<\/li>\n<p>&#13;\n<\/ul>\n<p>                            <img decoding=\"async\" src=\"https:\/\/www.europesays.com\/es\/wp-content\/uploads\/2025\/09\/770x_carla-montero-foto.jpeg\" loading=\"lazy\"\/><\/p>\n<p>                            Carla Montero<\/p>\n<p>                            <img decoding=\"async\" src=\"https:\/\/www.europesays.com\/es\/wp-content\/uploads\/2025\/09\/carla-montero-tabla-esmeralda.jpeg\" loading=\"lazy\"\/><\/p>\n<p>&#8216;La tabla esmeralda&#8217;<\/p>\n<p>Como dec\u00edamos, la escritora madrile\u00f1a se consolid\u00f3 en 2012 como una voz de \u00e9xito en la novela con La tabla esmeralda, con 200.000 ejemplares vendidos en nuestro pa\u00eds y con traducciones en Francia, Alemania, Polonia e Italia. Dos l\u00edneas temporales y tres escenarios se entrecruzan en el cuadro atribuido a Giorgione, bajo el t\u00edtulo El Astr\u00f3logo. Una joven historiadora del Prado encuentra una carta fechada en los a\u00f1os de la Segunda Guerra Mundial. En la misiva, el autor sugiere la existencia del valioso El Astr\u00f3logo. Un hallazgo que pondr\u00e1 en alerta al adinerado coleccionista alem\u00e1n con el que Ana comparte su vida. En el camino de b\u00fasqueda del cuadro sale al paso un profesor experto en localizar arte expoliado por los nazis. Frente a ese Madrid actual, el Par\u00eds de la ocupaci\u00f3n alemana, con un comandante de las SS que recibe el mandato de hallar el paradero del \u00f3leo. Hitler est\u00e1 convencido de que El Astr\u00f3logo alberga un enigma.<\/p>\n<p>WhatsApp<a href=\"https:\/\/api.whatsapp.com\/send?text=https:\/\/www.eleconomista.es\/evasion\/noticias\/13529081\/09\/25\/lo-nuevo-de-la-autora-de-la-tabla-esmeralda-montecarlo-lujo-y-glamour-en-las-carreras-de-coches-de-la-golden-era.html?utm_source%3Dwhatsapp%26utm_medium%3Dshare_button&amp;id=1648118629957_whatsapp\" target=\"_blank\" data-action=\"share\/whatsapp\/share\" aria-label=\"Compartir en Whatsapp\" rel=\"nofollow noopener\"><\/a>Facebook<a id=\"fb-share\" href=\"#\" target=\"_blank\" rel=\"noopener noreferrer\" aria-label=\"Compartir en Facebook\"><\/a>Twitter<a href=\"https:\/\/twitter.com\/share?text=Lo+nuevo+de+la+autora+de+%27La+tabla+esmeralda%27%3A+Montecarlo%2C+lujo+y+glamour+en+las+carreras+de+coches+de+la+Golden+Era&amp;url=https:\/\/www.eleconomista.es\/evasion\/noticias\/13529081\/09\/25\/lo-nuevo-de-la-autora-de-la-tabla-esmeralda-montecarlo-lujo-y-glamour-en-las-carreras-de-coches-de-la-golden-era.html&amp;via=elEconomistaes&amp;id=1648118839245_twitter\" target=\"_blank\" aria-label=\"Compartir en Twitter\" rel=\"nofollow noopener\"><\/a>Linkedin<a href=\"https:\/\/linkedin.com\/share?text=https:\/\/www.eleconomista.es\/evasion\/noticias\/13529081\/09\/25\/lo-nuevo-de-la-autora-de-la-tabla-esmeralda-montecarlo-lujo-y-glamour-en-las-carreras-de-coches-de-la-golden-era.html&amp;via=elEconomistaes\" target=\"_blank\" aria-label=\"Compartir en linkedin\" rel=\"nofollow noopener\"><\/a>Beloud<a href=\"https:\/\/beloud.com\/share?text=Lo+nuevo+de+la+autora+de+%27La+tabla+esmeralda%27%3A+Montecarlo%2C+lujo+y+glamour+en+las+carreras+de+coches+de+la+Golden+Era&amp;url=https:\/\/www.eleconomista.es\/evasion\/noticias\/13529081\/09\/25\/lo-nuevo-de-la-autora-de-la-tabla-esmeralda-montecarlo-lujo-y-glamour-en-las-carreras-de-coches-de-la-golden-era.html&amp;via=elEconomistaes&amp;id=1648118839245_beloud\" target=\"_blank\" aria-label=\"Compartir en beloud\" rel=\"nofollow noopener\"><\/a>Bluesky<a href=\"https:\/\/bsky.app\/intent\/compose?text=https:\/\/bsky.app\/intent\/compose?text=https:\/\/www.eleconomista.es\/evasion\/noticias\/13529081\/09\/25\/lo-nuevo-de-la-autora-de-la-tabla-esmeralda-montecarlo-lujo-y-glamour-en-las-carreras-de-coches-de-la-golden-era.html&amp;url=https:\/\/www.eleconomista.es\/evasion\/noticias\/13529081\/09\/25\/lo-nuevo-de-la-autora-de-la-tabla-esmeralda-montecarlo-lujo-y-glamour-en-las-carreras-de-coches-de-la-golden-era.html&amp;via=elEconomistaes&amp;id=1648118839245_bluesky\" target=\"_blank\" aria-label=\"Compartir en bluesky\" rel=\"nofollow noopener\"><\/a><\/p>\n<p><script async src=\"https:\/\/platform.twitter.com\/widgets.js\" charset=\"utf-8\"><\/script><\/p>\n","protected":false},"excerpt":{"rendered":"Regresa a las librer\u00edas Carla Montero, autora de La tabla esmeralda (Plaza &amp; Jan\u00e9s). Su nuevo t\u00edtulo, La&hellip;\n","protected":false},"author":2,"featured_media":92728,"comment_status":"","ping_status":"","sticky":false,"template":"","format":"standard","meta":{"footnotes":""},"categories":[172],"tags":[224,146,147,25,24,21517,225,23],"class_list":{"0":"post-92727","1":"post","2":"type-post","3":"status-publish","4":"format-standard","5":"has-post-thumbnail","7":"category-libros","8":"tag-books","9":"tag-entertainment","10":"tag-entretenimiento","11":"tag-es","12":"tag-espana","13":"tag-evasian","14":"tag-libros","15":"tag-spain"},"share_on_mastodon":{"url":"","error":""},"_links":{"self":[{"href":"https:\/\/www.europesays.com\/es\/wp-json\/wp\/v2\/posts\/92727","targetHints":{"allow":["GET"]}}],"collection":[{"href":"https:\/\/www.europesays.com\/es\/wp-json\/wp\/v2\/posts"}],"about":[{"href":"https:\/\/www.europesays.com\/es\/wp-json\/wp\/v2\/types\/post"}],"author":[{"embeddable":true,"href":"https:\/\/www.europesays.com\/es\/wp-json\/wp\/v2\/users\/2"}],"replies":[{"embeddable":true,"href":"https:\/\/www.europesays.com\/es\/wp-json\/wp\/v2\/comments?post=92727"}],"version-history":[{"count":0,"href":"https:\/\/www.europesays.com\/es\/wp-json\/wp\/v2\/posts\/92727\/revisions"}],"wp:featuredmedia":[{"embeddable":true,"href":"https:\/\/www.europesays.com\/es\/wp-json\/wp\/v2\/media\/92728"}],"wp:attachment":[{"href":"https:\/\/www.europesays.com\/es\/wp-json\/wp\/v2\/media?parent=92727"}],"wp:term":[{"taxonomy":"category","embeddable":true,"href":"https:\/\/www.europesays.com\/es\/wp-json\/wp\/v2\/categories?post=92727"},{"taxonomy":"post_tag","embeddable":true,"href":"https:\/\/www.europesays.com\/es\/wp-json\/wp\/v2\/tags?post=92727"}],"curies":[{"name":"wp","href":"https:\/\/api.w.org\/{rel}","templated":true}]}}