{"id":92731,"date":"2025-09-04T11:43:10","date_gmt":"2025-09-04T11:43:10","guid":{"rendered":"https:\/\/www.europesays.com\/es\/92731\/"},"modified":"2025-09-04T11:43:10","modified_gmt":"2025-09-04T11:43:10","slug":"romeria-el-decepcionante-final-de-la-trilogia-con-la-que-carla-simon-ha-cambiado-el-cine-espanol","status":"publish","type":"post","link":"https:\/\/www.europesays.com\/es\/92731\/","title":{"rendered":"\u2018Romer\u00eda\u2019, el decepcionante final de la trilog\u00eda con la que Carla Sim\u00f3n ha cambiado el cine espa\u00f1ol"},"content":{"rendered":"<p class=\"article-text\">\n        Es obligatorio entender <strong>Romer\u00eda<\/strong><strong> <\/strong>\u2014<a href=\"https:\/\/www.infolibre.es\/cultura\/cine\/sirat-romeria-sorda-tres-peliculas-espanolas-preseleccionadas-oscar_1_2056366.html\" target=\"_blank\" class=\"link\" rel=\"nofollow noopener\">preseleccionada este mi\u00e9rcoles<\/a> como candidata a los Oscar\u2014 <strong>como la cumbre del proyecto art\u00edstico<\/strong> que inaugur\u00f3 Verano 1993 en 2017 y prosigui\u00f3 Alcarr\u00e0s en 2022. Pues este proyecto art\u00edstico est\u00e1 consagrado a <strong>la relaci\u00f3n de Carla Sim\u00f3n con sus padres fallecidos<\/strong> y discurre por los obvios cauces de la autobiograf\u00eda, sin que la directora barcelonesa haya pretendido nunca disimularlo. Verano 1993 \u2014<a href=\"https:\/\/www.infolibre.es\/cultura\/cine\/pelicula-semana\/sorda-correcta-sensible-inmersion-mirada-persona-rodeada-silencio_1_1970719.html\" target=\"_blank\" class=\"link\" rel=\"nofollow noopener\">un absoluto terremoto para la cinematograf\u00eda patria<\/a>\u2014 retrataba <a href=\"https:\/\/www.infolibre.es\/veranolibre\/cuenta-verano-1993_1_1842721.html\" target=\"_blank\" class=\"link\" rel=\"nofollow noopener\">el duelo inmediato<\/a> de Sim\u00f3n cuando no era m\u00e1s que una ni\u00f1a y acababa de irse a vivir con su familia materna. Alcarr\u00e0s manten\u00eda el apego a este clan para explorar su convivencia dentro de <strong>un mundo rural en crisis<\/strong>, para que ahora Romer\u00eda se gire a la familia del padre cuando su hija ha decidido estudiar cine, y se lanza a investigarla.\n    <\/p>\n<p class=\"offer__name\">infoLibre premium<\/p>\n<p>\n                            8\u20ac\/mes<br \/>\n                            75\u20ac\/a\u00f1o\n                        <\/p>\n<p>\n                            Ahorra 21\u20ac\n                        <\/p>\n<p>                                        <a class=\"offer__suscription bh-btn\" href=\"https:\/\/usuarios.infolibre.es\/hazte_socio\/\" rel=\"nofollow noopener\" target=\"_self\" title=\"Suscr\u00edbete\" data-google-interstitial=\"false\" data-dl-subscription-params=\"{&quot;value&quot;:&quot;75&quot;,&quot;currency&quot;:&quot;EUR&quot;,&quot;im_type&quot;:&quot;infoLibre_premium&quot;,&quot;method&quot;:&quot;paywall&quot;,&quot;im_location&quot;:&quot;banner_paywall&quot;,&quot;im_section&quot;:&quot;la pel\\u00edcula de la semana&quot;,&quot;items&quot;:[{&quot;item_name&quot;:&quot;infoLibre_premium&quot;,&quot;price&quot;:&quot;75&quot;,&quot;discount&quot;:&quot;21&quot;,&quot;quantity&quot;:&quot;1&quot;}]}\">Suscr\u00edbete<\/a><\/p>\n<ul class=\"offer__description\">\n<li>Lee art\u00edculos sin l\u00edmites<\/li>\n<li>Sin publicidad<\/li>\n<li>Recibe TintaLibre en tu casa<\/li>\n<\/ul>\n<p class=\"offer__name\">infoLibre total<\/p>\n<p>\n                            6\u20ac\/mes<br \/>\n                            55\u20ac\/a\u00f1o\n                        <\/p>\n<p>\n                            Ahorra 17\u20ac\n                        <\/p>\n<p>                                        <a class=\"offer__suscription bh-btn\" href=\"https:\/\/usuarios.infolibre.es\/hazte_socio\/\" rel=\"nofollow noopener\" target=\"_self\" title=\"Suscr\u00edbete\" data-google-interstitial=\"false\" data-dl-subscription-params=\"{&quot;value&quot;:&quot;55&quot;,&quot;currency&quot;:&quot;EUR&quot;,&quot;im_type&quot;:&quot;infoLibre_total&quot;,&quot;method&quot;:&quot;paywall&quot;,&quot;im_location&quot;:&quot;banner_paywall&quot;,&quot;im_section&quot;:&quot;la pel\\u00edcula de la semana&quot;,&quot;items&quot;:[{&quot;item_name&quot;:&quot;infoLibre_total&quot;,&quot;price&quot;:&quot;55&quot;,&quot;discount&quot;:&quot;17&quot;,&quot;quantity&quot;:&quot;1&quot;}]}\">Suscr\u00edbete<\/a><\/p>\n<ul class=\"offer__description\">\n<li>Lee art\u00edculos sin l\u00edmites<\/li>\n<li>Sin publicidad<\/li>\n<\/ul>\n","protected":false},"excerpt":{"rendered":"Es obligatorio entender Romer\u00eda \u2014preseleccionada este mi\u00e9rcoles como candidata a los Oscar\u2014 como la cumbre del proyecto art\u00edstico&hellip;\n","protected":false},"author":2,"featured_media":92732,"comment_status":"","ping_status":"","sticky":false,"template":"","format":"standard","meta":{"footnotes":""},"categories":[169],"tags":[3016,4846,177,4881,146,147,25,24,1489,176,1058,175,6600,4800,23,12627],"class_list":{"0":"post-92731","1":"post","2":"type-post","3":"status-publish","4":"format-standard","5":"has-post-thumbnail","7":"category-cine","8":"tag-cambiado","9":"tag-carla","10":"tag-cine","11":"tag-decepcionante","12":"tag-entertainment","13":"tag-entretenimiento","14":"tag-es","15":"tag-espana","16":"tag-espanol","17":"tag-film","18":"tag-final","19":"tag-movies","20":"tag-romeria","21":"tag-simon","22":"tag-spain","23":"tag-trilogia"},"share_on_mastodon":{"url":"","error":""},"_links":{"self":[{"href":"https:\/\/www.europesays.com\/es\/wp-json\/wp\/v2\/posts\/92731","targetHints":{"allow":["GET"]}}],"collection":[{"href":"https:\/\/www.europesays.com\/es\/wp-json\/wp\/v2\/posts"}],"about":[{"href":"https:\/\/www.europesays.com\/es\/wp-json\/wp\/v2\/types\/post"}],"author":[{"embeddable":true,"href":"https:\/\/www.europesays.com\/es\/wp-json\/wp\/v2\/users\/2"}],"replies":[{"embeddable":true,"href":"https:\/\/www.europesays.com\/es\/wp-json\/wp\/v2\/comments?post=92731"}],"version-history":[{"count":0,"href":"https:\/\/www.europesays.com\/es\/wp-json\/wp\/v2\/posts\/92731\/revisions"}],"wp:featuredmedia":[{"embeddable":true,"href":"https:\/\/www.europesays.com\/es\/wp-json\/wp\/v2\/media\/92732"}],"wp:attachment":[{"href":"https:\/\/www.europesays.com\/es\/wp-json\/wp\/v2\/media?parent=92731"}],"wp:term":[{"taxonomy":"category","embeddable":true,"href":"https:\/\/www.europesays.com\/es\/wp-json\/wp\/v2\/categories?post=92731"},{"taxonomy":"post_tag","embeddable":true,"href":"https:\/\/www.europesays.com\/es\/wp-json\/wp\/v2\/tags?post=92731"}],"curies":[{"name":"wp","href":"https:\/\/api.w.org\/{rel}","templated":true}]}}