{"id":92787,"date":"2025-09-04T12:16:13","date_gmt":"2025-09-04T12:16:13","guid":{"rendered":"https:\/\/www.europesays.com\/es\/92787\/"},"modified":"2025-09-04T12:16:13","modified_gmt":"2025-09-04T12:16:13","slug":"arrasa-manuel-diosleguarde-estos-son-los-triunfadores-de-la-feria-taurina-de-guijuelo","status":"publish","type":"post","link":"https:\/\/www.europesays.com\/es\/92787\/","title":{"rendered":"Arrasa Manuel Diosleguarde: estos son los triunfadores de la feria taurina de Guijuelo"},"content":{"rendered":"<p><a class=\"v-mdl-ath__fig-a\" href=\"https:\/\/www.lagacetadesalamanca.es\/autor\/javier-lorenzo-5975.html\" title=\"Javier Lorenzo\" rel=\"nofollow noopener\" target=\"_blank\"><br \/>\n<img decoding=\"async\" class=\"v-mdl-ath__img\" src=\"https:\/\/www.europesays.com\/es\/wp-content\/uploads\/2025\/08\/autor-5975-foto-1.png\" alt=\"Javier Lorenzo\"\/><br \/>\n<\/a><\/p>\n<p class=\"v-mdl-ath__p v-mdl-ath__p--6\">\nJueves, 4 de septiembre 2025, 13:38<\/p>\n<p class=\"v-p\">La Asociaci\u00f3n Taurina de Guijuelo ha hecho p\u00fablicos los premios correspondientes a la reci\u00e9n concluida Feria Taurina 2025, celebrada del 15 al 19 de agosto, en la que Manuel Diosleguarde pas\u00f3 con gran rotundidad con dos faenas de enorme m\u00e9rito a toros de La Ventana del Puerto y Toros de Orive a los que cort\u00f3 cuatro orejas. Esa misma tarde del 18 de agosto actu\u00f3 Emilio de Justo, que ha sido proclamado como autor de la mejor faena del ciclo, por la que realiz\u00f3 al segundo toro de la tarde, Sinfon\u00eda de nombre y de la ganader\u00eda de Toros de Orive. <\/p>\n<p class=\"v-p\">La amplia lista de premiados del ciclo taurino de Guijuelo es la siguiente: <\/p>\n<p class=\"v-p\">\u2014Triunfador de la feria: Manuel Diosleguarde, quien rubric\u00f3 el 19 de agosto una tarde memorable, desbordando entrega y temple, logrando abrir la puerta con dos faenas de gran conexi\u00f3n con el p\u00fablico que fueron premiadas con un bot\u00edn de cuatro orejas. <\/p>\n<p class=\"v-p\">-Mejor faena: Emilio de Justo, por su actuaci\u00f3n al segundo toro de la ganader\u00eda de Toros de Orive el 18 de septiembre.<\/p>\n<p class=\"v-p\">-Mejor ganader\u00eda: Jos\u00e9 Enrique Fraile de Valdefresno, cuyos toros destacaron por su presentaci\u00f3n, bravura y transmisi\u00f3n, ofreciendo un gran juego en la lidia.<\/p>\n<p class=\"v-p\">-Detalle Taurino: A Javier Casta\u00f1o y a Pedro Guti\u00e9rrez \u00abEl Capea\u00bb, por su despedida de los ruedos en el coso guijuelense, aportando a la feria en un acontecimiento de enorme carga emotiva.<\/p>\n<p class=\"v-p\">-Torero Revelaci\u00f3n: Al novillero Julio Norte, que en el festejo mixto del d\u00eda 17 mostr\u00f3 decisi\u00f3n y frescura, apuntando un prometedor futuro.<\/p>\n<p class=\"v-p\">-Menci\u00f3n especial: A Alfonso Salinero, por sus 50 a\u00f1os de dedicaci\u00f3n como presidente de la plaza de toros de Guijuelo, ejemplo de compromiso y entrega a la fiesta.<\/p>\n<p class=\"v-p\">-Difusi\u00f3n de la Fiesta: A la Escuela Taurina de Salamanca, en reconocimiento a su 40\u00ba aniversario formando nuevas generaciones de toreros y transmitiendo los valores de la tauromaquia.<\/p>\n<p>Comenta<\/p>\n<p>Reporta un error<\/p>\n","protected":false},"excerpt":{"rendered":"Jueves, 4 de septiembre 2025, 13:38 La Asociaci\u00f3n Taurina de Guijuelo ha hecho p\u00fablicos los premios correspondientes a&hellip;\n","protected":false},"author":2,"featured_media":92788,"comment_status":"","ping_status":"","sticky":false,"template":"","format":"standard","meta":{"footnotes":""},"categories":[277],"tags":[7200,373,168,30492,25,24,599,4203,841,23,167,600,374,20804],"class_list":{"0":"post-92787","1":"post","2":"type-post","3":"status-publish","4":"format-standard","5":"has-post-thumbnail","7":"category-toreo","8":"tag-arrasa","9":"tag-bullfighting","10":"tag-deportes","11":"tag-diosleguarde","12":"tag-es","13":"tag-espana","14":"tag-feria","15":"tag-guijuelo","16":"tag-manuel","17":"tag-spain","18":"tag-sports","19":"tag-taurina","20":"tag-toreo","21":"tag-triunfadores"},"share_on_mastodon":{"url":"","error":""},"_links":{"self":[{"href":"https:\/\/www.europesays.com\/es\/wp-json\/wp\/v2\/posts\/92787","targetHints":{"allow":["GET"]}}],"collection":[{"href":"https:\/\/www.europesays.com\/es\/wp-json\/wp\/v2\/posts"}],"about":[{"href":"https:\/\/www.europesays.com\/es\/wp-json\/wp\/v2\/types\/post"}],"author":[{"embeddable":true,"href":"https:\/\/www.europesays.com\/es\/wp-json\/wp\/v2\/users\/2"}],"replies":[{"embeddable":true,"href":"https:\/\/www.europesays.com\/es\/wp-json\/wp\/v2\/comments?post=92787"}],"version-history":[{"count":0,"href":"https:\/\/www.europesays.com\/es\/wp-json\/wp\/v2\/posts\/92787\/revisions"}],"wp:featuredmedia":[{"embeddable":true,"href":"https:\/\/www.europesays.com\/es\/wp-json\/wp\/v2\/media\/92788"}],"wp:attachment":[{"href":"https:\/\/www.europesays.com\/es\/wp-json\/wp\/v2\/media?parent=92787"}],"wp:term":[{"taxonomy":"category","embeddable":true,"href":"https:\/\/www.europesays.com\/es\/wp-json\/wp\/v2\/categories?post=92787"},{"taxonomy":"post_tag","embeddable":true,"href":"https:\/\/www.europesays.com\/es\/wp-json\/wp\/v2\/tags?post=92787"}],"curies":[{"name":"wp","href":"https:\/\/api.w.org\/{rel}","templated":true}]}}