{"id":92839,"date":"2025-09-04T12:49:09","date_gmt":"2025-09-04T12:49:09","guid":{"rendered":"https:\/\/www.europesays.com\/es\/92839\/"},"modified":"2025-09-04T12:49:09","modified_gmt":"2025-09-04T12:49:09","slug":"artigue-lleva-a-espacio-factor-de-san-feliz-su-trumpsilvania","status":"publish","type":"post","link":"https:\/\/www.europesays.com\/es\/92839\/","title":{"rendered":"Artigue lleva a Espacio Factor de San Feliz su &#8216;Trumpsilvania&#8217;"},"content":{"rendered":"<p>                                    <img decoding=\"async\" loading=\"lazy\" src=\"https:\/\/www.europesays.com\/es\/wp-content\/uploads\/2025\/09\/65f8588ed278b.jpeg\" alt=\"Pacho Rodr\u00edguez\" width=\"40\" height=\"40\" data-full-src=\"https:\/\/www.europesays.com\/es\/wp-content\/uploads\/2025\/09\/65f8588ed278b.jpeg\"\/><\/p>\n<p class=\"paragraph\">\u00bfTerror pol\u00edtico? \u00bfO un sangriento guion de serie B donde los protagonistas no son los vampiros sino sus v\u00edctimas femeninas? \u00bfO una revisi\u00f3n feminista e indie de Dr\u00e1cula? \u00bfO una cr\u00f3nica vamp\u00edrica del capitalismo? \u00bfO una locura? \u00bfO la cruda realidad?<\/p>\n<p class=\"paragraph\">Puede que las respuestas est\u00e9n hoy a las 19.30 horas, en Factor Espacio San Feliz, cuando Luis Artigue, en conversaci\u00f3n con Gonzalo Gonz\u00e1lez Laiz, escritor y cin\u00e9filo, decida contarlo todo. O no contarlo porque el secreto est\u00e1 en el libro. Lo que s\u00ed est\u00e1 claro es que desveladas o no s\u00f3lo caben en la cabeza de un escritor como Artigue, autor de libros como Club La Sorbona (2013, Alianza; Premio Miguel Delibes), Donde siempre es medianoche (2018, Pez de Plata; Premio Celsius), Caf\u00e9 Jazz el Destripador (2020, Pez de Plata; Premio Lloret Negre a la Mejor Novela en Castellano), Ficci\u00f3n para multitudes (2022, Pez de Plata). De hecho, esas preguntas iniciales las brinda el propio narrador, escritor y poeta leon\u00e9s. As\u00ed que tan fundamental su lectura como acudir hoy a un espacio \u00fanico como Factor.<\/p>\n<p class=\"paragraph\">La sinopsis prosigue as\u00ed: Noviembre de 2024. USA. Donald Trump, nuevo Presidente electo, acaba de anunciar la composici\u00f3n de un gobierno paritario con el mismo n\u00famero de humanos que de vampiros. Mientras, Jonathan Harker, el jefe mafioso de Crapulake City, sufre un accidente de tr\u00e1fico y queda relegado de por vida a una silla de ruedas. Y su mujer (Mina Harker) y su amante (Lucy Holmwood) se al\u00edan empresarialmente entonces, para pasar a dirigir juntas el imperio criminal de la familia Harker con gran eficacia. Pero tal osad\u00eda femenina no puede quedar impune, asegura el g\u00e1nster de la banda rival (el Conde Orlok). Y lo mismo opina Jonathan Harker. Ambos han cometido el error de pensar que esas dos mujeres son la presa, y no el depredador.<\/p>\n<p class=\"paragraph\">Solo una novela como \u00e9sta puede ser una pel\u00edcula escrita y dirigida a cuatro manos por George A. Romero y Dario Argento, protagonizada por Brad Pitt y Marilyn Monroe y con m\u00fasica compuesta expresamente por Johan Sebastian Bach.<\/p>\n","protected":false},"excerpt":{"rendered":"\u00bfTerror pol\u00edtico? \u00bfO un sangriento guion de serie B donde los protagonistas no son los vampiros sino sus&hellip;\n","protected":false},"author":2,"featured_media":92840,"comment_status":"","ping_status":"","sticky":false,"template":"","format":"standard","meta":{"footnotes":""},"categories":[172],"tags":[224,177,146,147,25,24,225,2052,23],"class_list":{"0":"post-92839","1":"post","2":"type-post","3":"status-publish","4":"format-standard","5":"has-post-thumbnail","7":"category-libros","8":"tag-books","9":"tag-cine","10":"tag-entertainment","11":"tag-entretenimiento","12":"tag-es","13":"tag-espana","14":"tag-libros","15":"tag-poesia","16":"tag-spain"},"share_on_mastodon":{"url":"","error":""},"_links":{"self":[{"href":"https:\/\/www.europesays.com\/es\/wp-json\/wp\/v2\/posts\/92839","targetHints":{"allow":["GET"]}}],"collection":[{"href":"https:\/\/www.europesays.com\/es\/wp-json\/wp\/v2\/posts"}],"about":[{"href":"https:\/\/www.europesays.com\/es\/wp-json\/wp\/v2\/types\/post"}],"author":[{"embeddable":true,"href":"https:\/\/www.europesays.com\/es\/wp-json\/wp\/v2\/users\/2"}],"replies":[{"embeddable":true,"href":"https:\/\/www.europesays.com\/es\/wp-json\/wp\/v2\/comments?post=92839"}],"version-history":[{"count":0,"href":"https:\/\/www.europesays.com\/es\/wp-json\/wp\/v2\/posts\/92839\/revisions"}],"wp:featuredmedia":[{"embeddable":true,"href":"https:\/\/www.europesays.com\/es\/wp-json\/wp\/v2\/media\/92840"}],"wp:attachment":[{"href":"https:\/\/www.europesays.com\/es\/wp-json\/wp\/v2\/media?parent=92839"}],"wp:term":[{"taxonomy":"category","embeddable":true,"href":"https:\/\/www.europesays.com\/es\/wp-json\/wp\/v2\/categories?post=92839"},{"taxonomy":"post_tag","embeddable":true,"href":"https:\/\/www.europesays.com\/es\/wp-json\/wp\/v2\/tags?post=92839"}],"curies":[{"name":"wp","href":"https:\/\/api.w.org\/{rel}","templated":true}]}}