{"id":92861,"date":"2025-09-04T13:01:08","date_gmt":"2025-09-04T13:01:08","guid":{"rendered":"https:\/\/www.europesays.com\/es\/92861\/"},"modified":"2025-09-04T13:01:08","modified_gmt":"2025-09-04T13:01:08","slug":"el-fertiberia-puerto-sagunto-quiere-regresar-a-la-elite","status":"publish","type":"post","link":"https:\/\/www.europesays.com\/es\/92861\/","title":{"rendered":"El Fertiberia Puerto Sagunto quiere regresar a la elite"},"content":{"rendered":"<p class=\"v-mdl-ath__p v-mdl-ath__p--6\">\nJueves, 4 de septiembre 2025, 14:24<\/p>\n<p class=\"v-p\">El Fertiberia Balonmano Puerto Sagunto se present\u00f3 este mi\u00e9rcoles en el Terraet del Tri\u00e1ngulo Umbral tanto a la plantilla del primer equipo (ya con los fichajes incluidos) como sus nuevas equipaciones de la marca italiana Erre\u00e0. Con el objetivo de regresar a la m\u00e1xima categor\u00eda del balonmano espa\u00f1ol, la Liga Nexus Energ\u00eda ASOBAL, los rojiblancos, dirigidos por Toni Malla y con la presencia de las nuevas incorporaciones (Juani Villarreal, Jakob Pelko, Alex Pozzer, Alberto Serradilla, Nicol\u00e1s Zungri, Carlos Mart\u00edn de Bola\u00f1os Ruiz y Oriol Teixidor), se presentaron ante el resto de los equipos de la base y los aficionados presentes en el evento. <\/p>\n<p class=\"v-p\">El acto tambi\u00e9n sirvi\u00f3 para presentar las nuevas pieles del club de cara a la temporada 2025-2026. Unas indumentarias fabricadas por Erre\u00e0, que se ha convertido desde esta campa\u00f1a en el nuevo patrocinador t\u00e9cnico oficial del club y responsable del dise\u00f1o y la confecci\u00f3n de las equipaciones tanto del primer equipo como del resto de los equipos de la base, as\u00ed como de sus respectivos cuerpos t\u00e9cnicos para los cuatro pr\u00f3ximos cursos. Acerca de estas, tanto David Ram\u00f3n, CEO de la marca deportiva en Espa\u00f1a, como Emolio Poyato, CEO de la Agencia de branding HEFE (encargada del dise\u00f1o de la parte trasera de las vestimentas de juego), intervinieron para ofrecer m\u00e1s detalles. <\/p>\n<p class=\"v-p\">Ambas camisetas cuentan con el mismo patr\u00f3n: la primera mantiene los colores rojo y blanco caracter\u00edsticos de la entidad, mientras que la segunda mezcla diferentes tonalidades de verde. Cabe destacar que en la parte delantera aparece uno de nuestros nuevos patrocinadores, BYD Atursa. En la parte trasera entran en escena la figura de uno de los monumentos m\u00e1s representativos de la localidad, los Altos Hornos, el a\u00f1o de fundaci\u00f3n del club (1951), as\u00ed como la inclusi\u00f3n del patrocinador Ingelev en los pantalones. <\/p>\n<p class=\"v-p\">Posteriormente, tanto el primer capit\u00e1n de la plantilla de Divisi\u00f3n de Honor Plata, Diego Olba, y el entrenador, Toni Malla, dedicaron unas palabras a la afici\u00f3n. A ellos se les sumaron las del presidente del club, Carlos Argente y del alcalde de Sagunto, Dar\u00edo Moreno. Para finalizar, se proyect\u00f3 un v\u00eddeo que refleja la historia del club, plasmada en las novedosas camisetas. Un contenido que ya se puede ver en las redes sociales de la entidad y que ha sido producido por Alejandro Berm\u00fadez y Pepa Conesa. <\/p>\n<p>Comenta<\/p>\n<p>Reporta un error<\/p>\n","protected":false},"excerpt":{"rendered":"Jueves, 4 de septiembre 2025, 14:24 El Fertiberia Balonmano Puerto Sagunto se present\u00f3 este mi\u00e9rcoles en el Terraet&hellip;\n","protected":false},"author":2,"featured_media":92862,"comment_status":"","ping_status":"","sticky":false,"template":"","format":"standard","meta":{"footnotes":""},"categories":[278],"tags":[376,168,1755,25,24,33590,375,4032,2615,5778,10381,23,167],"class_list":{"0":"post-92861","1":"post","2":"type-post","3":"status-publish","4":"format-standard","5":"has-post-thumbnail","7":"category-balonmano","8":"tag-balonmano","9":"tag-deportes","10":"tag-elite","11":"tag-es","12":"tag-espana","13":"tag-fertiberia","14":"tag-handball","15":"tag-puerto","16":"tag-quiere","17":"tag-regresar","18":"tag-sagunto","19":"tag-spain","20":"tag-sports"},"share_on_mastodon":{"url":"","error":""},"_links":{"self":[{"href":"https:\/\/www.europesays.com\/es\/wp-json\/wp\/v2\/posts\/92861","targetHints":{"allow":["GET"]}}],"collection":[{"href":"https:\/\/www.europesays.com\/es\/wp-json\/wp\/v2\/posts"}],"about":[{"href":"https:\/\/www.europesays.com\/es\/wp-json\/wp\/v2\/types\/post"}],"author":[{"embeddable":true,"href":"https:\/\/www.europesays.com\/es\/wp-json\/wp\/v2\/users\/2"}],"replies":[{"embeddable":true,"href":"https:\/\/www.europesays.com\/es\/wp-json\/wp\/v2\/comments?post=92861"}],"version-history":[{"count":0,"href":"https:\/\/www.europesays.com\/es\/wp-json\/wp\/v2\/posts\/92861\/revisions"}],"wp:featuredmedia":[{"embeddable":true,"href":"https:\/\/www.europesays.com\/es\/wp-json\/wp\/v2\/media\/92862"}],"wp:attachment":[{"href":"https:\/\/www.europesays.com\/es\/wp-json\/wp\/v2\/media?parent=92861"}],"wp:term":[{"taxonomy":"category","embeddable":true,"href":"https:\/\/www.europesays.com\/es\/wp-json\/wp\/v2\/categories?post=92861"},{"taxonomy":"post_tag","embeddable":true,"href":"https:\/\/www.europesays.com\/es\/wp-json\/wp\/v2\/tags?post=92861"}],"curies":[{"name":"wp","href":"https:\/\/api.w.org\/{rel}","templated":true}]}}