{"id":92881,"date":"2025-09-04T13:14:07","date_gmt":"2025-09-04T13:14:07","guid":{"rendered":"https:\/\/www.europesays.com\/es\/92881\/"},"modified":"2025-09-04T13:14:07","modified_gmt":"2025-09-04T13:14:07","slug":"lady-gaga-estrena-el-video-de-the-dead-dance-dirigido-por-tim-burton","status":"publish","type":"post","link":"https:\/\/www.europesays.com\/es\/92881\/","title":{"rendered":"Lady Gaga estrena el v\u00eddeo de &#8216;The Dead Dance&#8217;, dirigido por Tim Burton"},"content":{"rendered":"<p class=\"c-paragraph\"><a href=\"https:\/\/www.20minutos.es\/tags\/temas\/lady-gaga-cantante.html\" title=\"Lady Gaga\" rel=\"nofollow noopener\" target=\"_blank\"><b>Lady Gaga<\/b><\/a> estren\u00f3 este mi\u00e9rcoles The Dead Dance, <b>su nueva canci\u00f3n, que ya cuenta con m\u00e1s de 791.000 reproducciones<\/b> en <a href=\"https:\/\/www.20minutos.es\/tags\/temas\/youtube.html\" title=\"YouTube\" rel=\"nofollow noopener\" target=\"_blank\">YouTube<\/a>, y cuyo video, dirigido por el cineasta <a href=\"https:\/\/www.20minutos.es\/tags\/temas\/tim-burton.html\" title=\"Tim Burton\" rel=\"nofollow noopener\" target=\"_blank\">Tim Burton<\/a>, fue filmado en la Isla de las Mu\u00f1ecas de Xochimilco, al sur de la Ciudad de M\u00e9xico.<\/p>\n<p class=\"c-paragraph\">En el videoclip, que es en blanco y negro, se puede observar la vegetaci\u00f3n que rodea los emblem\u00e1ticos canales de Xochimilco y las <b>l\u00fagubres mu\u00f1ecas colgadas de los \u00e1rboles <\/b>adem\u00e1s de escucharse el sonido de los insectos que merodean el atractivo tur\u00edstico.<\/p>\n<p class=\"c-paragraph\">El estreno de la canci\u00f3n -mezcla entre disco, pop y g\u00f3tico- se hizo viral en redes sociales en M\u00e9xico, y har\u00e1 parte de la musicalizaci\u00f3n de la segunda temporada de la serie\u00a0<a href=\"https:\/\/www.20minutos.es\/tags\/temas\/miercoles-serie-netflix.html\" title=\"Mi\u00e9rcoles - Serie de Netflix\" rel=\"nofollow noopener\" target=\"_blank\">Wednesday<\/a>, dirigida tambi\u00e9n por Burton y protagonizada por <a href=\"https:\/\/www.20minutos.es\/tags\/temas\/jenna-ortega.html\" title=\"Jenna Ortega\" rel=\"nofollow noopener\" target=\"_blank\">Jenna Ortega<\/a>. Adem\u00e1s, <b>Lady Gaga se suma al elenco de la serie de <a href=\"https:\/\/www.20minutos.es\/tags\/temas\/netflix.html\" title=\"Netflix\" rel=\"nofollow noopener\" target=\"_blank\">Netflix<\/a>, al representar a la profesora Rosaline Rotwood<\/b>, uno de los personajes m\u00e1s esperados en la nueva temporada.<\/p>\n<p class=\"c-paragraph\">En la canci\u00f3n, Gaga luce un rostro roto y viste un atuendo victoriano, similar al que tienen las mu\u00f1ecas de la Isla mexicana, en un trabajo colectivo entre la cantante, Andrew Watt y el m\u00fasico canadiense Cirkut, que<b> trae de vuelta esa esencia g\u00f3tica y teatral que caracteriz\u00f3 las piezas de\u00a0Mayhem<\/b>, con el que ofreci\u00f3 un m\u00edtico espect\u00e1culo en la pasada edici\u00f3n del festival de <a href=\"https:\/\/www.20minutos.es\/tags\/instituciones-empresas\/coachella.html\" title=\"Coachella\" rel=\"nofollow noopener\" target=\"_blank\">Coachella <\/a>en EEUU.<\/p>\n<p class=\"c-paragraph\">El escenario mexicano y el mimetismo con las mu\u00f1ecas por Lady Gaga gener\u00f3<b> una ola de reacciones en redes sociales<\/b>, donde los usuarios calificaron al videoclip como una obra de arte por c\u00f3mo los elementos visuales del pa\u00eds se fusionaron con el estilo g\u00f3tico de la compositora.<\/p>\n<p class=\"c-paragraph\">La Isla de las Mu\u00f1ecas es uno de los rincones m\u00e1s &#8216;terror\u00edficos&#8217; de la capital mexicana, ya que en su interior aguarda supersticiones ancestrales y la historia de un antiguo propietario que, hace m\u00e1s de 70 a\u00f1os, decidi\u00f3 colgar mu\u00f1ecas en los \u00e1rboles para <b>ahuyentar el esp\u00edritu de una ni\u00f1a ahogada en los canales de Xochimilco<\/b>.\u00a0<\/p>\n","protected":false},"excerpt":{"rendered":"Lady Gaga estren\u00f3 este mi\u00e9rcoles The Dead Dance, su nueva canci\u00f3n, que ya cuenta con m\u00e1s de 791.000&hellip;\n","protected":false},"author":2,"featured_media":92882,"comment_status":"","ping_status":"","sticky":false,"template":"","format":"standard","meta":{"footnotes":""},"categories":[170],"tags":[209,146,147,25,24,184,185,23],"class_list":{"0":"post-92881","1":"post","2":"type-post","3":"status-publish","4":"format-standard","5":"has-post-thumbnail","7":"category-musica","8":"tag-cultura","9":"tag-entertainment","10":"tag-entretenimiento","11":"tag-es","12":"tag-espana","13":"tag-music","14":"tag-musica","15":"tag-spain"},"share_on_mastodon":{"url":"","error":""},"_links":{"self":[{"href":"https:\/\/www.europesays.com\/es\/wp-json\/wp\/v2\/posts\/92881","targetHints":{"allow":["GET"]}}],"collection":[{"href":"https:\/\/www.europesays.com\/es\/wp-json\/wp\/v2\/posts"}],"about":[{"href":"https:\/\/www.europesays.com\/es\/wp-json\/wp\/v2\/types\/post"}],"author":[{"embeddable":true,"href":"https:\/\/www.europesays.com\/es\/wp-json\/wp\/v2\/users\/2"}],"replies":[{"embeddable":true,"href":"https:\/\/www.europesays.com\/es\/wp-json\/wp\/v2\/comments?post=92881"}],"version-history":[{"count":0,"href":"https:\/\/www.europesays.com\/es\/wp-json\/wp\/v2\/posts\/92881\/revisions"}],"wp:featuredmedia":[{"embeddable":true,"href":"https:\/\/www.europesays.com\/es\/wp-json\/wp\/v2\/media\/92882"}],"wp:attachment":[{"href":"https:\/\/www.europesays.com\/es\/wp-json\/wp\/v2\/media?parent=92881"}],"wp:term":[{"taxonomy":"category","embeddable":true,"href":"https:\/\/www.europesays.com\/es\/wp-json\/wp\/v2\/categories?post=92881"},{"taxonomy":"post_tag","embeddable":true,"href":"https:\/\/www.europesays.com\/es\/wp-json\/wp\/v2\/tags?post=92881"}],"curies":[{"name":"wp","href":"https:\/\/api.w.org\/{rel}","templated":true}]}}