{"id":92916,"date":"2025-09-04T13:36:14","date_gmt":"2025-09-04T13:36:14","guid":{"rendered":"https:\/\/www.europesays.com\/es\/92916\/"},"modified":"2025-09-04T13:36:14","modified_gmt":"2025-09-04T13:36:14","slug":"muchos-se-acuerdan-de-maria-pombo-tras-esta-frase-arturo-perez-reverte-en-el-hormiguero","status":"publish","type":"post","link":"https:\/\/www.europesays.com\/es\/92916\/","title":{"rendered":"Muchos se acuerdan de Mar\u00eda Pombo tras esta frase Arturo P\u00e9rez-Reverte en &#8216;El Hormiguero&#8217;"},"content":{"rendered":"<p><a href=\"https:\/\/www.huffingtonpost.es\/virales\/maria-pombo-no-sois-mejores-guste-leer.html\" target=\"_blank\" rel=\"nofollow noopener\">La influencer Mar\u00eda Pombo lleva tres d\u00edas en las tendencias de Espa\u00f1a en todas las redes sociales por sus palabras sobre la lectura<\/a>. La creadora de contenido afirm\u00f3: \u00abLo voy a decir. Creo que hay que empezar a superar que hay gente a la que no le gusta leer. Y encima no sois mejores porque os guste leer\u00bb.\u00a0<\/p>\n<p>\u00abLeo cosas, s\u00ed, porque me interesa ese tema en espec\u00edfico pero no me cojo un libro y me leo una historia en mi cama y no pasa nada. <b>Hay que superarlo. No a todo el mundo le gusta leer\u00bb<\/b>, coment\u00f3.\u00a0<\/p>\n<p><a href=\"https:\/\/www.huffingtonpost.es\/virales\/pablo-motos-le-pregunta-perezreverte-que-opina-feijoo-contundente-lo-mazon-perdonan.html\" target=\"_blank\" rel=\"nofollow noopener\">Este mi\u00e9rcoles, con motivo de la visita de Arturo P\u00e9rez-Reverte a El Hormiguero, muchos se han acordado de Mar\u00eda Pombo <\/a>cuando el escritor, que presenta una nueva aventura de Alatriste, ha hablado de la importancia de la cultura.\u00a0<\/p>\n<p>Ha hablado ante Pablo Motos de lo importante que es la lucidez que aportan los libros \u00abpara distinguir a los lobos de los corderos\u00bb a \u00ablos canallas de los honrados\u00bb y a \u00ablos Anguitas de los Pablo Iglesias\u00bb.\u00a0<\/p>\n<p>\u00abComo nos han privado de ella est\u00e1n desmontando esa educaci\u00f3n, demoliendo un Estado, incluyendo su educaci\u00f3n, la gente est\u00e1 cada vez m\u00e1s indefensa\u00bb, ha se\u00f1alado el escritor.\u00a0<\/p>\n<p>Y ha a\u00f1adido: <b>\u00abPor eso digo de leer Alatriste o no Alatriste, lo que sea, leer, defendeos. Un libro es un arma defensiva. Una biblioteca es una trinchera<\/b>. Diablos, utilizadla, antes de que los malos vengan y os corten el cuello como ovejas indefensas\u00bb.\u00a0<\/p>\n<p>Ha sido la\u00a0Asociaci\u00f3n ciudadana en defensa de la Feria de Libros de la Cuesta de Moyano de Madrid la que ha compartido este fragmento en sus redes con un mensaje dirigido a la influencer madrile\u00f1a.\u00a0<\/p>\n<p>\u00abLeed. \u00a1DEFENDEOS! Una biblioteca es una trinchera \u00a1Diablos! Utilizadla antes de que vengan a degollaros como ovejas indefensas. @perezreverte. <b>(mensaje de lujo a j\u00f3venes frente al penoso &#8216;no leer mola&#8217; de #Mar\u00edaPombo)\u00bb<\/b>, han afirmado desde el perfil de X de Soy de la Cuesta.\u00a0<\/p>\n","protected":false},"excerpt":{"rendered":"La influencer Mar\u00eda Pombo lleva tres d\u00edas en las tendencias de Espa\u00f1a en todas las redes sociales por&hellip;\n","protected":false},"author":2,"featured_media":92917,"comment_status":"","ping_status":"","sticky":false,"template":"","format":"standard","meta":{"footnotes":""},"categories":[171],"tags":[20728,5813,146,147,25,24,225,9127,23,214],"class_list":{"0":"post-92916","1":"post","2":"type-post","3":"status-publish","4":"format-standard","5":"has-post-thumbnail","7":"category-tv","8":"tag-arturo-perez-reverte","9":"tag-el-hormiguero","10":"tag-entertainment","11":"tag-entretenimiento","12":"tag-es","13":"tag-espana","14":"tag-libros","15":"tag-maria-pombo","16":"tag-spain","17":"tag-tv"},"share_on_mastodon":{"url":"","error":""},"_links":{"self":[{"href":"https:\/\/www.europesays.com\/es\/wp-json\/wp\/v2\/posts\/92916","targetHints":{"allow":["GET"]}}],"collection":[{"href":"https:\/\/www.europesays.com\/es\/wp-json\/wp\/v2\/posts"}],"about":[{"href":"https:\/\/www.europesays.com\/es\/wp-json\/wp\/v2\/types\/post"}],"author":[{"embeddable":true,"href":"https:\/\/www.europesays.com\/es\/wp-json\/wp\/v2\/users\/2"}],"replies":[{"embeddable":true,"href":"https:\/\/www.europesays.com\/es\/wp-json\/wp\/v2\/comments?post=92916"}],"version-history":[{"count":0,"href":"https:\/\/www.europesays.com\/es\/wp-json\/wp\/v2\/posts\/92916\/revisions"}],"wp:featuredmedia":[{"embeddable":true,"href":"https:\/\/www.europesays.com\/es\/wp-json\/wp\/v2\/media\/92917"}],"wp:attachment":[{"href":"https:\/\/www.europesays.com\/es\/wp-json\/wp\/v2\/media?parent=92916"}],"wp:term":[{"taxonomy":"category","embeddable":true,"href":"https:\/\/www.europesays.com\/es\/wp-json\/wp\/v2\/categories?post=92916"},{"taxonomy":"post_tag","embeddable":true,"href":"https:\/\/www.europesays.com\/es\/wp-json\/wp\/v2\/tags?post=92916"}],"curies":[{"name":"wp","href":"https:\/\/api.w.org\/{rel}","templated":true}]}}