{"id":92918,"date":"2025-09-04T13:37:09","date_gmt":"2025-09-04T13:37:09","guid":{"rendered":"https:\/\/www.europesays.com\/es\/92918\/"},"modified":"2025-09-04T13:37:09","modified_gmt":"2025-09-04T13:37:09","slug":"gustavo-cerati-murio-hace-11-anos-y-sus-canciones-siguen-mas-vigentes-que-nunca-con-actitud-rockera-y-sensibilidad-pop","status":"publish","type":"post","link":"https:\/\/www.europesays.com\/es\/92918\/","title":{"rendered":"Gustavo Cerati muri\u00f3 hace 11 a\u00f1os y sus canciones siguen m\u00e1s vigentes que nunca, con actitud rockera y sensibilidad pop"},"content":{"rendered":"<p>La terrible noticia se conoci\u00f3 el <strong>4 de septiembre de 2014<\/strong>, a las 13.48, cuando la cl\u00ednica ALCLA, con sello del doctor Gustavo Barbalace, director m\u00e9dico de la instituci\u00f3n, confirm\u00f3 lo que todos tem\u00edan y nadie quer\u00eda que pasara. \u201dEn el d\u00eda de la fecha lamentamos compartir con ustedes esta informaci\u00f3n. Comunicamos que hoy en horas de la ma\u00f1ana <strong>falleci\u00f3 el paciente <a href=\"https:\/\/www.clarin.com\/espectaculos\/musica\/10-anos-acv-gustavo-cerati-ultimo-show_0_GlkJxR661.html\" target=\"_blank\" title=\"Gustavo Cerati\" alt=\"Gustavo Cerati\" rel=\"nofollow noopener\">Gustavo Cerati<\/a> <\/strong>como consecuencia de un paro respiratorio\u201d.<\/p>\n<p>Esas dos frases le pon\u00edan fin a los <strong>52 meses de internaci\u00f3n<\/strong> que el m\u00fasico transcurri\u00f3 en estado vegetativo a ra\u00edz del <strong>accidente cerebro vascular (ACV) <\/strong>que hab\u00eda sufrido el 15 de mayo de 2010, al terminar un concierto en Venezuela. <\/p>\n<p><img fetchpriority=\"high\" alt=\"La voz de Gustavo Cerati sigue resonando en su vasto legado y en los m\u00fasicos que tomaron la posta de su b\u00fasqueda est\u00e9tica.\" loading=\"eager\" width=\"720\" height=\"480\" decoding=\"async\" data-nimg=\"1\" style=\"color:transparent\" src=\"https:\/\/www.europesays.com\/es\/wp-content\/uploads\/2025\/09\/Zk9KsT923_720x0__1.jpg\"\/>La voz de Gustavo Cerati sigue resonando en su vasto legado y en los m\u00fasicos que tomaron la posta de su b\u00fasqueda est\u00e9tica.<\/p>\n<p>\u201cSe fue sin haber alcanzado la vejez, ni cronol\u00f3gica ni creativa. Con Soda Stereo primero, y luego en soledad, <strong>defini\u00f3 buena parte del rock nacional y latinoamericano de los \u00faltimos 30 a\u00f1os<\/strong>\u201d, subtitul\u00f3 en 2014 el periodista Guillermo Dos Santos Coelho en <strong>Clar\u00edn<\/strong>.<\/p>\n<p>\u00ab\u00bfUno de los principales referentes del rock nacional desde hace 30 a\u00f1os? S\u00ed. \u00bfUn m\u00fasico que entr\u00f3 en la fe popular desde costados impensados? Definitivamente. \u00bfLa cara m\u00e1s visible de una banda, Soda Stereo, que puso a la Argentina en el mapa del rock en espa\u00f1ol? Tambi\u00e9n\u00bb, escribi\u00f3\u00a0Dos Santos Coelho en su texto, que segu\u00eda as\u00ed:<\/p>\n<p>\u00abEra todo eso y apenas hab\u00eda cumplido 55 a\u00f1os en agosto. Hay quienes son muy buenos compositores, quienes son muy buenos guitarristas y quienes son muy buenos vocalistas. <strong><a href=\"https:\/\/www.clarin.com\/espectaculos\/musica\/anos-muerte-gustavo-cerati-ausencia-presente_0_pfzsbITKX.html\" target=\"_blank\" rel=\"nofollow noopener\">Cerati<\/a> llenaba los tres casilleros<\/strong>. Y un par de definiciones m\u00e1s, aunque pocas referencias hay en ese sentido. Primero, Cerati (y Soda Stereo en general) era profesional. Prolijo, detallista en el fondo y en las formas, todos sus trabajos, rezumaban calidad.<\/p>\n<p> Un artista brillante<\/p>\n<p>En un reportaje con el periodista especializado Alfredo Rosso en 1999, dijo Cerati: \u201cLa actitud de la m\u00fasica en general, y la m\u00eda en particular, es<strong> tratar de capturar ese momento de adolescencia <\/strong>que debe haber ocurrido entre los 13 y los 15 a\u00f1os; ese proceso de confusi\u00f3n y de absorci\u00f3n, que es tremendamente creativo. Mi verdadero banco de inspiraci\u00f3n no est\u00e1 aqu\u00ed, en el estudio, sino en esa \u00e9poca. Y<strong> estoy estir\u00e1ndolo todo lo que puedo<\/strong>\u201d,<\/p>\n<p><img alt=\"Gustavo Cerati en su faceta actoral, cuando particip\u00f3 en el filme &quot;+bien&quot;, de Eduardo Capilla.\" loading=\"eager\" width=\"720\" height=\"480\" decoding=\"async\" data-nimg=\"1\" style=\"color:transparent\" src=\"https:\/\/www.europesays.com\/es\/wp-content\/uploads\/2025\/09\/JhjfyC8uw_720x0__1.jpg\"\/>Gustavo Cerati en su faceta actoral, cuando particip\u00f3 en el filme \u00ab+bien\u00bb, de Eduardo Capilla.<\/p>\n<p>Una m\u00e1s: era un artista <strong>brillante y camale\u00f3nico<\/strong>, m\u00e1s all\u00e1 de la est\u00e9tica. Fue un m\u00fasico que coquete\u00f3 (en realidad bastante m\u00e1s que eso) con la electr\u00f3nica, como en sus experimentos con el conjunto Plan V o en ciertos tramos de discos solistas como Bocanada. <\/p>\n<p>Incluso desde Soda Stereo, una banda que se nutri\u00f3 de las mejores influencias, ll\u00e1mense The Police, The Cure, The Smiths o en un sentido un poco m\u00e1s disperso la movida de Manchester a principios de los &#8217;90, el shoegaze y el esp\u00edritu s\u00f3nico de comienzos de la misma d\u00e9cada. <strong>Y todo, siempre, &#8216;al calor de las masas&#8217;<\/strong>.<\/p>\n<p>Su <strong>vida personal <\/strong>fue agitada. En los a\u00f1os &#8217;80 estuvo casado con la dise\u00f1adora Bel\u00e9n Edwards. Tras un divorcio, tuvo dos hijos, Benito y Lisa, con la modelo chilena Cecilia Amen\u00e1bar. M\u00e1s tarde, el v\u00ednculo con D\u00e9borah de Corral fue lo m\u00e1s cerca que estuvo de convertirse en comidilla de programas de TV y revistas que de otro modo no les hubieran prestado demasiada atenci\u00f3n (la ex modelo y cantante hab\u00eda sido pareja de Charly Alberti, baterista en Soda).<\/p>\n<p>Desde lo musical, el hilo conductor de toda su carrera fue la f\u00f3rmula <strong>\u00absensibilidad pop + actitud rockera de amplio rango\u00bb<\/strong>. Desde sus letras, Cerati tuvo un gran m\u00e9rito: logr\u00f3 que multitudes corearan versos que hasta ese momento parec\u00edan improbables como \u00abQuiero un zoom anat\u00f3mico\u00bb o  \u00abYo conozco ese lugar donde revientan las estrellas\u00bb. Dej\u00f3 decenas de frases en el imaginario popular.<\/p>\n<p>El furor de Soda<\/p>\n<p>Las citas a Soda Stereo no son obviables. En retrospectiva, dif\u00edcil es separar su carrera solista de la banda que arranc\u00f3 con tres pibes enloquecidos con la new wave y que desde los s\u00f3tanos del Caf\u00e9 Einstein a principios de los 80 <strong>conquistaron Am\u00e9rica latina sin que mediara una d\u00e9cada<\/strong>.<\/p>\n<p><img alt=\"Soda Stereo, en el apogeo del rock argentino en Latinoam\u00e9rica.\" loading=\"eager\" width=\"720\" height=\"480\" decoding=\"async\" data-nimg=\"1\" style=\"color:transparent\" src=\"https:\/\/www.europesays.com\/es\/wp-content\/uploads\/2025\/09\/r1lQBu4Cme_720x0.jpg\"\/>Soda Stereo, en el apogeo del rock argentino en Latinoam\u00e9rica.<\/p>\n<p>La historia es harto conocida. Estudiante de Publicidad en com\u00fan con Zeta Bosio, el bajista de Soda, ambos formaron varios embriones de bandas sin demasiado vuelo hasta que Carlos Alberto Ficicchia Gigliotti (es decir, Charly Alberti), se decidi\u00f3 a conquistar a la hermana del guitarrista, Mar\u00eda Laura Cerati. No lo consigui\u00f3, pero termin\u00f3 de configurar el tr\u00edo por excelencia del<strong> rock nacional<\/strong>. Primero como Los Estereotipos. Y luego, ya s\u00ed, como Soda Stereo.<\/p>\n<p>Despu\u00e9s del raid conquistador \u00aba lo Hern\u00e1n Cort\u00e9s\u00bb (m\u00e1s de siete millones de discos venidos), Soda Stereo se despidi\u00f3 el <strong>21 de setiembre de 1997 en River,<\/strong> en una serie de conciertos cuyo ep\u00edlogo fue el \u00abGracias&#8230;totales\u00bb. El grupo volvi\u00f3 diez a\u00f1os despu\u00e9s, en octubre de 2007. En el medio, una reuni\u00f3n en casa de Charly Alberti sirvi\u00f3 para reunir m\u00ednimamente los pedazos de un conjunto irremediablemente roto. \u00abHubo buena onda. Vamos para adelante\u00bb, dijo Cerati en esa ocasi\u00f3n. Fue todo un \u00e9xito.<\/p>\n<p>Dio la sensaci\u00f3n de que para la vuelta faltaba, entre otras, una condici\u00f3n: que Cerati <strong>alcanzara en soledad una masividad similar a la del grupo<\/strong>. Su carrera solista hab\u00eda comenzado cuando todav\u00eda la llama de Soda segu\u00eda viva pero languidec\u00eda en medio de las disputas internas, con el excelente Amor amarillo como piedra basal. Despu\u00e9s de buenos discos como Bocanada y Siempre es hoy, repiti\u00f3 un \u00e9xito a la altura de Soda Stereo con Ah\u00ed vamos (cuando se volvi\u00f3 a meter en el habla popular con el verso \u00abQu\u00e9 otra cosa puedo hacer\u00bb).<\/p>\n<p><img alt=\"Gustavo Cerati, un s\u00edmbolo de elegancia en la escena musical. Foto Archivo Clar\u00edn\" loading=\"eager\" width=\"720\" height=\"480\" decoding=\"async\" data-nimg=\"1\" style=\"color:transparent\" src=\"https:\/\/www.europesays.com\/es\/wp-content\/uploads\/2025\/09\/9I3GTrAvb_720x0__1.jpg\"\/>Gustavo Cerati, un s\u00edmbolo de elegancia en la escena musical. Foto Archivo Clar\u00edn<\/p>\n<p>La aceptaci\u00f3n popular estuvo acompa\u00f1ada por el reconocimiento y homenaje de pares y de la industria. <strong>Gan\u00f3 cuatro Grammy latinos, tres premios MTV, un Gardel de Oro<\/strong>.<\/p>\n<p>En 2006 los problemas de salud aparecieron en un nivel peligroso. Ese a\u00f1o, una trombosis lo convirti\u00f3, seg\u00fan sus propias palabras, en \u00abuna bomba de tiempo\u00bb. Su \u00faltimo recital en la Argentina fue en diciembre de 2009, ante unas 25 mil personas en el Club Ciudad, donde hab\u00eda presentado su \u00faltimo disco, Fuerza natural.\u00bb<\/p>\n<p>Gustavo hab\u00eda dividido su concierto en dos partes. En la primera, recorr\u00eda todo el \u00e1lbum, casi de punta a punta. S\u00f3lo dejaba # (Numeral) para el final. \u00abPuedo equivocarme \/ Tengo todo por delante \/ Y nunca me sent\u00ed tan bien\u00bb, fueron las primeras palabras que cant\u00f3. Despu\u00e9s, un show de esos que no se olvidan, que se llev\u00f3 a pasear por casi toda la Argentina, M\u00e9xico, Chile, Per\u00fa, Uruguay, Estados Unidos, Colombia, Venezuela&#8230;<\/p>\n<p><img alt=\"La gira de Fuerza Natural comenz\u00f3 en diciembre de 2009 con un concierto inolvidable en el Club Ciudad de buenos Aires. (AP)\" loading=\"eager\" width=\"720\" height=\"480\" decoding=\"async\" data-nimg=\"1\" style=\"color:transparent\" src=\"https:\/\/www.europesays.com\/es\/wp-content\/uploads\/2025\/09\/HylWcdeEg_720x0.jpg\"\/>La gira de Fuerza Natural comenz\u00f3 en diciembre de 2009 con un concierto inolvidable en el Club Ciudad de buenos Aires. (AP)<\/p>\n<p>All\u00ed, <strong>el 15 de mayo, sali\u00f3 una vez m\u00e1s, <\/strong>a tocar. Como siempre. Fue en la Universidad Sim\u00f3n Bol\u00edvar, de Caracas, y volvi\u00f3 a repasar, con su banda, ese repertorio fant\u00e1stico que hab\u00eda puesto a rodar medio a\u00f1o antes.   <\/p>\n<p>Entonces, cant\u00f3 por \u00faltima vez: \u00abUno es as\u00ed \/ Dos distancias \/ Tres armonizan \/ Cuatro ruedan \/ M\u00e1s cinco es la magia \/ Seis antes de descansar \/ Siete colores \/ Ocho mazos \/ Nube nueve \/ Diez conviene \/ Once, yo doce, \/ vos trece \/ Par\u00e9 de contar.\u00bb<\/p>\n","protected":false},"excerpt":{"rendered":"La terrible noticia se conoci\u00f3 el 4 de septiembre de 2014, a las 13.48, cuando la cl\u00ednica ALCLA,&hellip;\n","protected":false},"author":2,"featured_media":92919,"comment_status":"","ping_status":"","sticky":false,"template":"","format":"standard","meta":{"footnotes":""},"categories":[170],"tags":[146,147,25,24,184,185,23],"class_list":{"0":"post-92918","1":"post","2":"type-post","3":"status-publish","4":"format-standard","5":"has-post-thumbnail","7":"category-musica","8":"tag-entertainment","9":"tag-entretenimiento","10":"tag-es","11":"tag-espana","12":"tag-music","13":"tag-musica","14":"tag-spain"},"share_on_mastodon":{"url":"","error":""},"_links":{"self":[{"href":"https:\/\/www.europesays.com\/es\/wp-json\/wp\/v2\/posts\/92918","targetHints":{"allow":["GET"]}}],"collection":[{"href":"https:\/\/www.europesays.com\/es\/wp-json\/wp\/v2\/posts"}],"about":[{"href":"https:\/\/www.europesays.com\/es\/wp-json\/wp\/v2\/types\/post"}],"author":[{"embeddable":true,"href":"https:\/\/www.europesays.com\/es\/wp-json\/wp\/v2\/users\/2"}],"replies":[{"embeddable":true,"href":"https:\/\/www.europesays.com\/es\/wp-json\/wp\/v2\/comments?post=92918"}],"version-history":[{"count":0,"href":"https:\/\/www.europesays.com\/es\/wp-json\/wp\/v2\/posts\/92918\/revisions"}],"wp:featuredmedia":[{"embeddable":true,"href":"https:\/\/www.europesays.com\/es\/wp-json\/wp\/v2\/media\/92919"}],"wp:attachment":[{"href":"https:\/\/www.europesays.com\/es\/wp-json\/wp\/v2\/media?parent=92918"}],"wp:term":[{"taxonomy":"category","embeddable":true,"href":"https:\/\/www.europesays.com\/es\/wp-json\/wp\/v2\/categories?post=92918"},{"taxonomy":"post_tag","embeddable":true,"href":"https:\/\/www.europesays.com\/es\/wp-json\/wp\/v2\/tags?post=92918"}],"curies":[{"name":"wp","href":"https:\/\/api.w.org\/{rel}","templated":true}]}}