{"id":92951,"date":"2025-09-04T13:56:11","date_gmt":"2025-09-04T13:56:11","guid":{"rendered":"https:\/\/www.europesays.com\/es\/92951\/"},"modified":"2025-09-04T13:56:11","modified_gmt":"2025-09-04T13:56:11","slug":"son-amigos-con-derecho-a-roce","status":"publish","type":"post","link":"https:\/\/www.europesays.com\/es\/92951\/","title":{"rendered":"Son amigos con derecho a roce"},"content":{"rendered":"<p class=\"c-paragraph\">Los rumores no dejan de aumentar sobre el posible romance de Zo\u00eb Kravitz y <a href=\"https:\/\/www.20minutos.es\/tags\/personas\/harry-styles.html\" title=\"Harry Styles\" rel=\"nofollow noopener\" target=\"_blank\">Harry Styles.<\/a> Tras la ruptura de la int\u00e9rprete con Channing Tatum, con quien estaba comprometida, <b>no han sido pocos los supuestos romances con los que se le hab\u00eda relacionado<\/b>. Pero, a pesar de que todas las miradas estaban puestas en su compa\u00f1ero de trabajo, Austin Butler, ahora todas las apuestas apuntan a Harry Styles.<\/p>\n<p class=\"c-paragraph\">Tras haber sido<b> pillados paseando en actitud c\u00f3mplice por Roma<\/b>, no fueron pocos los que aseguraron que lo suyo era algo m\u00e1s que una simple amistad. Pero, r\u00e1pidamente, estos rumores quedaron en el olvido. O al menos, as\u00ed fue hasta que la int\u00e9rprete volvi\u00f3 de nuevo a encontrarse con el que fuera componente de<a href=\"https:\/\/www.20minutos.es\/tags\/temas\/one-direction.html\" title=\"One Direction\" rel=\"nofollow noopener\" target=\"_blank\"> One Direction<\/a>.\u00a0<\/p>\n<p class=\"c-paragraph\">En esta ocasi\u00f3n, el d\u00fao entre el cantante y la int\u00e9rprete ha sido vistos por las calles de Williamsburg, en Brooklyn (<a href=\"https:\/\/www.20minutos.es\/tags\/temas\/eeuu.html\" title=\"EEUU\" rel=\"nofollow noopener\" target=\"_blank\">EEUU<\/a>). Aunque no solo han sido pillados juntos, sino que <b>adem\u00e1s caminaban de la mano,<\/b> por lo que algunas fuentes cercanas aseguran que \u00abdefinitivamente son pareja\u00bb porque estaban \u00abri\u00e9ndose juntos, como si nada\u00bb, escribe <a href=\"https:\/\/pagesix.com\/2025\/09\/03\/celebrity-news\/zoe-kravitz-and-harry-styles-hold-hands-in-brooklyn\/\" rel=\"nofollow noreferrer noopener\" target=\"_blank\">Page Six<\/a>.<\/p>\n<p class=\"c-paragraph\">De hecho, de acuerdo a la supuesta fuente, ten\u00edan \u00abenerg\u00eda de no querer ser vistos\u00bb y por eso no se cortaron a la hora de demostrar la buena sinton\u00eda que hay entre ellos. \u00abEra un d\u00eda de trabajo y estaba\u00a0<b><b>en una calle lateral un tanto apartada<\/b><\/b>\u00a0y eran las \u00fanicas personas que estaban conmigo en la calle\u00bb.<\/p>\n<p class=\"c-paragraph\">Unas palabras que tambi\u00e9n han confirmado otras fuentes al medio <a href=\"https:\/\/www.tmz.com\/2025\/09\/03\/harry-styles-zoe-kravitz-not-exclusive\/\" rel=\"nofollow noreferrer noopener\" target=\"_blank\">TMZ<\/a>. Sin embargo, en su caso, aunque s\u00ed que les unen, a su diferencia apuestan por algo mucho m\u00e1s casual. \u00abEst\u00e1n saliendo, y han definido su relaci\u00f3n como\u00a0<b><b>&#8216;amigos con derecho a roce&#8217;<\/b><\/b>. No consideran su relaci\u00f3n seria&#8230; por ahora, se centran en mantenerla divertida\u00bb, recoge el citado medio. Sin embargo, por el momento, ninguno de los dos protagonistas ha hecho declaraciones al respecto.<\/p>\n","protected":false},"excerpt":{"rendered":"Los rumores no dejan de aumentar sobre el posible romance de Zo\u00eb Kravitz y Harry Styles. Tras la&hellip;\n","protected":false},"author":2,"featured_media":92952,"comment_status":"","ping_status":"","sticky":false,"template":"","format":"standard","meta":{"footnotes":""},"categories":[174],"tags":[19156,255,146,147,25,24,256,12144,33726,23,19787,22617],"class_list":{"0":"post-92951","1":"post","2":"type-post","3":"status-publish","4":"format-standard","5":"has-post-thumbnail","7":"category-famosos","8":"tag-amigos","9":"tag-celebrities","10":"tag-entertainment","11":"tag-entretenimiento","12":"tag-es","13":"tag-espana","14":"tag-famosos","15":"tag-harry","16":"tag-kravitz","17":"tag-spain","18":"tag-styles","19":"tag-zoe"},"share_on_mastodon":{"url":"","error":""},"_links":{"self":[{"href":"https:\/\/www.europesays.com\/es\/wp-json\/wp\/v2\/posts\/92951","targetHints":{"allow":["GET"]}}],"collection":[{"href":"https:\/\/www.europesays.com\/es\/wp-json\/wp\/v2\/posts"}],"about":[{"href":"https:\/\/www.europesays.com\/es\/wp-json\/wp\/v2\/types\/post"}],"author":[{"embeddable":true,"href":"https:\/\/www.europesays.com\/es\/wp-json\/wp\/v2\/users\/2"}],"replies":[{"embeddable":true,"href":"https:\/\/www.europesays.com\/es\/wp-json\/wp\/v2\/comments?post=92951"}],"version-history":[{"count":0,"href":"https:\/\/www.europesays.com\/es\/wp-json\/wp\/v2\/posts\/92951\/revisions"}],"wp:featuredmedia":[{"embeddable":true,"href":"https:\/\/www.europesays.com\/es\/wp-json\/wp\/v2\/media\/92952"}],"wp:attachment":[{"href":"https:\/\/www.europesays.com\/es\/wp-json\/wp\/v2\/media?parent=92951"}],"wp:term":[{"taxonomy":"category","embeddable":true,"href":"https:\/\/www.europesays.com\/es\/wp-json\/wp\/v2\/categories?post=92951"},{"taxonomy":"post_tag","embeddable":true,"href":"https:\/\/www.europesays.com\/es\/wp-json\/wp\/v2\/tags?post=92951"}],"curies":[{"name":"wp","href":"https:\/\/api.w.org\/{rel}","templated":true}]}}