{"id":92975,"date":"2025-09-04T14:16:16","date_gmt":"2025-09-04T14:16:16","guid":{"rendered":"https:\/\/www.europesays.com\/es\/92975\/"},"modified":"2025-09-04T14:16:16","modified_gmt":"2025-09-04T14:16:16","slug":"pozuelo-in-la-alcaldesa-despliega-el-capote","status":"publish","type":"post","link":"https:\/\/www.europesays.com\/es\/92975\/","title":{"rendered":"Pozuelo IN &#8211; LA ALCALDESA DESPLIEGA EL CAPOTE"},"content":{"rendered":"<p><b>Por Germ\u00e1n Pose &#8211; <\/b>Sucedi\u00f3 en la ma\u00f1ana de este jueves, en el ruedo de l plaza, junto a la terna de matadores que har\u00e1n el pase\u00edllo el pr\u00f3ximo 8 de septiembre: Francisco Jos\u00e9 espada, \u00c1lvaro Burdiel y Alejandro Chicharro, los tres coletas que se encargar\u00e1n de la lidia y muerte de los toros de Gregorio Ord\u00f3\u00f1ez, con sangre de N\u00fa\u00f1ez del Cuvillo.\u00a0<\/p>\n<p><img decoding=\"async\" src=\"https:\/\/www.europesays.com\/es\/wp-content\/uploads\/2025\/09\/WhatsApp_Image_2025-09-04_at_12.34.30_3.jpeg\" style=\"width: 100%;\"\/><\/p>\n<p><a target=\"_blank\" href=\"https:\/\/s.click.aliexpress.com\/e\/_oCNAVbn\" rel=\"nofollow noopener\"><img decoding=\"async\" class=\"img-fluid lightd\" src=\"https:\/\/www.europesays.com\/es\/wp-content\/uploads\/2025\/09\/gafas-lenovo-01_Bj3CXOh.jpg\"\/><\/a><\/p>\n<p>La alcaldesa, Paloma Tejero, junto al concejal de Seguridad, Manuel Moreno y la concejala de Cultura Almundena Ruiz, asistieron al acto con el padrinazgo del empresario de la plaza Rafael S\u00e1nchez. Adem\u00e1s, tambi\u00e9n acudieron algunos representantes de las pe\u00f1as del municipio.<\/p>\n<p>La alcaldesa, en declaraciones a Pozuelo IN, se mostr\u00f3 muy contenta con la organizaci\u00f3n del festejo taurino : \u201ces un orgullo contar con estos tres toreros y espero que el pueblo responda porque la afici\u00f3n a los toros est\u00e1 m\u00e1s viva que nunca\u201d, asegur\u00f3.<\/p>\n<p><a target=\"_blank\" href=\"https:\/\/temu.to\/k\/e0wtdr39sxc\" rel=\"nofollow noopener\"><img decoding=\"async\" class=\"img-fluid lightd\" src=\"https:\/\/www.europesays.com\/es\/wp-content\/uploads\/2025\/09\/luz-jardin_nXuFXNp.jpg\"\/><\/a><\/p>\n<p>Durante la presentaci\u00f3n del acto la regidora pozuelera se atrevi\u00f3 a coger un capote y recibi\u00f3 su primera clase taurina en el centro del ruedo. \u201d\u00a1C\u00f3mo pesa este capote!\u201d, exclam\u00f3 mientras perpetraba una especie de ver\u00f3nica con revolera incluida.\u00a0<\/p>\n<p><img decoding=\"async\" src=\"https:\/\/www.europesays.com\/es\/wp-content\/uploads\/2025\/09\/WhatsApp_Image_2025-09-04_at_12.34.29_2.jpeg\" style=\"width: 100%;\"\/><\/p>\n<p><a target=\"_blank\" href=\"https:\/\/temu.to\/k\/eg2cn4e8mmf\" rel=\"nofollow noopener\"><img decoding=\"async\" class=\"img-fluid lightd\" src=\"https:\/\/www.europesays.com\/es\/wp-content\/uploads\/2025\/09\/auriculares_ZBW3eYE.jpg\"\/><\/a><\/p>\n<p>Uno de los espadas que componen el cartel de las fiestas es \u00c1lvaro Burdiel, nacido en Pozuelo, que vuelve como matador de toros a la plaza de su pueblo despu\u00e9s de su debut como novillero la pasada temporada. Burdiel reaparece tras un serio percance sufrido este verano en la Copa Chenel a causa del cual sufri\u00f3 la fractura de varias costillas. Ya recuperado expres\u00f3 a Pozuelo IN la ilusi\u00f3n que tiene por volver a hacer el pase\u00edllo en el coso del pueblo que le vio nacer.<\/p>\n","protected":false},"excerpt":{"rendered":"Por Germ\u00e1n Pose &#8211; Sucedi\u00f3 en la ma\u00f1ana de este jueves, en el ruedo de l plaza, junto&hellip;\n","protected":false},"author":2,"featured_media":92976,"comment_status":"","ping_status":"","sticky":false,"template":"","format":"standard","meta":{"footnotes":""},"categories":[277],"tags":[4958,18114,373,8207,4398,12275,33737,168,19290,25,24,43,33736,1386,19423,2436,1640,6382,20067,23,167,4953,10220,374,444],"class_list":{"0":"post-92975","1":"post","2":"type-post","3":"status-publish","4":"format-standard","5":"has-post-thumbnail","7":"category-toreo","8":"tag-alarcon","9":"tag-alcaldesa","10":"tag-bullfighting","11":"tag-capote","12":"tag-cartel","13":"tag-clases","14":"tag-consolacion","15":"tag-deportes","16":"tag-despliega","17":"tag-es","18":"tag-espana","19":"tag-fiestas","20":"tag-paloma","21":"tag-plaza","22":"tag-pozuelo","23":"tag-presentacion","24":"tag-primeras","25":"tag-recibio","26":"tag-ruedo","27":"tag-spain","28":"tag-sports","29":"tag-taurino","30":"tag-tejero","31":"tag-toreo","32":"tag-toros"},"share_on_mastodon":{"url":"","error":""},"_links":{"self":[{"href":"https:\/\/www.europesays.com\/es\/wp-json\/wp\/v2\/posts\/92975","targetHints":{"allow":["GET"]}}],"collection":[{"href":"https:\/\/www.europesays.com\/es\/wp-json\/wp\/v2\/posts"}],"about":[{"href":"https:\/\/www.europesays.com\/es\/wp-json\/wp\/v2\/types\/post"}],"author":[{"embeddable":true,"href":"https:\/\/www.europesays.com\/es\/wp-json\/wp\/v2\/users\/2"}],"replies":[{"embeddable":true,"href":"https:\/\/www.europesays.com\/es\/wp-json\/wp\/v2\/comments?post=92975"}],"version-history":[{"count":0,"href":"https:\/\/www.europesays.com\/es\/wp-json\/wp\/v2\/posts\/92975\/revisions"}],"wp:featuredmedia":[{"embeddable":true,"href":"https:\/\/www.europesays.com\/es\/wp-json\/wp\/v2\/media\/92976"}],"wp:attachment":[{"href":"https:\/\/www.europesays.com\/es\/wp-json\/wp\/v2\/media?parent=92975"}],"wp:term":[{"taxonomy":"category","embeddable":true,"href":"https:\/\/www.europesays.com\/es\/wp-json\/wp\/v2\/categories?post=92975"},{"taxonomy":"post_tag","embeddable":true,"href":"https:\/\/www.europesays.com\/es\/wp-json\/wp\/v2\/tags?post=92975"}],"curies":[{"name":"wp","href":"https:\/\/api.w.org\/{rel}","templated":true}]}}