{"id":93101,"date":"2025-09-04T15:32:07","date_gmt":"2025-09-04T15:32:07","guid":{"rendered":"https:\/\/www.europesays.com\/es\/93101\/"},"modified":"2025-09-04T15:32:07","modified_gmt":"2025-09-04T15:32:07","slug":"el-inicio-de-garitano-entra-al-top-3-de-la-historia-del-sporting-por-2-datos","status":"publish","type":"post","link":"https:\/\/www.europesays.com\/es\/93101\/","title":{"rendered":"El inicio de Garitano entra al top 3 de la historia del Sporting por 2 datos"},"content":{"rendered":"<p>\t\t\t\t\t\tDestacados n\u00fameros del t\u00e9cnico rojiblanco<br \/>\n\t\t\t\t\t\t<strong>04 sep 2025<\/strong> . Actualizado a las 14:31 h.\t\t\t\t\t\t<\/p>\n<p class=\"first-paragraph txt\">El inicio de<strong> Asier Garitano<\/strong> al frente del banquillo del <strong>Real Sporting de Gij\u00f3n<\/strong> no deja indiferente a nadie. El t\u00e9cnico guipuzcoano logr\u00f3 su <strong>octavo triunfo\u00a0<\/strong>como t\u00e9cnico rojiblanco al vencer a la Cultural Leonesa, confirmando la din\u00e1mica positiva desde su llegada a El Molin\u00f3n. <strong>En casa solo conoce la victoria<\/strong>, y en el global suma ya 8 en sus 11 primeros encuentros. N\u00fameros que le ubican muy alto en la historia de la entidad.<\/p>\n<p class=\"txt\">Tan solo <strong>Jes\u00fas Barrio<\/strong>, hace ya casi 70 a\u00f1os, en la temporada <strong>56\/57<\/strong>, inici\u00f3 la que ser\u00eda su primera etapa en el banquillo del Sporting con <strong>9 triunfos en 11 partidos<\/strong>. Y \u00fanicamente<strong> Jos\u00e9 Mar\u00eda Pe\u00f1a<\/strong>, m\u00e1s atr\u00e1s en el tiempo, en la 1940\/41, igualar\u00eda el registro del vasco con 8 de 11, aunque la racha no continu\u00f3, precisamente, <strong>a domicilio contra el Deportivo<\/strong>, con derrota por 3-1.<\/p>\n<p class=\"txt\">Tambi\u00e9n resalta la tendencia en casa. En El Molin\u00f3n, Garitano lleva un <strong>pleno de victorias<\/strong>, 5 de 5. Nuevamente se encuentran \u00fanicamente dos nombres m\u00e1s en la historia que aguantan la comparaci\u00f3n. Por un lado est\u00e1<strong> Vicente Miera<\/strong>, que en<strong> 1976\/77<\/strong> comenz\u00f3 la temporada de forma inmaculada en El Molin\u00f3n, ganando tambi\u00e9n sus 5 primeros encuentros, eso s\u00ed, siendo el \u00faltimo de ellos de Copa del Rey. En el sexto no pudo pasar del empate ante el Rayo Vallecano. El otro nombre es el de<strong> Rub\u00e9n Baraja<\/strong>, que asumi\u00f3 el cargo cerca del ecuador de la campa\u00f1a 17\/18 y que tambi\u00e9n sum\u00f3 todo de 3 en un inicio de forma consecutiva.<\/p>\n<p class=\"txt\">&#13;<br \/>\n\t\t&#13;<br \/>\n\t\t\t&#13;<br \/>\n\t\t&#13;<br \/>\n\t\t&#13;<br \/>\n\t\t&#13;<br \/>\n\t\t\t\t\t\t\t\t\t\t\t\t&#13;<br \/>\n\t\t\t\t\t\t\t\t&#13;<br \/>\n&#13;<br \/>\n&#13;<\/p>\n<p>\t\t\t&#13;<br \/>\n\t&#13;<\/p>\n<p>\t\t\t<a href=\"https:\/\/www.lavozdeasturias.es\/noticia\/sporting1905\/2025\/09\/03\/mision-oyon-lozano-ascender-b-dar-1-paso-atras-explotar-sporting\/00031756931750068886944.htm\" data-analytics=\"link-embed\" rel=\"nofollow noopener\" target=\"_blank\">La misi\u00f3n de Oy\u00f3n y Lozano: Ascender al B y dar 1 paso atr\u00e1s para explotar en el Sporting<\/a><\/p>\n<p class=\"a-min-author\">\n<p>\t\t\t\t\t\t\t\t\t\t\tDani Souto<\/p>\n<p>\t&#13;<br \/>\n\t&#13;<br \/>\n&#13;<br \/>\n\t\t\t\t&#13;<br \/>\n\t\t\t\t&#13;<br \/>\n\t&#13;<br \/>\n\t\t\t&#13;<br \/>\n\t\t\t&#13;<br \/>\n\t\t&#13;\n<\/p>\n<p class=\"txt\">El reto, por contra, es <strong>may\u00fasculo<\/strong> para Garitano. Conseguido el m\u00e9rito de auparse hasta el podio en ambos datos, el r\u00e9cord todav\u00eda est\u00e1 muy lejano. Por un lado, Barrio sigui\u00f3 con su racha triunfal ganando 11 de 13 partidos, algo que Asier no puede lograr, teniendo que estirar la din\u00e1mica en todo caso una jornada m\u00e1s, pudiendo alcanzar las <strong>11 victorias en 14 encuentros<\/strong> si gana los 3 pr\u00f3ximos, o la meta de los 12 triunfos en 16 partidos. Todav\u00eda queda.<\/p>\n<p class=\"txt\">M\u00e1s lejano est\u00e1 a\u00fan el registro de Rub\u00e9n Baraja. El <strong>recordado inicio<\/strong> del t\u00e9cnico vallisoletano le hizo conseguir nada menos que<strong> 10 victorias consecutivas en casa<\/strong>. De hecho, si Garitano venciese en casa al Burgos en su siguiente encuentro en El Molin\u00f3n, se quedar\u00eda en solitario en segunda posici\u00f3n al superar a Miera, pero para alcanzar a Baraja tiene que repetir una racha hasta la fecha inmaculada y<strong> ganar los pr\u00f3ximos 5 partidos en su feudo<\/strong>. No ser\u00e1 necesario tanto para valorar positivamente el comienzo del vasco en el banquillo gijon\u00e9s.<\/p>\n<p class=\"txt\">&#13;<br \/>\n\t\t&#13;<br \/>\n\t\t\t&#13;<br \/>\n\t\t&#13;<br \/>\n\t\t&#13;<br \/>\n\t\t&#13;<br \/>\n\t\t\t\t\t\t\t\t\t\t\t\t&#13;<br \/>\n\t\t\t\t\t\t\t\t&#13;<br \/>\n&#13;<br \/>\n&#13;<\/p>\n<p>\t\t\t&#13;<br \/>\n\t&#13;<\/p>\n<p>\t\t\t<a href=\"https:\/\/www.lavozdeasturias.es\/noticia\/sporting1905\/2025\/09\/04\/pablo-vazquez-destaca-fichajes-sporting-analiza-regreso-riazor-estilo-garitano-eficaces-jogo-bonito-queremos-agradar-excesivamente\/00031756975140870314141.htm\" data-analytics=\"link-embed\" rel=\"nofollow noopener\" target=\"_blank\">Pablo V\u00e1zquez destaca los fichajes del Sporting, analiza su regreso a Riazor y el estilo de Garitano: \u00abSer eficaces, no jogo bonito, no queremos agradar excesivamente\u00bb<\/a><\/p>\n<p class=\"a-min-author\">\n<p>\t\t\t\t\t\t\t\t\t\t\tDani Souto<\/p>\n<p>\t&#13;<br \/>\n\t&#13;<br \/>\n&#13;<br \/>\n\t\t\t\t&#13;<br \/>\n\t\t\t\t&#13;<br \/>\n\t&#13;<br \/>\n\t\t\t&#13;<br \/>\n\t\t\t&#13;<br \/>\n\t\t&#13;\n<\/p>\n<p class=\"txt\">Como dato extra,\u00a0aunque solo sirva para acentuar el contraste, los <strong>24 puntos<\/strong> que suma Asier Garitano en sus primeros 11 partidos marcan el cambio dr\u00e1stico de tendencia respecto a la etapa final de su predecesor, un<strong> Rub\u00e9n Alb\u00e9s<\/strong> que consigui\u00f3<strong> 9 puntos<\/strong> en ese mismo n\u00famero de partidos en el final de su etapa como t\u00e9cnico rojiblanco. En su inicio, m\u00e1s prometedor, logr\u00f3 el doble, 18 puntos, si bien el contexto es relevante en esta comparativa, pues Garitano ha dirigido la mayor\u00eda de sus partidos heredando una plantilla sobre la que <strong>no hab\u00eda tenido influencia en su planificaci\u00f3n<\/strong>, al contrario de lo que suceda en esta 25\/26.<\/p>\n<p class=\"txt\">*Recuerda comentar esta noticia en el foro que se encuentra al final de la web pasando la publicidad. Si deseas escribir comentarios y no sabes c\u00f3mo, contacta con sporting1905web@gmail.com<\/p>\n<p>&#13;<br \/>\n\tArchivado en:&#13;<br \/>\n\t\t\t\t\t<a href=\"https:\/\/www.lavozdeasturias.es\/temas\/sporting-de-gijon\/\" target=\"_blank\" class=\"mg-l\" rel=\"nofollow noopener\">Sporting de Gij\u00f3n<\/a>&#13;<br \/>\n\t&#13;<\/p>\n","protected":false},"excerpt":{"rendered":"Destacados n\u00fameros del t\u00e9cnico rojiblanco 04 sep 2025 . Actualizado a las 14:31 h. El inicio de Asier&hellip;\n","protected":false},"author":2,"featured_media":93102,"comment_status":"","ping_status":"","sticky":false,"template":"","format":"standard","meta":{"footnotes":""},"categories":[268],"tags":[168,25,24,280,282,281,23,4783,167],"class_list":{"0":"post-93101","1":"post","2":"type-post","3":"status-publish","4":"format-standard","5":"has-post-thumbnail","7":"category-futbol","8":"tag-deportes","9":"tag-es","10":"tag-espana","11":"tag-football","12":"tag-futbol","13":"tag-soccer","14":"tag-spain","15":"tag-sporting-de-gijon","16":"tag-sports"},"share_on_mastodon":{"url":"","error":""},"_links":{"self":[{"href":"https:\/\/www.europesays.com\/es\/wp-json\/wp\/v2\/posts\/93101","targetHints":{"allow":["GET"]}}],"collection":[{"href":"https:\/\/www.europesays.com\/es\/wp-json\/wp\/v2\/posts"}],"about":[{"href":"https:\/\/www.europesays.com\/es\/wp-json\/wp\/v2\/types\/post"}],"author":[{"embeddable":true,"href":"https:\/\/www.europesays.com\/es\/wp-json\/wp\/v2\/users\/2"}],"replies":[{"embeddable":true,"href":"https:\/\/www.europesays.com\/es\/wp-json\/wp\/v2\/comments?post=93101"}],"version-history":[{"count":0,"href":"https:\/\/www.europesays.com\/es\/wp-json\/wp\/v2\/posts\/93101\/revisions"}],"wp:featuredmedia":[{"embeddable":true,"href":"https:\/\/www.europesays.com\/es\/wp-json\/wp\/v2\/media\/93102"}],"wp:attachment":[{"href":"https:\/\/www.europesays.com\/es\/wp-json\/wp\/v2\/media?parent=93101"}],"wp:term":[{"taxonomy":"category","embeddable":true,"href":"https:\/\/www.europesays.com\/es\/wp-json\/wp\/v2\/categories?post=93101"},{"taxonomy":"post_tag","embeddable":true,"href":"https:\/\/www.europesays.com\/es\/wp-json\/wp\/v2\/tags?post=93101"}],"curies":[{"name":"wp","href":"https:\/\/api.w.org\/{rel}","templated":true}]}}