{"id":93105,"date":"2025-09-04T15:34:22","date_gmt":"2025-09-04T15:34:22","guid":{"rendered":"https:\/\/www.europesays.com\/es\/93105\/"},"modified":"2025-09-04T15:34:22","modified_gmt":"2025-09-04T15:34:22","slug":"asi-se-hizo-la-escultura-que-recordara-para-siempre-a-pepe-de-perez-en-el-corazon-de-santa-eulalia-de-oscos","status":"publish","type":"post","link":"https:\/\/www.europesays.com\/es\/93105\/","title":{"rendered":"As\u00ed se hizo la escultura que recordar\u00e1 para siempre a Pepe de P\u00e9rez en el coraz\u00f3n de Santa Eulalia de Oscos"},"content":{"rendered":"<p class=\"ft-text\">Cuando el ferreiro <strong>Friedrich Bramsteidl recal\u00f3 en Santa Eulalia de Oscos <\/strong>sinti\u00f3 el apoyo y la protecci\u00f3n del <strong>hostelero Jos\u00e9 Manuel Ni\u00f1o, m\u00e1s conocido por Pepe de P\u00e9rez y alma del bar-tienda La Palma,<\/strong> que este 2025 cumple su primer centenario. \u00abEra un paisano muy arraigado a su tierra, pero que tambi\u00e9n estaba siempre dispuesto a ayudar a todo el mundo que quisiera quedarse aqu\u00ed y eso hizo conmigo. <strong>Adem\u00e1s, era transmisor de la cultura rural y jug\u00f3 un papel muy importante tanto para los turistas como para los que ven\u00edamos de fuera<\/strong>\u00ab, se\u00f1ala el responsable del mazo de Mazonovo. Con estos ingredientes dise\u00f1\u00f3 una escultura instalada hace unas semanas en la capital santallesa y que pretende contribuir a que no se pierda la memoria del hostelero, fallecido <a href=\"https:\/\/www.lne.es\/occidente\/2021\/10\/05\/santa-eulalia-dice-adios-pepe-58018801.html\" class=\"ft-link ft-link--decoration\" rel=\"nofollow noopener\" target=\"_blank\"><strong>en 2021 y cuya ausencia a\u00fan se llora en los Oscos<\/strong><\/a>.<\/p>\n<p class=\"ft-text\">E<a href=\"https:\/\/www.lne.es\/occidente\/2025\/03\/27\/hostelero-pepe-perez-sera-eterno-115755899.html\" class=\"ft-link ft-link--decoration\" rel=\"nofollow noopener\" target=\"_blank\">l Pleno municipal acord\u00f3 a principios de a\u00f1o nombrar la plaza frente al bar La Palma con el nombre de Pepe de P\u00e9rez <\/a>y, para ello, encarg\u00f3 una obra a Bramsteidl. Aunque todo el mundo esperaba una placa, en realidad se dise\u00f1\u00f3 una escultura, la novena que se coloca en la peque\u00f1a capital santallesa. Bramsteidl no estuvo solo en el proceso de creaci\u00f3n, a base de hierro, acero corten y acero inoxidable, ya que cont\u00f3 con el trabajo de la tambi\u00e9n ferreira Paz Prieto.<strong> \u00abDisfrutamos mucho haci\u00e9ndola y Pepe estuvo muy presente en todo el proceso\u00bb,<\/strong> relata el maestro herrero, quien da cuenta de las buenas cr\u00edticas que est\u00e1 recibiendo la pieza.<\/p>\n<p class=\"ft-text\"><strong>La escultura mide un metro de alto y simboliza un \u00e1rbol de la vida, cuyas ra\u00edces se hunden en la piedra de la plaza santallesa que lleva el nombre del hostelero<\/strong>. \u00abEl \u00e1rbol de la vida respresenta la vida eterna, adem\u00e1s los \u00e1rboles superan la vida de los humanos y de alguna manera hacemos que Pepe se quede aqu\u00ed para siempre, porque la escultura va a durar m\u00e1s que nosotros\u00bb, reflexiona el ferreiro santall\u00e9s. Ese \u00e1rbol de hierro es el encargado de sujetar el cartel que da nombre a la plaza Pepe de P\u00e9rez. <strong>\u00abPepe se llevaba bien con todo el mundo y acog\u00eda a todos en su tienda y as\u00ed veo su fruto, eso es lo que sembr\u00f3 y nos dej\u00f3. Fue un paisano ejemplar\u00bb<\/strong>, a\u00f1ade el herrero, que conf\u00eda en que su obra hubiera gustado al hostelero.<\/p>\n<p class=\"ft-text\"><strong>\u00abSu ausencia se nota y es un cambio grande para Santa Eulalia\u00bb<\/strong>, se\u00f1ala Bramsteidl. <a href=\"https:\/\/www.lne.es\/occidente\/2025\/08\/09\/pepe-perez-corazon-santa-eulalia-120470903.html\" class=\"ft-link ft-link--decoration\" rel=\"nofollow noopener\" target=\"_blank\">La opini\u00f3n es compartida por los vecinos, que el pasado 7 de agosto abarrotaron el centro de la capital santallesa para recordar a Pepe de P\u00e9rez y su inmenso legado<\/a>.<\/p>\n","protected":false},"excerpt":{"rendered":"Cuando el ferreiro Friedrich Bramsteidl recal\u00f3 en Santa Eulalia de Oscos sinti\u00f3 el apoyo y la protecci\u00f3n del&hellip;\n","protected":false},"author":2,"featured_media":93106,"comment_status":"","ping_status":"","sticky":false,"template":"","format":"standard","meta":{"footnotes":""},"categories":[173],"tags":[229,233,231,230,4835,232,234,146,147,25,1246,24,9465,20814,13311,738,33036,33791,23],"class_list":{"0":"post-93105","1":"post","2":"type-post","3":"status-publish","4":"format-standard","5":"has-post-thumbnail","7":"category-arte-y-diseno","8":"tag-arte","9":"tag-arte-y-diseno","10":"tag-arts","11":"tag-arts-and-design","12":"tag-corazon","13":"tag-design","14":"tag-diseno","15":"tag-entertainment","16":"tag-entretenimiento","17":"tag-es","18":"tag-escultura","19":"tag-espana","20":"tag-hizo","21":"tag-occidente","22":"tag-pepe","23":"tag-perez","24":"tag-recordara","25":"tag-santa-eulalia","26":"tag-spain"},"share_on_mastodon":{"url":"","error":""},"_links":{"self":[{"href":"https:\/\/www.europesays.com\/es\/wp-json\/wp\/v2\/posts\/93105","targetHints":{"allow":["GET"]}}],"collection":[{"href":"https:\/\/www.europesays.com\/es\/wp-json\/wp\/v2\/posts"}],"about":[{"href":"https:\/\/www.europesays.com\/es\/wp-json\/wp\/v2\/types\/post"}],"author":[{"embeddable":true,"href":"https:\/\/www.europesays.com\/es\/wp-json\/wp\/v2\/users\/2"}],"replies":[{"embeddable":true,"href":"https:\/\/www.europesays.com\/es\/wp-json\/wp\/v2\/comments?post=93105"}],"version-history":[{"count":0,"href":"https:\/\/www.europesays.com\/es\/wp-json\/wp\/v2\/posts\/93105\/revisions"}],"wp:featuredmedia":[{"embeddable":true,"href":"https:\/\/www.europesays.com\/es\/wp-json\/wp\/v2\/media\/93106"}],"wp:attachment":[{"href":"https:\/\/www.europesays.com\/es\/wp-json\/wp\/v2\/media?parent=93105"}],"wp:term":[{"taxonomy":"category","embeddable":true,"href":"https:\/\/www.europesays.com\/es\/wp-json\/wp\/v2\/categories?post=93105"},{"taxonomy":"post_tag","embeddable":true,"href":"https:\/\/www.europesays.com\/es\/wp-json\/wp\/v2\/tags?post=93105"}],"curies":[{"name":"wp","href":"https:\/\/api.w.org\/{rel}","templated":true}]}}