{"id":93107,"date":"2025-09-04T15:35:07","date_gmt":"2025-09-04T15:35:07","guid":{"rendered":"https:\/\/www.europesays.com\/es\/93107\/"},"modified":"2025-09-04T15:35:07","modified_gmt":"2025-09-04T15:35:07","slug":"mar-flores-libro-mar-flores-comparte-su-proximo-proyecto-profesional-un-libro-con-sus-memorias-y-aprendizajes","status":"publish","type":"post","link":"https:\/\/www.europesays.com\/es\/93107\/","title":{"rendered":"MAR FLORES LIBRO | Mar Flores comparte su pr\u00f3ximo proyecto profesional: un libro con sus memorias (y aprendizajes)"},"content":{"rendered":"<p>El estreno, que <strong>est\u00e1 fijado para el d\u00eda 15,<\/strong> es uno de los m\u00e1s esperados por Mar. Quien a su vez ha anunciado la fecha en la que podremos ir corriendo a la librer\u00eda m\u00e1s cercana a comprar el libro escrito por ella misma: \u00abEl 10 de septiembre sale a la luz &#8216;Mar en calma&#8217;, mis memorias. <strong>Un libro en el que comparto mi historia, mis vivencias y mis aprendizajes.<\/strong>\u00ab, escrib\u00eda junto a la portada del ejemplar, que seguro se convertir\u00e1 en un gran \u00e9xito de ventas.<\/p>\n","protected":false},"excerpt":{"rendered":"El estreno, que est\u00e1 fijado para el d\u00eda 15, es uno de los m\u00e1s esperados por Mar. Quien&hellip;\n","protected":false},"author":2,"featured_media":93108,"comment_status":"","ping_status":"","sticky":false,"template":"","format":"standard","meta":{"footnotes":""},"categories":[172],"tags":[224,146,147,25,24,1055,256,9646,225,195,33792,16683,795,5568,23],"class_list":{"0":"post-93107","1":"post","2":"type-post","3":"status-publish","4":"format-standard","5":"has-post-thumbnail","7":"category-libros","8":"tag-books","9":"tag-entertainment","10":"tag-entretenimiento","11":"tag-es","12":"tag-espana","13":"tag-estreno","14":"tag-famosos","15":"tag-flores","16":"tag-libros","17":"tag-mar","18":"tag-mar-flores-comparte-su-proximo-proyecto-profesional-un-libro-con-sus-memorias-y-aprendizajes","19":"tag-memorias","20":"tag-nueva","21":"tag-proyecto","22":"tag-spain"},"share_on_mastodon":{"url":"","error":""},"_links":{"self":[{"href":"https:\/\/www.europesays.com\/es\/wp-json\/wp\/v2\/posts\/93107","targetHints":{"allow":["GET"]}}],"collection":[{"href":"https:\/\/www.europesays.com\/es\/wp-json\/wp\/v2\/posts"}],"about":[{"href":"https:\/\/www.europesays.com\/es\/wp-json\/wp\/v2\/types\/post"}],"author":[{"embeddable":true,"href":"https:\/\/www.europesays.com\/es\/wp-json\/wp\/v2\/users\/2"}],"replies":[{"embeddable":true,"href":"https:\/\/www.europesays.com\/es\/wp-json\/wp\/v2\/comments?post=93107"}],"version-history":[{"count":0,"href":"https:\/\/www.europesays.com\/es\/wp-json\/wp\/v2\/posts\/93107\/revisions"}],"wp:featuredmedia":[{"embeddable":true,"href":"https:\/\/www.europesays.com\/es\/wp-json\/wp\/v2\/media\/93108"}],"wp:attachment":[{"href":"https:\/\/www.europesays.com\/es\/wp-json\/wp\/v2\/media?parent=93107"}],"wp:term":[{"taxonomy":"category","embeddable":true,"href":"https:\/\/www.europesays.com\/es\/wp-json\/wp\/v2\/categories?post=93107"},{"taxonomy":"post_tag","embeddable":true,"href":"https:\/\/www.europesays.com\/es\/wp-json\/wp\/v2\/tags?post=93107"}],"curies":[{"name":"wp","href":"https:\/\/api.w.org\/{rel}","templated":true}]}}