{"id":93132,"date":"2025-09-04T15:57:13","date_gmt":"2025-09-04T15:57:13","guid":{"rendered":"https:\/\/www.europesays.com\/es\/93132\/"},"modified":"2025-09-04T15:57:13","modified_gmt":"2025-09-04T15:57:13","slug":"la-junta-del-valle-de-roncal-denuncia-intimidacion-policial-en-la-etapa-de-la-vuelta-en-navarra","status":"publish","type":"post","link":"https:\/\/www.europesays.com\/es\/93132\/","title":{"rendered":"La junta del Valle de Roncal denuncia intimidaci\u00f3n policial en la etapa de la Vuelta en Navarra"},"content":{"rendered":"<p>\n        La <a href=\"https:\/\/www.noticiasdenavarra.com\/tags\/roncal\/\" title=\"Junta General del Valle de Roncal\" target=\"_blank\" class=\"link copy\" rel=\"nofollow noopener\">Junta General del Valle de Roncal<\/a> denunci\u00f3 este mi\u00e9rcoles en un comunicado la intimidaci\u00f3n policial a la poblaci\u00f3n local, incluido un trabajador de la propia Junta, con motivo de la <strong>etapa navarra de la Vuelta<\/strong>, con el trasfondo de las protestas contra la presencia del equipo Israel en la carrera.\n<\/p>\n<p class=\"article-body__text \">\n        \u00c9ste es el contenido \u00edntegro del comunicado:\n<\/p>\n<p class=\"article-body__text \">\n        \u201cLa Junta General del Valle de Roncal, a trav\u00e9s de su Presidencia, traslada p\u00fablicamente su <strong>preocupaci\u00f3n y denuncia por los hechos acontecidos <\/strong>el pasado 2 de septiembre de 2025, en el marco del paso de la Vuelta Ciclista a Espa\u00f1a por nuestro valle.\n<\/p>\n<p class=\"article-body__text \">\n        Durante los tres d\u00edas previos al paso de la Vuelta, la poblaci\u00f3n local ha tenido que soportar un elevado n\u00famero de controles y registros policiales. La situaci\u00f3n se agrav\u00f3 el d\u00eda 2 de septiembre, cuando un trabajador de esta Junta, que se dirig\u00eda a acondicionar las marcas de un sendero local en la localidad de Roncal, fue parado inicialmente en un control instalado en el municipio, donde tras explicar que se encontraba trabajando se le permiti\u00f3 continuar.\n<\/p>\n<p class=\"article-body__text \">\n        Sin embargo, fue posteriormente seguido por varios agentes del Grupo de Acci\u00f3n R\u00e1pida (GAR) hasta una zona aislada de monte, donde fue finalmente interceptado.\n<\/p>\n<p>            <a href=\"https:\/\/www.noticiasdenavarra.com\/ciclismo\/2025\/09\/03\/equipos-piden-retirada-israel-vuelta-10040600.html\" title=\"Varios equipos piden la retirada del Israel, respaldado por la UCI\" class=\"new__media\" rel=\"nofollow noopener\" target=\"_blank\"><\/p>\n<p>                <img alt=\"Varios equipos piden la retirada del Israel, respaldado por la UCI\" data-src=\"https:\/\/www.europesays.com\/es\/wp-content\/uploads\/2025\/09\/0dfaba6c-21f3-4c4c-8db3-e5c4a3bc659b_16-9-aspect-ratio_default_0_x527y265.jpg\" class=\"lozad\"\/><\/p>\n<p>        <\/a><\/p>\n<p>        <a href=\"https:\/\/www.noticiasdenavarra.com\/ciclismo\/2025\/09\/03\/equipos-piden-retirada-israel-vuelta-10040600.html\" title=\"Varios equipos piden la retirada del Israel, respaldado por la UCI\" class=\"new__headline\" rel=\"nofollow noopener\" target=\"_blank\"><br \/>\n            Varios equipos piden la retirada del Israel, respaldado por la UCI<br \/>\n        <\/a><\/p>\n<p class=\"article-body__text \">\n        En el lugar, los agentes \u2013desplazados en tres veh\u00edculos\u2013 procedieron a identificar tanto al trabajador como a otra persona que paseaba por el sendero. La actuaci\u00f3n policial incluy\u00f3:\n<\/p>\n<p class=\"article-body__text \">\n        \u2013 <strong>Identificaciones y preguntas insistentes sobre su vida personal,<\/strong> en un tono intimidatorio.\n<\/p>\n<p class=\"article-body__text \">\n        \u2013 <strong>Amenazas verbales y acusaciones<\/strong> no fundamentadas sobre una supuesta participaci\u00f3n en acciones de protesta.\n<\/p>\n<p class=\"article-body__text \">\n        \u2013 <strong>Registro exhaustivo del veh\u00edculo del trabajador<\/strong>, acompa\u00f1ado de advertencias de inmovilizaci\u00f3n si no se aportaba la informaci\u00f3n solicitada.\n<\/p>\n<p class=\"article-body__text \">\n        \u2013<strong> Interrogatorios por separado,<\/strong> en zonas aisladas, durante los cuales el trabajador se encontraba contra un \u00e1rbol, en un contexto de gran presi\u00f3n y coacci\u00f3n.\n<\/p>\n<p class=\"article-body__text \">\n        En el caso de la mujer presente, los agentes mantuvieron una cercan\u00eda f\u00edsica y realizaron preguntas inapropiadas sobre su vida privada, generando una situaci\u00f3n de incomodidad y vulneraci\u00f3n de su intimidad, con un componente claramente relacionado con el g\u00e9nero.\n<\/p>\n<p class=\"article-body__text \">\n        Tras aproximadamente una hora de retenci\u00f3n, los agentes dejaron marchar a las personas, no sin antes tomar fotograf\u00edas de sus documentos de identidad y recabar tel\u00e9fonos y correos electr\u00f3nicos.\n<\/p>\n<p class=\"article-body__text \">\n        Desde la <strong>Junta General del Valle de Roncal<\/strong>\u201d.<\/p>\n","protected":false},"excerpt":{"rendered":"La Junta General del Valle de Roncal denunci\u00f3 este mi\u00e9rcoles en un comunicado la intimidaci\u00f3n policial a la&hellip;\n","protected":false},"author":2,"featured_media":93133,"comment_status":"","ping_status":"","sticky":false,"template":"","format":"standard","meta":{"footnotes":""},"categories":[273],"tags":[313,312,6775,168,25,24,33798,2024,33797,23,167,2123],"class_list":{"0":"post-93132","1":"post","2":"type-post","3":"status-publish","4":"format-standard","5":"has-post-thumbnail","7":"category-ciclismo","8":"tag-ciclismo","9":"tag-cycling","10":"tag-denuncia","11":"tag-deportes","12":"tag-es","13":"tag-espana","14":"tag-intimidacion","15":"tag-junta","16":"tag-roncal","17":"tag-spain","18":"tag-sports","19":"tag-valle"},"share_on_mastodon":{"url":"","error":""},"_links":{"self":[{"href":"https:\/\/www.europesays.com\/es\/wp-json\/wp\/v2\/posts\/93132","targetHints":{"allow":["GET"]}}],"collection":[{"href":"https:\/\/www.europesays.com\/es\/wp-json\/wp\/v2\/posts"}],"about":[{"href":"https:\/\/www.europesays.com\/es\/wp-json\/wp\/v2\/types\/post"}],"author":[{"embeddable":true,"href":"https:\/\/www.europesays.com\/es\/wp-json\/wp\/v2\/users\/2"}],"replies":[{"embeddable":true,"href":"https:\/\/www.europesays.com\/es\/wp-json\/wp\/v2\/comments?post=93132"}],"version-history":[{"count":0,"href":"https:\/\/www.europesays.com\/es\/wp-json\/wp\/v2\/posts\/93132\/revisions"}],"wp:featuredmedia":[{"embeddable":true,"href":"https:\/\/www.europesays.com\/es\/wp-json\/wp\/v2\/media\/93133"}],"wp:attachment":[{"href":"https:\/\/www.europesays.com\/es\/wp-json\/wp\/v2\/media?parent=93132"}],"wp:term":[{"taxonomy":"category","embeddable":true,"href":"https:\/\/www.europesays.com\/es\/wp-json\/wp\/v2\/categories?post=93132"},{"taxonomy":"post_tag","embeddable":true,"href":"https:\/\/www.europesays.com\/es\/wp-json\/wp\/v2\/tags?post=93132"}],"curies":[{"name":"wp","href":"https:\/\/api.w.org\/{rel}","templated":true}]}}