{"id":93139,"date":"2025-09-04T16:02:14","date_gmt":"2025-09-04T16:02:14","guid":{"rendered":"https:\/\/www.europesays.com\/es\/93139\/"},"modified":"2025-09-04T16:02:14","modified_gmt":"2025-09-04T16:02:14","slug":"en-espana-se-ha-construido-mucho-y-muy-rapido","status":"publish","type":"post","link":"https:\/\/www.europesays.com\/es\/93139\/","title":{"rendered":"En Espa\u00f1a se ha construido mucho y muy r\u00e1pido"},"content":{"rendered":"<p>Cuando un pa\u00eds tiene una <strong>densidad de poblaci\u00f3n alta<\/strong>, es sin\u00f3nimo de que el parque de vivienda est\u00e1 muy concentrado en una misma zona. En la Uni\u00f3n Europa, las naciones con las cifras m\u00e1s elevadas son Malta, Pa\u00edses Bajos y B\u00e9lgica, tal y como indicia un estudio de 2020 del Instituto Nacional de Estad\u00edstica (INE). Aunque Espa\u00f1a ocupe el puesto 17\u00ba &#8211; de los 27 pa\u00edses que tiene la UE-, es la naci\u00f3n que alberga la ciudad con m\u00e1s ciudadanos por quil\u00f3metro cuadrado: <strong>L&#8217;Hospitalet del Llobregat (Barcelona)<\/strong>.<\/p>\n<p>La segunda ciudad catalana con m\u00e1s habitantes es solamente un reflejo del boom inmobiliario que empez\u00f3 a experimentar Espa\u00f1a a partir de la d\u00e9cada de 1960. En cuesti\u00f3n de a\u00f1os, las grandes urbes y la costa mediterr\u00e1nea se llenaron de edificios los unos pegados a los otros que, hoy en d\u00eda, representan una gran proporci\u00f3n del total de inmuebles del pa\u00eds. Uno de los expertos que ha visto con perspectiva este suceso y que lo relaciona con la densidad de poblaci\u00f3n es\u00a0<strong>Jean Nouvel<\/strong>. El <strong>arquitecto franc\u00e9s de 80 a\u00f1os<\/strong> es todo un referente internacional en urbanismo y es conocido por crear edificios emblem\u00e1ticos, como la <a href=\"https:\/\/www.arquitecturaydiseno.es\/arquitectura\/siete-cosas-que-no-sabias-torre-glories-jean-nouvel-barcelona_7710\" rel=\"nofollow noopener\" target=\"_blank\"><strong>Torre Gl\u00f2ries de Barcelona<\/strong><\/a>. En una entrevista que concedi\u00f3 para Agencia EFE en 2008, desvel\u00f3 que \u00aben Espa\u00f1a se ha construido mucho y muy r\u00e1pido\u00bb.<\/p>\n<p>Jean Nouvel y la \u00abarquitectura singular\u00bb de Espa\u00f1a<\/p>\n<p>Aparte de la Torre Gl\u00f2ries de Barcelona, Jean ha firmado grandes construcciones en nuestro pa\u00eds. Una de las m\u00e1s destacadas es la que de la ampliaci\u00f3n del <strong>Museo Reina Sof\u00eda de Madrid<\/strong>, que se inici\u00f3 en 2001. De hecho, esta nueva extensi\u00f3n del centro cultural lleva como nombre Edificio Nouvel, haci\u00e9ndole un claro homenaje al arquitecto franc\u00e9s.<\/p>\n<p>&#13;<img loading=\"lazy\" decoding=\"async\"   src=\"https:\/\/www.europesays.com\/es\/wp-content\/uploads\/2025\/09\/torre-glories-jean-nouvel_00000000_8c069988_250904113015_2000x1333.webp.webp\" alt=\"torre glories jean nouvel\" class=\"lazyload\" width=\"2000\" height=\"1333\" data-aspectratio=\"2000\/1333\"\/><\/p>\n<p>La Torre Gl\u00f2ries fue construida entre 1999 y 2005.<\/p>\n<p>&#13;Wikimedia Commons<br \/>\n <a href=\"https:\/\/www.arquitecturaydiseno.es\/arquitectura\/edu-saz-arquitecto-1960-se-crearon-barrios-tiempo-record-pero-edificios-sencillos-construcciones-muy-austeras_12298\" data-ga4_event=\"custom_event\" data-ga4_event_name=\"click_intext\" data-ga4_link_url=\"https:\/\/www.arquitecturaydiseno.es\/arquitectura\/edu-saz-arquitecto-1960-se-crearon-barrios-tiempo-record-pero-edificios-sencillos-construcciones-muy-austeras_12298\" data-ga4_link_text=\"edu_saz_arquitecto_en_1960_se_crearon_en_espana_barrios_en_tiempo_record_pero_con_edificios_sencillos_y_soluciones_austeras\" data-ga4_content_type=\"photo\" data-ga4_element=\"related\" rel=\"nofollow noopener\" target=\"_blank\">&#13;&#13;<img loading=\"lazy\" decoding=\"async\" src=\"https:\/\/www.europesays.com\/es\/wp-content\/uploads\/2025\/09\/edu-saz_e60d4068_250826100828_600x600.webp.webp\" alt=\"Edu saz\" class=\"lazyload\" width=\"600\" height=\"600\" data-aspectratio=\"600\/600\"\/>&#13;&#13;<\/p>\n<p class=\"epigraph\">&#13;Noticia relacionada<\/p>\n<p class=\"title\">Edu Saz, arquitecto: \u00abEn 1960 se crearon en Espa\u00f1a barrios en tiempo r\u00e9cord, pero con edificios sencillos y soluciones austeras\u00bb<\/p>\n<p class=\"author-title\">Pablo S\u00e1nchez-Monta\u00f1\u00e9s Quintana<\/p>\n<p><\/a><\/p>\n<p>En la conversaci\u00f3n que tuvo para Agencia EFE hace 17 a\u00f1os, coment\u00f3 que una de las problem\u00e1ticas que ten\u00eda nuestro pa\u00eds es que las viviendas se hab\u00edan hecho de forma acelerada y en gran cantidad. Con esto nos quiso decir que <strong>no se hab\u00eda primado la calidad<\/strong> y, por lo tanto, iba a acarrear ciertas complejidades de cara al futuro. Para solucionarlo, Nouvel declar\u00f3 que los profesionales del sector <a href=\"https:\/\/www.arquitecturaydiseno.es\/arquitectura\/jean-nouvel-no-se-puede-construir-mismo-todas-partes-hay-que-ser-especifico_2533\" rel=\"nofollow noopener\" target=\"_blank\">deben tener en cuenta las condiciones del lugar y la historia que tienen a sus espaldas<\/a>.<\/p>\n<p>No obstante, el franc\u00e9s confes\u00f3 que era un gran amante de la \u00abarquitectura singular\u00bb, algo que Espa\u00f1a conservaba. De hecho, se declar\u00f3 fan de uno de nuestros arquitectos m\u00e1s ilustres: <a href=\"https:\/\/www.arquitecturaydiseno.es\/arquitectura\/enric-miralles-arquitecto-edificios-no-deben-terminarse-porque-solo-asi-sobreviven-paso-tiempo_12287\" rel=\"nofollow noopener\" target=\"_blank\"><strong>Enric Miralles<\/strong><\/a> (que en sus inicios trabaj\u00f3 con otro gran referente del sector: <a href=\"https:\/\/www.arquitecturaydiseno.es\/arquitectura\/bodegas-horra_12095\" rel=\"nofollow noopener\" target=\"_blank\"><strong>Carme Pin\u00f3s<\/strong><\/a>). Jean lo consider\u00f3 como uno de los m\u00e1ximos exponentes de la personalidad arquitect\u00f3nica de Espa\u00f1a.<\/p>\n<p>Algunos de los edificios m\u00e1s destacados de Jean Nouvel&#13;<img loading=\"lazy\" decoding=\"async\"   src=\"https:\/\/www.europesays.com\/es\/wp-content\/uploads\/2025\/09\/tours-duo_5033d1ae_250904111443_1280x1668.webp.webp\" alt=\"Tours Duo\" class=\"lazyload\" width=\"1280\" height=\"1668\" data-aspectratio=\"1280\/1668\"\/><\/p>\n<p>El proyecto finaliz\u00f3 en 2022.<\/p>\n<p>&#13;Roland Halbe | Ateliers Jean Nouvel<br \/>\n Tours Duo de Par\u00eds<\/p>\n<p>Nouvel es el encargado de haber dise\u00f1ado unos de los edificios m\u00e1s modernos de la capital francesa: Tours Duo. La construcci\u00f3n de las dos torres ha tardado 11 a\u00f1os y destaca por haber utilizado la tecnolog\u00eda m\u00e1s puntera. Los materiales principales de los dos edificios son el <strong>acero de la estructura<\/strong> y el cristal de la fachada.<\/p>\n<p><a href=\"https:\/\/www.arquitecturaydiseno.es\/estilo-de-vida\/gala-llano-experta-accesibilidad-espana-solo-06-edificios-residenciales-cumple-normas-basicas-accesibilidad_12321\" data-ga4_event=\"custom_event\" data-ga4_event_name=\"click_intext\" data-ga4_link_url=\"https:\/\/www.arquitecturaydiseno.es\/estilo-de-vida\/gala-llano-experta-accesibilidad-espana-solo-06-edificios-residenciales-cumple-normas-basicas-accesibilidad_12321\" data-ga4_link_text=\"gala_llano_experta_en_accesibilidad_en_espana_solo_el_06%_de_los_edificios_residenciales_cumple_las_normas_basicas_de_accesibilidad\" data-ga4_content_type=\"photo\" data-ga4_element=\"related\" rel=\"nofollow noopener\" target=\"_blank\">&#13;&#13;<img loading=\"lazy\" decoding=\"async\" src=\"https:\/\/www.europesays.com\/es\/wp-content\/uploads\/2025\/09\/gala-llano-safe-city_aa0362bb_250903091305_600x600.webp.webp\" alt=\"gala llano safe city\" class=\"lazyload\" width=\"600\" height=\"600\" data-aspectratio=\"600\/600\"\/>&#13;&#13;<\/p>\n<p class=\"epigraph\">&#13;Noticia relacionada<\/p>\n<p class=\"title\">Gala Llano, experta en accesibilidad: \u00abEn Espa\u00f1a solo el 0,6% de los edificios residenciales cumple las normas b\u00e1sicas de accesibilidad\u00bb<\/p>\n<p><\/a>&#13;<img loading=\"lazy\" decoding=\"async\"   src=\"https:\/\/www.europesays.com\/es\/wp-content\/uploads\/2025\/09\/museo-nacional-de-catar_ff5594cc_250904112026_1600x1066.webp.webp\" alt=\"Museo Nacional de Catar\" class=\"lazyload\" width=\"1600\" height=\"1066\" data-aspectratio=\"1600\/1066\"\/><\/p>\n<p>El arquitecto dise\u00f1\u00f3 el museo en 2008.<\/p>\n<p>&#13;Atelier Jean Nouvel<br \/>\n Museo Nacional de Catar<\/p>\n<p>Las obras del Museo Nacional de Catar se llev\u00f3 a cabo entre 2003 y 2019. El arquitecto ten\u00eda como objetivo combinar las <strong>formas curvas<\/strong>\u00a0con los diferentes niveles, por lo que consigui\u00f3 un edificio que juega a la perfecci\u00f3n con los vol\u00famenes.<\/p>\n<p>&#13;<img loading=\"lazy\" decoding=\"async\"   src=\"https:\/\/www.europesays.com\/es\/wp-content\/uploads\/2025\/09\/hotel-reinassence-lhospitalet-del-llobregat_36ac5911_250904112348_1198x1198.webp.webp\" alt=\"Hotel Reinassence L'Hospitalet del Llobregat\" class=\"lazyload\" width=\"1198\" height=\"1198\" data-aspectratio=\"1198\/1198\"\/><\/p>\n<p>El edificio mide m\u00e1s de un centenar de metros.<\/p>\n<p>&#13;Ateliers Jean Nouvel<br \/>\n Reinassence Barcelona Fira Hotel<\/p>\n<p>En L&#8217;Hospitalet del Llobregat, podemos encontrar una obra de Jean Nouvel. Se trata del Reinassence Barcelona Fira Hotel, una torre con m\u00e1s de 100 metros de altura que est\u00e1 destinada al turismo. Cuenta con m\u00e1s de tres centenares de habitaciones y su espacio m\u00e1s destacado es la <strong>terraza<\/strong> que est\u00e1 en su azotea.<\/p>\n<p>Si quieres estar al d\u00eda de todo lo que publicamos en Arquitectura y Dise\u00f1o <a href=\"https:\/\/www.arquitecturaydiseno.es\/newsletters\" rel=\"nofollow noopener\" target=\"_blank\">suscr\u00edbete a nuestra newsletter<\/a>.<\/p>\n","protected":false},"excerpt":{"rendered":"Cuando un pa\u00eds tiene una densidad de poblaci\u00f3n alta, es sin\u00f3nimo de que el parque de vivienda est\u00e1&hellip;\n","protected":false},"author":2,"featured_media":93140,"comment_status":"","ping_status":"","sticky":false,"template":"","format":"standard","meta":{"footnotes":""},"categories":[173],"tags":[229,233,231,230,232,234,146,147,25,24,23],"class_list":{"0":"post-93139","1":"post","2":"type-post","3":"status-publish","4":"format-standard","5":"has-post-thumbnail","7":"category-arte-y-diseno","8":"tag-arte","9":"tag-arte-y-diseno","10":"tag-arts","11":"tag-arts-and-design","12":"tag-design","13":"tag-diseno","14":"tag-entertainment","15":"tag-entretenimiento","16":"tag-es","17":"tag-espana","18":"tag-spain"},"share_on_mastodon":{"url":"","error":""},"_links":{"self":[{"href":"https:\/\/www.europesays.com\/es\/wp-json\/wp\/v2\/posts\/93139","targetHints":{"allow":["GET"]}}],"collection":[{"href":"https:\/\/www.europesays.com\/es\/wp-json\/wp\/v2\/posts"}],"about":[{"href":"https:\/\/www.europesays.com\/es\/wp-json\/wp\/v2\/types\/post"}],"author":[{"embeddable":true,"href":"https:\/\/www.europesays.com\/es\/wp-json\/wp\/v2\/users\/2"}],"replies":[{"embeddable":true,"href":"https:\/\/www.europesays.com\/es\/wp-json\/wp\/v2\/comments?post=93139"}],"version-history":[{"count":0,"href":"https:\/\/www.europesays.com\/es\/wp-json\/wp\/v2\/posts\/93139\/revisions"}],"wp:featuredmedia":[{"embeddable":true,"href":"https:\/\/www.europesays.com\/es\/wp-json\/wp\/v2\/media\/93140"}],"wp:attachment":[{"href":"https:\/\/www.europesays.com\/es\/wp-json\/wp\/v2\/media?parent=93139"}],"wp:term":[{"taxonomy":"category","embeddable":true,"href":"https:\/\/www.europesays.com\/es\/wp-json\/wp\/v2\/categories?post=93139"},{"taxonomy":"post_tag","embeddable":true,"href":"https:\/\/www.europesays.com\/es\/wp-json\/wp\/v2\/tags?post=93139"}],"curies":[{"name":"wp","href":"https:\/\/api.w.org\/{rel}","templated":true}]}}