{"id":93157,"date":"2025-09-04T16:11:08","date_gmt":"2025-09-04T16:11:08","guid":{"rendered":"https:\/\/www.europesays.com\/es\/93157\/"},"modified":"2025-09-04T16:11:08","modified_gmt":"2025-09-04T16:11:08","slug":"este-es-el-tamano-permitido-para-viajar","status":"publish","type":"post","link":"https:\/\/www.europesays.com\/es\/93157\/","title":{"rendered":"este es el tama\u00f1o permitido para viajar"},"content":{"rendered":"<p>La aerol\u00ednea se\u00f1ala que ya ha completado la instalaci\u00f3n de medidores de equipaje de mano m\u00e1s grandes en 235 aeropuertos de toda Europa<\/p>\n<p><img fetchpriority=\"high\" class=\"voc-img\" src=\"https:\/\/www.europesays.com\/es\/wp-content\/uploads\/2025\/09\/ryanair-maletas-k4NH-U701493472564G7F-1200x840@diario_abc.jpg\" loading=\"eager\" decoding=\"async\" alt=\"El nuevo equipaje de mano de Ryanair ser\u00e1 de 40 x 30 x 20 cent\u00edmetros\" width=\"1200\" height=\"840\"\/><\/p>\n<p>El nuevo equipaje de mano de Ryanair ser\u00e1 de 40 x 30 x 20 cent\u00edmetros    reuters  <\/p>\n<p>04\/09\/2025<br \/>\n<br \/><strong><br \/>\nActualizado a las 17:40h.<br \/>\n<\/strong><\/p>\n<p class=\"voc-p\" style=\"\">Todos los pasajeros de Ryanair podr\u00e1n llevar desde este jueves <strong>un equipaje de mano superior al est\u00e1ndar establecido por la Uni\u00f3n Europea,<\/strong> de manera gratuita. Seg\u00fan ha informado la aerol\u00ednea &#8216;low cost&#8217;, el nuevo equipaje de mano permitido (40 x 30 x 20 cent\u00edmetros) ser\u00e1 un 33% superior al establecido por la UE (40 x 30 x 15 cm).<\/p>\n<p class=\"voc-p\" style=\"\">Ryanair permite a cada pasajero llevar a bordo una pieza de equipaje de mano gratuita, pero esta<strong> debe caber debajo del asiento del pasajero.<\/strong> Si los pasajeros desean viajar con una pieza de equipaje de mano adicional, pueden hacerlo adquiriendo el servicio &#8216;Priority Boarding&#8217; de Ryanair.<\/p>\n<p class=\"voc-p\" style=\"\">La aerol\u00ednea ha se\u00f1alado adem\u00e1s que ya ha completado la <strong>instalaci\u00f3n de medidores de equipaje de mano m\u00e1s grandes en 235 aeropuertos de toda Europa.<\/strong> \u00abA partir de hoy, el nuevo equipaje de mano gratuito de Ryanair es un 33% m\u00e1s grande que el est\u00e1ndar establecido por la UE. Hemos modificado el tama\u00f1o de los medidores de equipaje en todos los aeropuertos para adaptarlos a este equipaje de mano gratuito m\u00e1s grande\u00bb, ha apuntado Dara Brady, CMO de Ryanair.<\/p>\n<p class=\"voc-p\" style=\"\">Brady ha recordado adem\u00e1s que los pasajeros tambi\u00e9n pueden solicitar la <strong>facturaci\u00f3n de equipaje durante el proceso de reserva<\/strong>.<\/p>\n<p class=\"voc-p\" style=\"\">\u00abEsperamos que nuestros clientes disfruten de estas piezas de <strong>equipaje de mano gratuitas m\u00e1s grandes,<\/strong> pero cualquier pasajero que no cumpla con estos nuevos y generosos l\u00edmites deber\u00e1 pagar la tarifa de facturaci\u00f3n de equipaje en la puerta de embarque\u00bb, ha a\u00f1adido.<\/p>\n<p>Reportar un error<\/p>\n","protected":false},"excerpt":{"rendered":"La aerol\u00ednea se\u00f1ala que ya ha completado la instalaci\u00f3n de medidores de equipaje de mano m\u00e1s grandes en&hellip;\n","protected":false},"author":2,"featured_media":93158,"comment_status":"","ping_status":"","sticky":false,"template":"","format":"standard","meta":{"footnotes":""},"categories":[80],"tags":[4187,82,95,94,7157,25,24,126,3238,5516,795,4478,23],"class_list":{"0":"post-93157","1":"post","2":"type-post","3":"status-publish","4":"format-standard","5":"has-post-thumbnail","7":"category-economia","8":"tag-anuncia","9":"tag-business","10":"tag-economia","11":"tag-economy","12":"tag-equipaje","13":"tag-es","14":"tag-espana","15":"tag-gratis","16":"tag-mano","17":"tag-medida","18":"tag-nueva","19":"tag-ryanair","20":"tag-spain"},"share_on_mastodon":{"url":"","error":""},"_links":{"self":[{"href":"https:\/\/www.europesays.com\/es\/wp-json\/wp\/v2\/posts\/93157","targetHints":{"allow":["GET"]}}],"collection":[{"href":"https:\/\/www.europesays.com\/es\/wp-json\/wp\/v2\/posts"}],"about":[{"href":"https:\/\/www.europesays.com\/es\/wp-json\/wp\/v2\/types\/post"}],"author":[{"embeddable":true,"href":"https:\/\/www.europesays.com\/es\/wp-json\/wp\/v2\/users\/2"}],"replies":[{"embeddable":true,"href":"https:\/\/www.europesays.com\/es\/wp-json\/wp\/v2\/comments?post=93157"}],"version-history":[{"count":0,"href":"https:\/\/www.europesays.com\/es\/wp-json\/wp\/v2\/posts\/93157\/revisions"}],"wp:featuredmedia":[{"embeddable":true,"href":"https:\/\/www.europesays.com\/es\/wp-json\/wp\/v2\/media\/93158"}],"wp:attachment":[{"href":"https:\/\/www.europesays.com\/es\/wp-json\/wp\/v2\/media?parent=93157"}],"wp:term":[{"taxonomy":"category","embeddable":true,"href":"https:\/\/www.europesays.com\/es\/wp-json\/wp\/v2\/categories?post=93157"},{"taxonomy":"post_tag","embeddable":true,"href":"https:\/\/www.europesays.com\/es\/wp-json\/wp\/v2\/tags?post=93157"}],"curies":[{"name":"wp","href":"https:\/\/api.w.org\/{rel}","templated":true}]}}