{"id":93187,"date":"2025-09-04T16:27:07","date_gmt":"2025-09-04T16:27:07","guid":{"rendered":"https:\/\/www.europesays.com\/es\/93187\/"},"modified":"2025-09-04T16:27:07","modified_gmt":"2025-09-04T16:27:07","slug":"telecinco-le-roba-a-tve-una-importante-colaboradora-de-dcorazon-para-su-nuevo-competidor-vaya-fama","status":"publish","type":"post","link":"https:\/\/www.europesays.com\/es\/93187\/","title":{"rendered":"Telecinco le roba a TVE una importante colaboradora de &#8216;DCoraz\u00f3n&#8217; para su nuevo competidor &#8216;\u00a1Vaya fama!&#8217;"},"content":{"rendered":"<p class=\"ft-text\">El coraz\u00f3n gamberro y divertido vuelve a Telecinco con &#8216;\u00a1Vaya fama!&#8217;. La cadena de Mediaset estrena su nuevo magac\u00edn este s\u00e1bado a partir de las 13:15 horas y c<strong>ontar\u00e1 con el fichaje de Gema Fern\u00e1ndez, periodista de larga trayectoria en televisi\u00f3n, que llegar\u00e1 directamente desde &#8216;DCoraz\u00f3n&#8217;,<\/strong> su competencia en La 1 de TVE.<\/p>\n<p class=\"ft-text\">Adem\u00e1s de haber sido colaboradora en diferentes programas de cr\u00f3nica social como &#8216;Fiesta&#8217;, &#8216;As\u00ed es la vida&#8217; o el presentado por Anne Igartiburu en TVE, que ahora abandona, la periodista fue uno de los rostros visibles del equipo de contenidos de \u2018\u00bfD\u00f3nde est\u00e1s coraz\u00f3n?&#8217; en Antena 3 y <strong>ya en Telecinco copresent\u00f3 con Nacho Abad &#8216;Rojo y negro&#8217;, el antecesor del actual &#8216;C\u00f3digo 10\u2019<\/strong>. Adem\u00e1s, Mediaset fue la cara visible del Mundial 2010 en Sud\u00e1frica como presentadora, labor que tambi\u00e9n desarroll\u00f3 en diferentes espacios de Canal Sur.<\/p>\n<p class=\"ft-text\">&#8216;\u00a1Vaya fama!&#8217; llega a la parrilla de Telecinco con el objetivo de convertirse en el gran escaparate de la cr\u00f3nica social durante los fines de semana. Producido por Mediaset Espa\u00f1a en colaboraci\u00f3n con Cuarzo Producciones (Banijay Iberia), el programa abordar\u00e1 la vida de los famosos de un modo irreverente, \u00e1cido y divertido, y <strong>estar\u00e1 conducido por Cristina Lasvignes, que este verano present\u00f3 \u2018El diario de verano\u2019, y por Fran Ram\u00edrez, comunicador y guionista<\/strong> que debuta en la televisi\u00f3n nacional tras su paso por Arag\u00f3n TV, Onda Cero y Arag\u00f3n Radio.<\/p>\n<p class=\"ft-text\">En palabras de Jaime Guerra, director de contenidos de producci\u00f3n de Mediaset, \u00ab<strong>empezamos un programa de coraz\u00f3n en un tono divertido, simp\u00e1tico, en el que tiene cabido todo famosete que se precie.<\/strong> Va a ser un programa que desarrolle sus propias informaciones y contamos con una pareja de presentadores explosiva\u00bb.<\/p>\n<p class=\"ft-text\">El formato contar\u00e1 con un amplio plantel de tertulianos entre los que figuran <strong>Makoke, Carmen Borrego, Antonio Montero, Almudena del Pozo, Alejandra Rubio, Suso, Tino Torrubiano, Diego Reinares y Marta Pe\u00f1ate.<\/strong><\/p>\n<p class=\"ft-text\">&#8216;\u00a1Vaya fama!&#8217; tendr\u00e1 dos elementos distintivos:\u00a0\u00abLos Famosetes\u00bb, <strong>m\u00e1s de un centenar de figuras de resina 3D<\/strong> que representan a los personajes m\u00e1s medi\u00e1ticos, y el\u00a0\u00abEscaparate de la Fama\u00bb, <strong>donde se valorar\u00e1 el comportamiento de las celebrities<\/strong>. Adem\u00e1s, contar\u00e1 con conexiones en directo, reportajes, investigaciones y un espacio de \u00faltima hora en su mesa principal, que se iluminar\u00e1 para anunciar exclusivas o noticias inesperadas.<\/p>\n<p class=\"ft-text\">El programa tambi\u00e9n t<strong>endr\u00e1 presencia en Honduras gracias a Raquel Mu\u00f1oz Campoy, reportera desplazada a los Cayos Cochinos<\/strong> para cubrir todo lo que ocurra en &#8216;Supervivientes All Stars&#8217;. La periodista aportar\u00e1 informaci\u00f3n de primera mano sobre los concursantes desde el terreno.<\/p>\n<p class=\"ft-text\">Con esta apuesta, Telecinco <strong>busca reforzar su oferta en la franja del mediod\u00eda de los fines de semana, ocupando el hueco dejado por &#8216;Socialit\u00e9&#8217;<\/strong> y compitiendo de manera directa con &#8216;DCoraz\u00f3n&#8217;, el magac\u00edn de TVE. El fichaje de Gema Fern\u00e1ndez simboliza adem\u00e1s un golpe directo a su rival, trasladando una de sus voces m\u00e1s reconocibles al nuevo formato de Mediaset.<\/p>\n","protected":false},"excerpt":{"rendered":"El coraz\u00f3n gamberro y divertido vuelve a Telecinco con &#8216;\u00a1Vaya fama!&#8217;. La cadena de Mediaset estrena su nuevo&hellip;\n","protected":false},"author":2,"featured_media":93188,"comment_status":"","ping_status":"","sticky":false,"template":"","format":"standard","meta":{"footnotes":""},"categories":[171],"tags":[14271,22171,4835,2439,146,147,25,24,14606,908,3294,524,33802,23,692,214,3156,5123],"class_list":{"0":"post-93187","1":"post","2":"type-post","3":"status-publish","4":"format-standard","5":"has-post-thumbnail","7":"category-tv","8":"tag-colaboradora","9":"tag-competidor","10":"tag-corazon","11":"tag-d","12":"tag-entertainment","13":"tag-entretenimiento","14":"tag-es","15":"tag-espana","16":"tag-fama","17":"tag-importante","18":"tag-le","19":"tag-nuevo","20":"tag-roba","21":"tag-spain","22":"tag-telecinco","23":"tag-tv","24":"tag-tve","25":"tag-vaya"},"share_on_mastodon":{"url":"","error":""},"_links":{"self":[{"href":"https:\/\/www.europesays.com\/es\/wp-json\/wp\/v2\/posts\/93187","targetHints":{"allow":["GET"]}}],"collection":[{"href":"https:\/\/www.europesays.com\/es\/wp-json\/wp\/v2\/posts"}],"about":[{"href":"https:\/\/www.europesays.com\/es\/wp-json\/wp\/v2\/types\/post"}],"author":[{"embeddable":true,"href":"https:\/\/www.europesays.com\/es\/wp-json\/wp\/v2\/users\/2"}],"replies":[{"embeddable":true,"href":"https:\/\/www.europesays.com\/es\/wp-json\/wp\/v2\/comments?post=93187"}],"version-history":[{"count":0,"href":"https:\/\/www.europesays.com\/es\/wp-json\/wp\/v2\/posts\/93187\/revisions"}],"wp:featuredmedia":[{"embeddable":true,"href":"https:\/\/www.europesays.com\/es\/wp-json\/wp\/v2\/media\/93188"}],"wp:attachment":[{"href":"https:\/\/www.europesays.com\/es\/wp-json\/wp\/v2\/media?parent=93187"}],"wp:term":[{"taxonomy":"category","embeddable":true,"href":"https:\/\/www.europesays.com\/es\/wp-json\/wp\/v2\/categories?post=93187"},{"taxonomy":"post_tag","embeddable":true,"href":"https:\/\/www.europesays.com\/es\/wp-json\/wp\/v2\/tags?post=93187"}],"curies":[{"name":"wp","href":"https:\/\/api.w.org\/{rel}","templated":true}]}}