{"id":93195,"date":"2025-09-04T16:31:12","date_gmt":"2025-09-04T16:31:12","guid":{"rendered":"https:\/\/www.europesays.com\/es\/93195\/"},"modified":"2025-09-04T16:31:12","modified_gmt":"2025-09-04T16:31:12","slug":"la-terapia-farmacologica-reduce-la-incidencia-de-lesiones-en-el-tdah","status":"publish","type":"post","link":"https:\/\/www.europesays.com\/es\/93195\/","title":{"rendered":"La terapia farmacol\u00f3gica reduce la incidencia de lesiones en el TDAH"},"content":{"rendered":"<p class=\"mostrar-fragmento\">Un equipo internacional de investigadores ha establecido que el tratamiento farmacol\u00f3gico del trastorno por d\u00e9ficit de atenci\u00f3n e hiperactividad (TDAH), reduce significativamente el abuso de drogas, los accidentes en medios de transporte, la comisi\u00f3n de delitos y el comportamiento suicida, a los dos a\u00f1os. Esta reducci\u00f3n fue apreciable tanto al &#8230;            &#13;\n        <\/p>\n<p> &#13;<\/p>\n<p>Un equipo internacional de investigadores <strong>ha establecido que el tratamiento farmacol\u00f3gico del trastorno por d\u00e9ficit de atenci\u00f3n e hiperactividad (TDAH), reduce significativamente el abuso de drogas, los accidentes en medios de transporte, la comisi\u00f3n de delitos y el comportamiento suicida, a los dos a\u00f1os<\/strong>. Esta reducci\u00f3n fue apreciable tanto al analizar el primer evento como los recurrentes, entre los que tambi\u00e9n disminuyeron las lesiones accidentales.<strong> Zheng Chang<\/strong>, cient\u00edfico del Instituto Karolinska y director del <a href=\"https:\/\/pubmed.ncbi.nlm.nih.gov\/40803836\/\" style=\"text-decoration:none\" rel=\"nofollow noopener\" target=\"_blank\">estudio<\/a>, afirma que la reducci\u00f3n de riesgo fue incluso mayor al considerar los eventos recurrentes en pacientes que ya hab\u00edan experimentado un evento previo.\u00a0<\/p>\n<p>En el an\u00e1lisis por subgrupos demogr\u00e1ficos, los pacientes adultos obtuvieron mayor beneficio que los j\u00f3venes o los pedi\u00e1tricos, en t\u00e9rminos de abuso de drogas y conducta delictiva, mientras que esta \u00faltima se redujo m\u00e1s en mujeres. En contraste, el comportamiento suicida recurrente disminuy\u00f3 en los pacientes pedi\u00e1tricos y en los j\u00f3venes, pero no en los adultos. <strong>Chang se\u00f1ala que el estudio ha sido realizado en casi 150.000 pacientes, de los cuales el 56% estaban siendo tratados, mayoritariamente con metilfenidato.<\/strong>\u00a0<\/p>\n<p>El investigador prosigue indicando que los beneficios de la terapia podr\u00edan ser consecuencia de la atenuaci\u00f3n de la impulsividad y de las mejoras en la atenci\u00f3n y funci\u00f3n ejecutiva, lo que estar\u00eda en consonancia con estudios previos. <strong>Adicionalmente, cabe la posibilidad de que la magnitud de los beneficios observados sea incluso mayor, ya que en las \u00faltimas d\u00e9cadas ha crecido el n\u00famero de diagn\u00f3sticos entre los adultos y las mujeres, poblaciones que suelen presentar menor discapacidad que los j\u00f3venes<\/strong>, concluye Chang.<\/p>\n<p> &#13;<\/p>\n<p>&#13;<br \/>\n            SEGUIR LEYENDO&#13;\n        <\/p>\n","protected":false},"excerpt":{"rendered":"Un equipo internacional de investigadores ha establecido que el tratamiento farmacol\u00f3gico del trastorno por d\u00e9ficit de atenci\u00f3n e&hellip;\n","protected":false},"author":2,"featured_media":93196,"comment_status":"","ping_status":"","sticky":false,"template":"","format":"standard","meta":{"footnotes":""},"categories":[92],"tags":[33814,33815,21714,33813,25,24,1292,33810,3575,165,2273,20901,10480,689,1817,32821,3385,27483,166,23,24734,33811,3362,33816,1064,33812],"class_list":{"0":"post-93195","1":"post","2":"type-post","3":"status-publish","4":"format-standard","5":"has-post-thumbnail","7":"category-salud","8":"tag-accidentales","9":"tag-comparacion","10":"tag-comportamiento","11":"tag-criminalidad","12":"tag-es","13":"tag-espana","14":"tag-estudio","15":"tag-farmacologica","16":"tag-han","17":"tag-health","18":"tag-incidencia","19":"tag-iniciado","20":"tag-lesiones","21":"tag-no","22":"tag-pacientes","23":"tag-reducciones","24":"tag-reduce","25":"tag-reporta","26":"tag-salud","27":"tag-spain","28":"tag-suicida","29":"tag-tdah","30":"tag-terapia","31":"tag-todavia","32":"tag-tratamiento","33":"tag-voluminoso"},"share_on_mastodon":{"url":"","error":""},"_links":{"self":[{"href":"https:\/\/www.europesays.com\/es\/wp-json\/wp\/v2\/posts\/93195","targetHints":{"allow":["GET"]}}],"collection":[{"href":"https:\/\/www.europesays.com\/es\/wp-json\/wp\/v2\/posts"}],"about":[{"href":"https:\/\/www.europesays.com\/es\/wp-json\/wp\/v2\/types\/post"}],"author":[{"embeddable":true,"href":"https:\/\/www.europesays.com\/es\/wp-json\/wp\/v2\/users\/2"}],"replies":[{"embeddable":true,"href":"https:\/\/www.europesays.com\/es\/wp-json\/wp\/v2\/comments?post=93195"}],"version-history":[{"count":0,"href":"https:\/\/www.europesays.com\/es\/wp-json\/wp\/v2\/posts\/93195\/revisions"}],"wp:featuredmedia":[{"embeddable":true,"href":"https:\/\/www.europesays.com\/es\/wp-json\/wp\/v2\/media\/93196"}],"wp:attachment":[{"href":"https:\/\/www.europesays.com\/es\/wp-json\/wp\/v2\/media?parent=93195"}],"wp:term":[{"taxonomy":"category","embeddable":true,"href":"https:\/\/www.europesays.com\/es\/wp-json\/wp\/v2\/categories?post=93195"},{"taxonomy":"post_tag","embeddable":true,"href":"https:\/\/www.europesays.com\/es\/wp-json\/wp\/v2\/tags?post=93195"}],"curies":[{"name":"wp","href":"https:\/\/api.w.org\/{rel}","templated":true}]}}