{"id":93197,"date":"2025-09-04T16:32:08","date_gmt":"2025-09-04T16:32:08","guid":{"rendered":"https:\/\/www.europesays.com\/es\/93197\/"},"modified":"2025-09-04T16:32:08","modified_gmt":"2025-09-04T16:32:08","slug":"salvados-desvela-los-temas-de-su-nueva-temporada-en-lasexta-con-entrevista-al-maquinista-del-alvia-de-santiago","status":"publish","type":"post","link":"https:\/\/www.europesays.com\/es\/93197\/","title":{"rendered":"&#8216;Salvados&#8217; desvela los temas de su nueva temporada en laSexta, con entrevista al maquinista del Alvia de Santiago"},"content":{"rendered":"<p class=\"article-text\">\n        <strong>Salvados <\/strong>vuelve este domingo 7 de septiembre a <strong>laSexta <\/strong>con <strong>Gonzo <\/strong>al frente de nuevos reportajes. Un <strong>\u201cbuque insignia\u201d <\/strong>de la cadena de Atresmedia que ha sido presentado en el <strong>FesTVal 2025<\/strong> de Vitoria y que seguir\u00e1 dando voz a los <strong>\u201cgrandes olvidados\u201d.<\/strong>\n    <\/p>\n<p>    <a href=\"https:\/\/www.eldiario.es\/videos\/trailers-y-avances\/salvados-pone-fecha-estreno-nueva-temporada-abrira-entrevista-gonzo-el-gran-wyoming_7_12568802.html\" data-mrf-recirculation=\"saber-mas\" data-dl-event=\"saber-mas\" rel=\"nofollow noopener\" target=\"_blank\"><\/p>\n<p class=\"know-more__title\">&#8216;Salvados&#8217; pone fecha de estreno a su nueva temporada, que abrir\u00e1 con una entrevista de Gonzo a El Gran Wyoming<\/p>\n<p>            <img decoding=\"async\" class=\"lazy\" loading=\"lazy\" data-src=\"https:\/\/static.eldiario.es\/clip\/2fa50dcb-ae3e-4e32-a48a-595b61d1e0c1_16-9-aspect-ratio_default_0.jpg\" src=\"data:image\/svg+xml,%3Csvg xmlns=\" http:=\"\" viewbox=\"0 0 880 495\" alt=\"'Salvados' pone fecha de estreno a su nueva temporada, que abrir\u00e1 con una entrevista de Gonzo a El Gran Wyoming\"\/><\/p>\n<p>                            <img decoding=\"async\" class=\"ni-multimedia\" src=\"https:\/\/www.eldiario.es\/assets\/img\/svg\/icons\/gallery-video.h-2e826467718e0ad0cb33a0bdb174f603.svg\" alt=\"'Salvados' pone fecha de estreno a su nueva temporada, que abrir\u00e1 con una entrevista de Gonzo a El Gran Wyoming\"\/><br \/>\n                        <\/a><\/p>\n<p class=\"article-text\">\n        As\u00ed lo ha destacado <strong>Carmen Ferreiro<\/strong>, directora de entretenimiento del grupo de comunicaci\u00f3n privado, en una rueda de prensa a la que ha asistido <a href=\"https:\/\/www.eldiario.es\/vertele\/\" target=\"_blank\" data-mrf-recirculation=\"links-noticia\" class=\"link\" rel=\"nofollow noopener\">verTele <\/a>y que ha contado tambi\u00e9n con la participaci\u00f3n de <strong>Fer Gonzo<\/strong>, su presentador.\n    <\/p>\n<p class=\"article-text\">\n        \u201cEs un programa denuncia que da voz a los grandes olvidados, que <strong>no son los grandes protagonistas de los medios de comunicaci\u00f3n <\/strong>y que tienen historias que merecen ser contadas\u201d, ha expresado la directiva. Un punto diferencial que provoca que la gente tenga ganas de ver Salvados, como ha reconocido tambi\u00e9n el periodista.\n    <\/p>\n<p>            <img decoding=\"async\" class=\"lazy\" loading=\"lazy\" data-src=\"https:\/\/static.eldiario.es\/clip\/b8d13814-cf62-45a8-8ae2-b1682c74915f_16-9-discover-aspect-ratio_default_0.jpg\" src=\"data:image\/svg+xml,%3Csvg xmlns=\" http:=\"\" viewbox=\"0 0 1200 675\" alt=\"Carmen Ferreiro y Gonzo en la presentaci\u00f3n de 'Salvados'\"\/><\/p>\n<p class=\"article-text\">\n        \u201cHay gente que empieza a<strong> ver reconocidas en el programa preocupaciones propias<\/strong>. Las consecuencias que tienen para la gente decisiones pol\u00edticas, acontecimientos hist\u00f3ricos o fen\u00f3menos climatol\u00f3gigos\u2026 Una relacion entre el espectador y Salvados de que igual no me interesa el tema pero s\u00e9 que lo que se ve a contar me afecta\u201d.\n    <\/p>\n<p>    &#8216;Salvados&#8217; abre temporada con una entrevista \u201cdeliciosa\u201d a Wyoming<\/p>\n<p class=\"article-text\">\n        La temporada se estrena, no obstante, este domingo con una entrevista \u201cdeliciosa\u201d a <strong>El Gran Wyoming<\/strong> por los 20 a\u00f1os que cumple el presentador en El Intermedio. \u201cRepasa su trayectoria y<strong> se abre con Gonzo porque le conoce muy bien<\/strong>\u201d, ha revelado Ferreiro.\n    <\/p>\n<p class=\"article-text\">\n        \u201cChechu acaba de cumplir 70 a\u00f1os y le gusta mirar atr\u00e1s porque se siente satidsfecho de su vida, tanto a nivel profesional como personal. <strong>Fue mi idolo hasta que lo conoci. Pas\u00f3 a ser un amigo y no porque yo lo forzase<\/strong>. Vino a tocar a mi pueblo y me invit\u00f3 a ir con ellos. Y de repente ese Wyoming que yo segu\u00eda desde joven me invit\u00f3 a estar con \u00e9l y sus amigos. Eso es lo que marc\u00f3 lo que es el gran Chechu,<strong> alguien que lucha para que todos los que est\u00e9n a su alrededor est\u00e9n a gusto<\/strong>\u201d, ha elogiado Gonzo.\n    <\/p>\n<p>            <img decoding=\"async\" class=\"lazy\" loading=\"lazy\" data-src=\"https:\/\/static.eldiario.es\/clip\/2fa50dcb-ae3e-4e32-a48a-595b61d1e0c1_16-9-discover-aspect-ratio_default_0.jpg\" src=\"data:image\/svg+xml,%3Csvg xmlns=\" http:=\"\" viewbox=\"0 0 1200 675\" alt=\"Wyoming\"\/><\/p>\n<p class=\"article-text\">\n        Salvados abrir\u00e1 curso <strong>fuera de su horario habitual <\/strong>para evitar enfrentarse al partido de la Selecci\u00f3n Espa\u00f1ola. A las 21:25h remitir\u00e1n su especial sobre la salud mental y posteriormente, a las<strong> 22:25h<\/strong>, con su entrega in\u00e9dita. Las siguientes semanas recuperar\u00e1 su inicio de siempre.\n    <\/p>\n<p class=\"article-text\">\n        \u201cSomos un equipo que se pasa muy bien haciendo lo que hacemos, aunque muchas veces cuesta. Hay una mezcla de equipo veterano que lleva desde los primeros a\u00f1os de Salvados y gente que hemos llegado nueva, y lo que vemos es que<strong> la ilusi\u00f3n no la perdemos nunca<\/strong>. Y los m\u00e1s veteranos son los que m\u00e1s nos empujan a seguir adelante\u201d, ha expresado Gonzo sobre su regreso.\n    <\/p>\n<p>    Los reportajes de la nueva temporada de &#8216;Salvados&#8217;<\/p>\n<p class=\"article-text\">\n        A lo largo de las pr\u00f3ximas semanas, Salvados abordar\u00e1 distintos temas que preocupan a la ciudadan\u00eda o que prometen tener un impacto significativo.\n    <\/p>\n<p class=\"article-text\">\n        Entre las tem\u00e1ticas, han avanzado un reportaje en <strong>el hospital Vall D&#8217;Ebron<\/strong> en el que Gonzo convive con el <strong>equipo de transplantes<\/strong>. \u201cEmpezamos a hacer ese programa con curiosidad sobre c\u00f3mo es vivir en un lugar en el que hay gente a punto de morir y gente a la que est\u00e1n a punto de salvarle la vida. Acabamos con gran admiraci\u00f3n por los profesionales de la salud p\u00fablica. <strong>Vivimos en un pa\u00eds en el que te salvan la vida sin tener que pagar luego la factura y no deben convencernos de que lo contrario es mejor<\/strong>\u201d, ha destacado el presentador.\n    <\/p>\n<p class=\"article-text\">\n        Tambi\u00e9n habr\u00e1 un programa con <strong>entrevista a Paco Garz\u00f3n, el maquinista del tren Alvia<\/strong> que descarril\u00f3 hace doce a\u00f1os en Angrois, cerca de<strong> Santiago de Compostela<\/strong>, por exceso de velocidad. El accidente provoc\u00f3 80 muertos y 145 heridos, y la responsabilidad se traslad\u00f3 al conductor. \u201cImaginad que sal\u00eds de trabajar, ese d\u00eda hay un accidente y cuando vuelves a casa te ves en todas las teles y medios como el responsable.<strong> \u00c9l dice que es responsable pero no el culpable de lo que pas\u00f3<\/strong>\u201d, ha contado Gonzo como avance.\n    <\/p>\n<p>            <img decoding=\"async\" class=\"lazy\" loading=\"lazy\" data-src=\"https:\/\/static.eldiario.es\/clip\/6cd310d9-62dd-4055-af88-cc86cd367b50_16-9-discover-aspect-ratio_default_0.jpg\" src=\"data:image\/svg+xml,%3Csvg xmlns=\" http:=\"\" viewbox=\"0 0 1200 675\" alt=\"Presentaci\u00f3n de la nueva temporada de 'Salvados'\"\/><\/p>\n<p class=\"article-text\">\n        Preguntado por la controversia de esta entrevista y si han consultado con las v\u00edctimas qu\u00e9 les parece, Gonzo ha respondido: \u201cSiempre que entrevistamos a gente a la que le pedimos que rememore un momento duro le decimos d\u00f3nde va a estar, qu\u00e9 va a hablar y con qui\u00e9n.<strong> Las v\u00edctimas lucharon para que toda la culpa no se depositara sobre el maquinista<\/strong>\u201d. Adem\u00e1s, entre la directiva y el presentador han concluido que el conductor \u201c<strong>fue una v\u00edctima m\u00e1s del sistema<\/strong>, que tuvo su responsabilidad pero que en el fondo es una v\u00edctima\u201d.\n    <\/p>\n<p class=\"article-text\">\n        Otro de los reportajes se centrar\u00e1 en las <strong>estafas telef\u00f3nicas<\/strong>, con el periodista entrevistando a estafadores y estafados. \u201cEs un programa que te hace<strong> reflexionar sobre la indefensi\u00f3n <\/strong>de la gente con empresas que facilitan nuestros datos a terceros sin consentimiento\u201d, ha valorado Ferreiro. Gonzo, por su parte, ha dicho que se lo ped\u00edan mucho por la calle.\n    <\/p>\n<p class=\"article-text\">\n        Entre los temas de Salvados estas pr\u00f3ximas semanas tambi\u00e9n habr\u00e1 una <strong>entrevista a Elvira Lindo<\/strong> en el pueblo de su madre, donde ella<strong> se ha vuelto a encontrar con la vida que no te deja la gran ciudad<\/strong>. \u201cElvira ha vivido en Nueva York, Madrid, Liboa&#8230; nos cuenta c\u00f3mo est\u00e1 encontrando la tranquilidad en este momento. Tambi\u00e9n estar\u00e1 su pareja, y vamos a escuchar tambi\u00e9n algo que no cre\u00edamos que \u00edbamos a escuchar\u201d.\n    <\/p>\n<p>    <a href=\"https:\/\/www.eldiario.es\/vertele\/noticias\/rtve-presenta-gran-acontecimiento-temporada-eva-soriano-toma-referente-emilio-aragon_1_12577708.html\" data-mrf-recirculation=\"saber-mas-abajo\" data-dl-event=\"saber-mas-abajo\" rel=\"nofollow noopener\" target=\"_blank\"><\/p>\n<p class=\"know-more__title\">RTVE presenta su \u201cgran acontecimiento de la temporada\u201d con Eva Soriano, que toma como referente a Emilio Arag\u00f3n\n<\/p>\n<p>            <img decoding=\"async\" class=\"lazy\" loading=\"lazy\" data-src=\"https:\/\/static.eldiario.es\/clip\/5ed420e1-0dc5-4e24-8156-ea038a2c8141_16-9-aspect-ratio_default_0.jpg\" src=\"data:image\/svg+xml,%3Csvg xmlns=\" http:=\"\" viewbox=\"0 0 880 495\" alt=\"RTVE presenta su &quot;gran acontecimiento de la temporada&quot; con Eva Soriano, que toma como referente a Emilio Arag\u00f3n\"\/><\/p>\n<p>                        <\/a><\/p>\n<p class=\"article-text\">\n        Cuestionado sobre si le gustar\u00eda que los reportajes sobre denuncias sociales tengan m\u00e1s impacto o provoquen cambios importantes, Gonzo ha afirmado que \u201chacemos unos programas cuya <strong>primera intencion es satisfacer a los espectadores<\/strong>. Si lo hici\u00e9ramos de otra forma, nos estar\u00edamos haciendo trampa\u201d, ha concluido, recordando que muchas de sus emisiones s\u00ed han provocado movimientos arriba.\n    <\/p>\n","protected":false},"excerpt":{"rendered":"Salvados vuelve este domingo 7 de septiembre a laSexta con Gonzo al frente de nuevos reportajes. Un \u201cbuque&hellip;\n","protected":false},"author":2,"featured_media":93198,"comment_status":"","ping_status":"","sticky":false,"template":"","format":"standard","meta":{"footnotes":""},"categories":[91],"tags":[33818,4083,146,147,3141,25,24,5622,33817,795,31487,2450,23,25972,1152],"class_list":{"0":"post-93197","1":"post","2":"type-post","3":"status-publish","4":"format-standard","5":"has-post-thumbnail","7":"category-entretenimiento","8":"tag-alvia","9":"tag-desvela","10":"tag-entertainment","11":"tag-entretenimiento","12":"tag-entrevista","13":"tag-es","14":"tag-espana","15":"tag-lasexta","16":"tag-maquinista","17":"tag-nueva","18":"tag-salvados","19":"tag-santiago","20":"tag-spain","21":"tag-temas","22":"tag-temporada"},"share_on_mastodon":{"url":"","error":""},"_links":{"self":[{"href":"https:\/\/www.europesays.com\/es\/wp-json\/wp\/v2\/posts\/93197","targetHints":{"allow":["GET"]}}],"collection":[{"href":"https:\/\/www.europesays.com\/es\/wp-json\/wp\/v2\/posts"}],"about":[{"href":"https:\/\/www.europesays.com\/es\/wp-json\/wp\/v2\/types\/post"}],"author":[{"embeddable":true,"href":"https:\/\/www.europesays.com\/es\/wp-json\/wp\/v2\/users\/2"}],"replies":[{"embeddable":true,"href":"https:\/\/www.europesays.com\/es\/wp-json\/wp\/v2\/comments?post=93197"}],"version-history":[{"count":0,"href":"https:\/\/www.europesays.com\/es\/wp-json\/wp\/v2\/posts\/93197\/revisions"}],"wp:featuredmedia":[{"embeddable":true,"href":"https:\/\/www.europesays.com\/es\/wp-json\/wp\/v2\/media\/93198"}],"wp:attachment":[{"href":"https:\/\/www.europesays.com\/es\/wp-json\/wp\/v2\/media?parent=93197"}],"wp:term":[{"taxonomy":"category","embeddable":true,"href":"https:\/\/www.europesays.com\/es\/wp-json\/wp\/v2\/categories?post=93197"},{"taxonomy":"post_tag","embeddable":true,"href":"https:\/\/www.europesays.com\/es\/wp-json\/wp\/v2\/tags?post=93197"}],"curies":[{"name":"wp","href":"https:\/\/api.w.org\/{rel}","templated":true}]}}