{"id":93212,"date":"2025-09-04T16:40:05","date_gmt":"2025-09-04T16:40:05","guid":{"rendered":"https:\/\/www.europesays.com\/es\/93212\/"},"modified":"2025-09-04T16:40:05","modified_gmt":"2025-09-04T16:40:05","slug":"caio-borralho-a-un-paso-de-su-esperada-revancha-ante-chimaev","status":"publish","type":"post","link":"https:\/\/www.europesays.com\/es\/93212\/","title":{"rendered":"Caio Borralho, a un paso de su esperada &#8216;revancha&#8217; ante Chimaev"},"content":{"rendered":"<p data-mrf-recirculation=\"Links P\u00e1rrafos\" class=\"ue-c-article__paragraph paragraph ue-c-article--first-letter-highlighted\">Despu\u00e9s de <strong>siete peleas<\/strong> -y siete victorias- en la UFC, <strong>Caio Borralho<\/strong> (17-1) por fin tiene el cintur\u00f3n de peso medio a tiro de piedra. El l\u00edder de los <strong>&#8216;Fighting Nerds&#8217;<\/strong>, el gimnasio de moda en la UFC, se enfrentar\u00e1 a <strong>Nassourdine Imavov <\/strong>(16-4) en el evento estelar del UFC Par\u00eds de este s\u00e1bado, y en caso de ganar tiene todas las papeletas de convertirse en el pr\u00f3ximo rival de<strong> Khamzat Chimaev<\/strong>, nuevo campe\u00f3n de la categor\u00eda y un<strong> viejo conocido<\/strong> del peleador brasile\u00f1o.<\/p>\n<p data-mrf-recirculation=\"Links P\u00e1rrafos\" class=\"ue-c-article__paragraph paragraph\">Para que esto suceda, Caio viajar\u00e1 hasta <strong>territorio enemigo <\/strong>a verse las caras con el contendiente <strong>n\u00famero uno <\/strong>de la divisi\u00f3n. La gran duda est\u00e1 en el estado f\u00edsico de Borralho, ya que fue el<strong> peleador de reemplazo<\/strong> en el combate titular del pasado 16 de agosto entre Du Plessis y Chimaev. Es decir, que tuvo que <strong>cortar peso<\/strong> y marcar 185 libras exactas en la b\u00e1scula, movimiento<strong> arriesgado<\/strong> teniendo en cuenta que solo han pasado tres semanas desde esa pelea. De hecho, Imavov <strong>rechaz\u00f3 <\/strong>hacerlo cuando la UFC se lo propuso.<\/p>\n<p data-mrf-recirculation=\"Links P\u00e1rrafos\" class=\"ue-c-article__paragraph paragraph\">En caso de ganar, el peleador brasile\u00f1o tendr\u00eda la oportunidad de <strong>redimirse<\/strong> ante Chimaev. Y no, no porque se hayan medido anteriormente en el oct\u00e1gono, sino porque hubo un <strong>v\u00eddeo muy viral<\/strong> en redes donde se ve\u00eda a &#8216;Borz&#8217; y a Borralho <strong>entrenando juntos <\/strong>en el gimnasio. En dicho v\u00eddeo, el peleador checheno <strong>someti\u00f3<\/strong> en varias ocasiones a Caio, lo que ha servido como <strong>objeto de burla<\/strong> para el resto de contendientes de la divisi\u00f3n.<\/p>\n<p><img decoding=\"async\" width=\"3000\" height=\"1688\" class=\"ue-c-article__image lazyload\" alt=\"Carlos Prates, Mauricio Ruffy, Caio Borralho y Jean Silva no se quisieron perder la cartelera en Las Vegas.\" loading=\"lazy\" src=\"https:\/\/www.europesays.com\/es\/wp-content\/uploads\/2025\/08\/6860b88449519.jpeg\"\/><\/p>\n<p>Carlos Prates, Mauricio Ruffy, Caio Borralho y Jean Silva no se quisieron perder la cartelera en Las Vegas.UFC.<\/p>\n<p>Un equipo lleno de estudiosos<\/p>\n<p data-mrf-recirculation=\"Links P\u00e1rrafos\" class=\"ue-c-article__paragraph paragraph\">Sin embargo, este entrenamiento ocurri\u00f3 hace <strong>varios a\u00f1os<\/strong>, por lo que no significa nada teniendo en cuenta la <strong>evoluci\u00f3n<\/strong> de Caio desde su llegada a la UFC. El peleador brasile\u00f1o tiene como <strong>respaldo<\/strong> ser parte de los &#8216;Fighting Nerds&#8217;, equipo en el que se encuentran peleadores de la talla de <strong>Jean Silva<\/strong>, Carlos Prates y Mauricio Ruffy. Este gimnasio destaca por <strong>estudiar al mil\u00edmetro<\/strong> cada movimiento de sus rivales, por lo que seguramente Borralho tenga una gran\u00a0<strong>t\u00e1ctica <\/strong>preparada para dar la machada en Par\u00eds.<\/p>\n<p data-mrf-recirculation=\"Links P\u00e1rrafos\" class=\"ue-c-article__paragraph paragraph\">De hecho, el propio Ruffy protagonizar\u00e1 el evento <strong>co estelar <\/strong>de la cartelera de este s\u00e1bado, midi\u00e9ndose a otro franc\u00e9s: <strong>Benoit Saint Denis.<\/strong> En caso de ganar, el compatriota de Borralho dar\u00eda un <strong>golpe sobre la mesa <\/strong>en la divisi\u00f3n de peso ligero, donde planea ser <strong>campe\u00f3n<\/strong> en base a un striking \u00fanico. Por otro lado, el pr\u00f3ximo fin de semana ser\u00e1 el turno de Jean Silva, que se enfrentar\u00e1 en el evento estelar del <strong>UFC Noche<\/strong> a Diego Lopes. Si gana, seguramente se enfrente a<strong> Alexander Volkanovski<\/strong> por el cintur\u00f3n de peso pluma.\u00a0<\/p>\n<blockquote class=\"ue-c-article__blockquote\">\n<p>Prates puede ir de fiesta a las 5 de la ma\u00f1ana y entrenar con todo a las 10 de la ma\u00f1ana<\/p>\n<p>Caio Borralho, peso medio de la UFC<\/p><\/blockquote>\n<p data-mrf-recirculation=\"Links P\u00e1rrafos\" class=\"ue-c-article__paragraph paragraph\">Por \u00faltimo est\u00e1 Prates, que viene de ganar por K.O. de<strong> codazo giratorio<\/strong> a Geoff Neal en el UFC 319 y se enfrentar\u00e1 en el <strong>UFC 322<\/strong> de noviembre a <strong>Leon Edwards<\/strong>. Una victoria tambi\u00e9n le dejar\u00eda a las puertas del cintur\u00f3n de peso w\u00e9lter. Todos tienen <strong>algo especial,<\/strong> aunque difieran en su personalidad, como confirma Borralho. \u00abCarlos puede <strong>ir de fiesta <\/strong>a las 5 de la ma\u00f1ana y <strong>entrenar con todo<\/strong> a las 10 de la ma\u00f1ana. Jean, por su parte, es el que <strong>m\u00e1s duro trabaja<\/strong> de todos, sin duda\u00bb, confirm\u00f3 en una entrevista con &#8216;Full Violence&#8217;.<\/p>\n","protected":false},"excerpt":{"rendered":"Despu\u00e9s de siete peleas -y siete victorias- en la UFC, Caio Borralho (17-1) por fin tiene el cintur\u00f3n&hellip;\n","protected":false},"author":2,"featured_media":93213,"comment_status":"","ping_status":"","sticky":false,"template":"","format":"standard","meta":{"footnotes":""},"categories":[276],"tags":[168,25,24,23,167,343],"class_list":{"0":"post-93212","1":"post","2":"type-post","3":"status-publish","4":"format-standard","5":"has-post-thumbnail","7":"category-ufc","8":"tag-deportes","9":"tag-es","10":"tag-espana","11":"tag-spain","12":"tag-sports","13":"tag-ufc"},"share_on_mastodon":{"url":"","error":""},"_links":{"self":[{"href":"https:\/\/www.europesays.com\/es\/wp-json\/wp\/v2\/posts\/93212","targetHints":{"allow":["GET"]}}],"collection":[{"href":"https:\/\/www.europesays.com\/es\/wp-json\/wp\/v2\/posts"}],"about":[{"href":"https:\/\/www.europesays.com\/es\/wp-json\/wp\/v2\/types\/post"}],"author":[{"embeddable":true,"href":"https:\/\/www.europesays.com\/es\/wp-json\/wp\/v2\/users\/2"}],"replies":[{"embeddable":true,"href":"https:\/\/www.europesays.com\/es\/wp-json\/wp\/v2\/comments?post=93212"}],"version-history":[{"count":0,"href":"https:\/\/www.europesays.com\/es\/wp-json\/wp\/v2\/posts\/93212\/revisions"}],"wp:featuredmedia":[{"embeddable":true,"href":"https:\/\/www.europesays.com\/es\/wp-json\/wp\/v2\/media\/93213"}],"wp:attachment":[{"href":"https:\/\/www.europesays.com\/es\/wp-json\/wp\/v2\/media?parent=93212"}],"wp:term":[{"taxonomy":"category","embeddable":true,"href":"https:\/\/www.europesays.com\/es\/wp-json\/wp\/v2\/categories?post=93212"},{"taxonomy":"post_tag","embeddable":true,"href":"https:\/\/www.europesays.com\/es\/wp-json\/wp\/v2\/tags?post=93212"}],"curies":[{"name":"wp","href":"https:\/\/api.w.org\/{rel}","templated":true}]}}