{"id":93267,"date":"2025-09-04T17:11:08","date_gmt":"2025-09-04T17:11:08","guid":{"rendered":"https:\/\/www.europesays.com\/es\/93267\/"},"modified":"2025-09-04T17:11:08","modified_gmt":"2025-09-04T17:11:08","slug":"el-dia-en-que-armani-fue-agasajado-en-el-guggenheim","status":"publish","type":"post","link":"https:\/\/www.europesays.com\/es\/93267\/","title":{"rendered":"El d\u00eda en que Armani fue agasajado en el Guggenheim"},"content":{"rendered":"<p>Fue el 22 de marzo de 2001. Giorgio Armani aterriz\u00f3 en Bilbao para inaugurar en persona la exposici\u00f3n tem\u00e1tica sobre su obra, una de las  &#8230; primeras que el Museo Guggenheim Bilbao \u2013que todav\u00eda no hab\u00eda cumplido ni un lustro\u2013 dedic\u00f3 a la moda, y el modista italiano fue agasajado debidamente con una cena de gala con pol\u00edticos, autoridades, empresarios, representantes de la sociedad vasca y, c\u00f3mo no, famosos nacionales y extranjeros.<\/p>\n<p class=\"v-p\">Armani recibi\u00f3 \u00e9l mismo a los 350 invitados a la puerta del museo, antes de pasar a las mesas que se colocaron junto a la &#8216;Serpiente&#8217; de Serra de la planta baja del museo, y donde corrieron el cava, el rioja, el rape asado y los langostinos. Entre los invitados estaba la musa de Armani Antonia dell&#8217;Ate, que junto a Pedro Almod\u00f3var se deshizo en elogios hacia el legendario dise\u00f1ador. El cineasta y el modisto mostraron amistad y sinton\u00eda fundi\u00e9ndose en un abrazo.<\/p>\n<p class=\"v-p\">Les rodeaban rostros del artisteo, la moda y el papel cuch\u00e9 como Joaqu\u00edn Cortes, Sonsolez D\u00edez de Rivera, Hubert de Givenchy o Isabel Preysler, as\u00ed como alguna celebridad local como Julen Guerrero, por aquel entonces estrella del Athletic. Y, c\u00f3mo no, Estefan\u00eda Luyk, Nieves \u00c1lvarez y Ver\u00f3nica Blume. Entre las autoridades, se encontraban el alcalde I\u00f1aki Azkuna, el entonces diputado general, Josu Bergara, o Jos\u00e9 Antonio Ardanza, que hac\u00eda poco hab\u00eda cedido la makila de lehendakari a Juan Jos\u00e9 Ibarretxe y acudi\u00f3 en calidad de presidente de Euskaltel.<\/p>\n<p>La exposici\u00f3n<\/p>\n<p class=\"v-p\">Respecto a la exposici\u00f3n en s\u00ed, el Guggenheim la present\u00f3 como \u00abuna perspectiva tem\u00e1tica sobre la evoluci\u00f3n y la contribuci\u00f3n del dise\u00f1ador\u00bb al mundo de la moda y a la cultura. En esta amplia retrospectiva se exhibieron prendas de diversas temporadas agrupadas de forma narrativa que resum\u00edan las l\u00edneas maestras de la carrera de Armani. Entre ellas, espectaculares trajes de noche y versiones femeninas del esmoquin, as\u00ed como \u00abtrajes sensuales\u00bb para hombre y sus chaquetas para mujer de aire masculino y car\u00e1cter andr\u00f3gino.<\/p>\n<p><img decoding=\"async\" loading=\"lazy\" src=\"https:\/\/www.europesays.com\/es\/wp-content\/uploads\/2025\/09\/expo-vestidos-armani-U2307532405683D--650x975@El Correo.jpg\" class=\"v-a-img\" width=\"650\" height=\"975\" alt=\"Algunas de las piezas de la exposici\u00f3n de 2001.\" data-voc-vtm-id=\"in-text-traffic\"\/><\/p>\n<p>Algunas de las piezas de la exposici\u00f3n de 2001.<\/p>\n<p>Reuters<\/p>\n<p class=\"v-p\">La selecci\u00f3n de piezas y concepto de la muestra corri\u00f3 a cargo del reputado escen\u00f3grafo y artista visual Robert Wilson, recientemente fallecido. Mediante combinaci\u00f3n de luz, sonido y elementos arquitect\u00f3nicos, Wilson creo una atmosfera impactante y emocional para que el visitante experimentara los diversos aspectos de las creaciones de Armani.<\/p>\n","protected":false},"excerpt":{"rendered":"Fue el 22 de marzo de 2001. Giorgio Armani aterriz\u00f3 en Bilbao para inaugurar en persona la exposici\u00f3n&hellip;\n","protected":false},"author":2,"featured_media":93268,"comment_status":"","ping_status":"","sticky":false,"template":"","format":"standard","meta":{"footnotes":""},"categories":[173],"tags":[33828,229,233,231,230,232,978,234,146,147,25,24,983,2872,33827,23],"class_list":{"0":"post-93267","1":"post","2":"type-post","3":"status-publish","4":"format-standard","5":"has-post-thumbnail","7":"category-arte-y-diseno","8":"tag-agasajado","9":"tag-arte","10":"tag-arte-y-diseno","11":"tag-arts","12":"tag-arts-and-design","13":"tag-design","14":"tag-dia","15":"tag-diseno","16":"tag-entertainment","17":"tag-entretenimiento","18":"tag-es","19":"tag-espana","20":"tag-guggenheim","21":"tag-italiano","22":"tag-modisto","23":"tag-spain"},"share_on_mastodon":{"url":"","error":""},"_links":{"self":[{"href":"https:\/\/www.europesays.com\/es\/wp-json\/wp\/v2\/posts\/93267","targetHints":{"allow":["GET"]}}],"collection":[{"href":"https:\/\/www.europesays.com\/es\/wp-json\/wp\/v2\/posts"}],"about":[{"href":"https:\/\/www.europesays.com\/es\/wp-json\/wp\/v2\/types\/post"}],"author":[{"embeddable":true,"href":"https:\/\/www.europesays.com\/es\/wp-json\/wp\/v2\/users\/2"}],"replies":[{"embeddable":true,"href":"https:\/\/www.europesays.com\/es\/wp-json\/wp\/v2\/comments?post=93267"}],"version-history":[{"count":0,"href":"https:\/\/www.europesays.com\/es\/wp-json\/wp\/v2\/posts\/93267\/revisions"}],"wp:featuredmedia":[{"embeddable":true,"href":"https:\/\/www.europesays.com\/es\/wp-json\/wp\/v2\/media\/93268"}],"wp:attachment":[{"href":"https:\/\/www.europesays.com\/es\/wp-json\/wp\/v2\/media?parent=93267"}],"wp:term":[{"taxonomy":"category","embeddable":true,"href":"https:\/\/www.europesays.com\/es\/wp-json\/wp\/v2\/categories?post=93267"},{"taxonomy":"post_tag","embeddable":true,"href":"https:\/\/www.europesays.com\/es\/wp-json\/wp\/v2\/tags?post=93267"}],"curies":[{"name":"wp","href":"https:\/\/api.w.org\/{rel}","templated":true}]}}