{"id":93273,"date":"2025-09-04T17:14:09","date_gmt":"2025-09-04T17:14:09","guid":{"rendered":"https:\/\/www.europesays.com\/es\/93273\/"},"modified":"2025-09-04T17:14:09","modified_gmt":"2025-09-04T17:14:09","slug":"november-lanza-hoy-4-de-septiembre-su-disco-the-long-way-home","status":"publish","type":"post","link":"https:\/\/www.europesays.com\/es\/93273\/","title":{"rendered":"NOVEMBER lanza hoy 4 de Septiembre su disco \u00abThe Long Way Home\u00bb"},"content":{"rendered":"<p>\u00a0<\/p>\n<p>\u00a0<\/p>\n<p><strong>NOVEMBER<\/strong> <strong>lanza hoy 4 de Septiembre su disco \u00abThe Long Way Home\u00bb<\/strong><br \/>\n<img fetchpriority=\"high\" decoding=\"async\" src=\"https:\/\/www.europesays.com\/es\/wp-content\/uploads\/2025\/09\/november1_500x267.jpg\" alt=\"NOVEMBER\" width=\"500\" height=\"267\"\/><\/p>\n<p>La banda de hard rock <strong><a href=\"https:\/\/www.facebook.com\/novemberhardrock\/\" target=\"_blank\" rel=\"noopener nofollow\">NOVEMBER<\/a><\/strong> lanza hoy 4 de Septiembre su disco \u00abThe Long Way Home\u00bb, con el que har\u00e1 las delicias de los fan\u00e1ticos de bandas cl\u00e1sicas como Bon Jovi, Guns &amp; Roses o Whitesnake. El \u00e1lbum contiene 12 temas, adem\u00e1s de colaboraciones de lujo de ex-miembros de<strong> GUNS N ROSES <\/strong>o <strong>Ozzy Osbourne<\/strong>. Estar\u00e1 disponible en todas las plataformas, as\u00ed como para venta directa desde su web <a href=\"http:\/\/www.wearenovember.com\" target=\"_blank\" rel=\"noopener nofollow\">www.wearenovember.com<\/a><\/p>\n<p><img loading=\"lazy\" decoding=\"async\" src=\"https:\/\/www.europesays.com\/es\/wp-content\/uploads\/2025\/09\/the_long_way.jpg\" alt=\"NOVEMBER\" width=\"293\" height=\"300\"\/><\/p>\n<p>La banda se present\u00f3 en directo el pasado S\u00e1bado y han querido compartir el tema 100% en directo con el que cerraron el concierto: una versi\u00f3n del \u00abAnytime Anywhere\u00bb de GOTTHARD. Puedes verlo :<\/p>\n<p><strong><a href=\"https:\/\/www.facebook.com\/novemberhardrock\/\" target=\"_blank\" rel=\"noopener nofollow\">NOVEMBER <\/a><\/strong>est\u00e1 liderado por<strong> Dani G<\/strong>., quien acompa\u00f1\u00f3 a <strong>Steve Vai<\/strong> como t\u00e9cnico y cantante en su \u00faltimo tour, y que tambi\u00e9n ha pasado por bandas como <strong>DarkSun o Last Days of Eden.<\/strong> Est\u00e1 rodeado para la ocasi\u00f3n de reconocidos m\u00fasicos de la escena asturiana. La banda continuar\u00e1 con su actividad en directo en festivales y salas en los pr\u00f3ximos meses.<\/p>\n<p><strong> <a href=\"https:\/\/www.facebook.com\/novemberhardrock\/\" target=\"_blank\" rel=\"noopener nofollow\">NOVEMBER<\/a> <\/strong>\u00a0 estrenaron su nuevo v\u00eddeo para el tema \u201cThe Long Way Home\u201d. El v\u00eddeo ha sido producido por Ride The Dragon Films y la canci\u00f3n ha sido producida por el cantante de la banda\u00a0<strong>Dani G<\/strong>., en Dynamita Studios.<\/p>\n<p>\u00a0<\/p>\n<p>\u00a0<\/p>\n<p>                        Art\u00edculo anterior<a href=\"https:\/\/www.rafabasa.com\/2025\/09\/04\/judas-priest-warrant-void-stainless-madness\/\" rel=\"nofollow noopener\" target=\"_blank\">JUDAS PRIEST \u2013 WARRANT \u2013 VOID \u2013 STAINLESS MADNESS<\/a>Art\u00edculo siguiente<a href=\"https:\/\/www.rafabasa.com\/2025\/09\/04\/ars-amandi-recordamos-su-nuevo-album-y-su-presentacion\/\" rel=\"nofollow noopener\" target=\"_blank\">ARS AMANDI \u2013 Recordamos su nuevo \u00e1lbum y su presentaci\u00f3n<\/a>            \t                <\/p>\n","protected":false},"excerpt":{"rendered":"\u00a0 \u00a0 NOVEMBER lanza hoy 4 de Septiembre su disco \u00abThe Long Way Home\u00bb La banda de hard&hellip;\n","protected":false},"author":2,"featured_media":93274,"comment_status":"","ping_status":"","sticky":false,"template":"","format":"standard","meta":{"footnotes":""},"categories":[170],"tags":[146,147,25,24,184,185,17634,23],"class_list":{"0":"post-93273","1":"post","2":"type-post","3":"status-publish","4":"format-standard","5":"has-post-thumbnail","7":"category-musica","8":"tag-entertainment","9":"tag-entretenimiento","10":"tag-es","11":"tag-espana","12":"tag-music","13":"tag-musica","14":"tag-november","15":"tag-spain"},"share_on_mastodon":{"url":"","error":""},"_links":{"self":[{"href":"https:\/\/www.europesays.com\/es\/wp-json\/wp\/v2\/posts\/93273","targetHints":{"allow":["GET"]}}],"collection":[{"href":"https:\/\/www.europesays.com\/es\/wp-json\/wp\/v2\/posts"}],"about":[{"href":"https:\/\/www.europesays.com\/es\/wp-json\/wp\/v2\/types\/post"}],"author":[{"embeddable":true,"href":"https:\/\/www.europesays.com\/es\/wp-json\/wp\/v2\/users\/2"}],"replies":[{"embeddable":true,"href":"https:\/\/www.europesays.com\/es\/wp-json\/wp\/v2\/comments?post=93273"}],"version-history":[{"count":0,"href":"https:\/\/www.europesays.com\/es\/wp-json\/wp\/v2\/posts\/93273\/revisions"}],"wp:featuredmedia":[{"embeddable":true,"href":"https:\/\/www.europesays.com\/es\/wp-json\/wp\/v2\/media\/93274"}],"wp:attachment":[{"href":"https:\/\/www.europesays.com\/es\/wp-json\/wp\/v2\/media?parent=93273"}],"wp:term":[{"taxonomy":"category","embeddable":true,"href":"https:\/\/www.europesays.com\/es\/wp-json\/wp\/v2\/categories?post=93273"},{"taxonomy":"post_tag","embeddable":true,"href":"https:\/\/www.europesays.com\/es\/wp-json\/wp\/v2\/tags?post=93273"}],"curies":[{"name":"wp","href":"https:\/\/api.w.org\/{rel}","templated":true}]}}