{"id":93275,"date":"2025-09-04T17:15:09","date_gmt":"2025-09-04T17:15:09","guid":{"rendered":"https:\/\/www.europesays.com\/es\/93275\/"},"modified":"2025-09-04T17:15:09","modified_gmt":"2025-09-04T17:15:09","slug":"jesus-luz-del-mundo-la-nueva-pelicula-animada-sobre-cristo-que-llega-a-latinoamerica","status":"publish","type":"post","link":"https:\/\/www.europesays.com\/es\/93275\/","title":{"rendered":"\u201cJes\u00fas, luz del mundo\u201d: la nueva pel\u00edcula animada sobre Cristo que llega a Latinoam\u00e9rica"},"content":{"rendered":"<p>                              <a href=\"https:\/\/www.aciprensa.com\/autor\/77\/francesca-pollio-fenton\" rel=\"nofollow noopener\" target=\"_blank\"><br \/>\n                  <img loading=\"lazy\" decoding=\"async\" alt=\"Francesca Pollio Fenton\" class=\"author-image m-0 mr-4\" height=\"48\" src=\"https:\/\/www.europesays.com\/es\/wp-content\/uploads\/2025\/09\/francesca-pollio.jpg\" width=\"48\"\/><br \/>\n                <\/a><\/p>\n<p> Por<br \/>\n                                  <a href=\"https:\/\/www.aciprensa.com\/autor\/77\/francesca-pollio-fenton\" rel=\"nofollow noopener\" target=\"_blank\">Francesca Pollio Fenton<\/a>\n                                <\/p>\n<p class=\"post-info date-author\">\n                                  4 de septiembre de 2025<br \/>08:12 a. m.\n                              <\/p>\n<p class=\"post-info date-author-mobile\">\n                  Sep. 4, 2025<br \/>08:12 a. m.\n                <\/p>\n<p>Una nueva pel\u00edcula animada en 2D, narrada desde la perspectiva de Juan, el amado disc\u00edpulo de Cristo, llega a Latinoam\u00e9rica con el t\u00edtulo Jes\u00fas, luz del mundo.<\/p>\n<p>La cinta lleva a los espectadores desde el comienzo del ministerio de Jes\u00fas hasta su pasi\u00f3n, muerte y resurrecci\u00f3n. <a href=\"https:\/\/jesusluzdelmundolapelicula.com\/\" rel=\"noopener noreferrer nofollow\" target=\"_blank\">Jes\u00fas, luz del mundo<\/a> es la primera pel\u00edcula del Proyecto Poema de Salvaci\u00f3n, un ministerio sin fines de lucro y estudio independiente que crea historias para compartir el mensaje de Jesucristo con el mundo.<\/p>\n<p>\tRecibe las principales noticias de ACI Prensa por WhatsApp y Telegram<\/p>\n<p class=\"box-desc\">Cada vez es m\u00e1s dif\u00edcil ver noticias cat\u00f3licas en las redes sociales. Suscr\u00edbete a nuestros canales gratuitos hoy:<\/p>\n<p>En una nota enviada a ACI Prensa, se indic\u00f3 que \u00abla pel\u00edcula, que se estrena en los Estados Unidos el 5 de septiembre, llegar\u00e1 a Sudam\u00e9rica el 16 de Octubre\u00bb, en los cines de Per\u00fa.<\/p>\n<p>Brennan McPherson, productor de la pel\u00edcula, declar\u00f3 en una entrevista a CNA \u2014agencia en ingl\u00e9s de EWTN\u2014 que decidieron contar la historia desde la perspectiva de Juan porque probablemente era el disc\u00edpulo m\u00e1s joven, por lo que creen que su perspectiva es la m\u00e1s cercana.<\/p>\n<p>\u00abContarla desde la perspectiva de un adolescente: los j\u00f3venes quieren crecer y se ven reflejados en ella. Los adolescentes est\u00e1n pasando por esos a\u00f1os de formaci\u00f3n, por lo que se identifican con ellos. Y luego los adultos saben c\u00f3mo fue esa etapa formativa en sus vidas. As\u00ed que la hizo m\u00e1s atractiva para toda la familia\u00bb, explic\u00f3.<\/p>\n<p>La cinta es codirigida por Tom Bancroft, un veterano animador de Disney trabaj\u00f3 en cl\u00e1sicos como El Rey Le\u00f3n, Mul\u00e1n y Aladd\u00edn.<\/p>\n<p>En sus declaraciones a CNA, Brennan McPherson dijo que se quer\u00eda \u201cmostrar c\u00f3mo el Evangelio cambi\u00f3 la vida de un muchacho y c\u00f3mo puede seguir cambiando nuestras vidas hoy\u201d.<\/p>\n<p>Asimismo, asegur\u00f3 que para los cineastas, quienes tambi\u00e9n crean otros medios basados \u200b\u200ben la fe, proyectos como este son un \u201cacto de adoraci\u00f3n\u201d.<\/p>\n<p>\u201cSomos aficionados a la animaci\u00f3n y quer\u00edamos hacer una hermosa pel\u00edcula animada que honrara a Dios, que contara la verdad sobre el Evangelio y que pudiera usarse como herramienta para compartir nuestra fe con la gente de una manera que no fuera amenazante y que no solo fuera convincente, sino genuina y respetuosa con el p\u00fablico\u201d, dijo McPherson.<\/p>\n<p>\u201cLo que intentamos brindar a la gente \u2014a\u00f1adi\u00f3\u2014 es una experiencia de la bondad de Jes\u00fas y dejar que resuene en el coraz\u00f3n para que puedan enamorarse de \u00c9l\u201d.<\/p>\n<p>Sobre la decisi\u00f3n de qu\u00e9 partes de la vida de Jes\u00fas incluir en la pel\u00edcula, McPherson explic\u00f3 que los cineastas intentaban responder a la pregunta: \u201c\u00bfC\u00f3mo se pueden identificar los puntos clave que hacen que el Evangelio sea totalmente claro para alguien sin ning\u00fan tipo de formaci\u00f3n?\u201d.<\/p>\n<p>Con esto en mente, todas las decisiones \u201cse basaron en c\u00f3mo lograr que la estructura de la historia simbolice b\u00e1sicamente el Evangelio mismo, mostrar el Evangelio en acci\u00f3n, en lugar de simplemente contarnos sobre este\u201d.<\/p>\n<p>Tambi\u00e9n enfatiz\u00f3 la importancia que se dio a \u201cla precisi\u00f3n b\u00edblica, la precisi\u00f3n teol\u00f3gica y a hacerla accesible para los ni\u00f1os\u201d.<\/p>\n<p>En cuanto a lo que desea que los espectadores se lleven de la pel\u00edcula, McPherson dijo que espera \u201cque vean la belleza de Jes\u00fas, se enamoren de \u00c9l y decidan seguirlo con sus vidas\u201d.<\/p>\n<p>\u201cQuer\u00edamos brindar a la gente una experiencia emocional muy clara del Evangelio para que se derramara en sus corazones. Estamos tan ocupados en esta cultura hoy en d\u00eda que es dif\u00edcil lograr que la gente se detenga y reflexione realmente sobre las afirmaciones de Jes\u00fas, que considere qui\u00e9n era y si era veraz o no\u201d, dijo. \u201cAs\u00ed que esta es nuestra manera de decir: \u2018Oye, esto es lo m\u00e1s hermoso para nosotros. A eso nos dedicamos con nuestro arte y esperamos que veas lo que nosotros vemos en este\u00bb.<\/p>\n<p>Traducido y adaptado por el equipo de ACI Prensa. Publicado originalmente en <a href=\"https:\/\/www.catholicnewsagency.com\/news\/266219\/new-animated-movie-aims-to-bring-story-of-jesus-to-life-through-eyes-of-john-the-disciple\" rel=\"noopener noreferrer nofollow\" target=\"_blank\">CNA<\/a>.<\/p>\n<p>                    <a href=\"https:\/\/www.aciprensa.com\/autor\/77\/francesca-pollio-fenton\" rel=\"nofollow noopener\" target=\"_blank\"><br \/>\n                      <img decoding=\"async\" alt=\"Francesca Pollio Fenton\" src=\"https:\/\/www.europesays.com\/es\/wp-content\/uploads\/2025\/09\/1757006109_457_francesca-pollio.jpg\"\/><br \/>\n                    <\/a><\/p>\n<p>\n                    <b>Francesca Pollio Fenton<\/b> <br \/>Francesca Pollio Fenton es la responsable de redes sociales de Catholic News Agency. Recibi\u00f3 su licenciatura en Comunicaciones con \u00e9nfasis en Medios Digitales de la Universidad de Colorado, en Denver (Estados Unidos).\n                  <\/p>\n","protected":false},"excerpt":{"rendered":"Por Francesca Pollio Fenton 4 de septiembre de 202508:12 a. m. Sep. 4, 202508:12 a. m. Una nueva&hellip;\n","protected":false},"author":2,"featured_media":93276,"comment_status":"","ping_status":"","sticky":false,"template":"","format":"standard","meta":{"footnotes":""},"categories":[169],"tags":[889,177,24929,146,147,25,24,176,401,175,8388,33831,22876,23],"class_list":{"0":"post-93275","1":"post","2":"type-post","3":"status-publish","4":"format-standard","5":"has-post-thumbnail","7":"category-cine","8":"tag-america","9":"tag-cine","10":"tag-cine-catolico","11":"tag-entertainment","12":"tag-entretenimiento","13":"tag-es","14":"tag-espana","15":"tag-film","16":"tag-iglesia-catolica","17":"tag-movies","18":"tag-noticias-catolicas","19":"tag-pelicula-catolica","20":"tag-san-juan","21":"tag-spain"},"share_on_mastodon":{"url":"","error":""},"_links":{"self":[{"href":"https:\/\/www.europesays.com\/es\/wp-json\/wp\/v2\/posts\/93275","targetHints":{"allow":["GET"]}}],"collection":[{"href":"https:\/\/www.europesays.com\/es\/wp-json\/wp\/v2\/posts"}],"about":[{"href":"https:\/\/www.europesays.com\/es\/wp-json\/wp\/v2\/types\/post"}],"author":[{"embeddable":true,"href":"https:\/\/www.europesays.com\/es\/wp-json\/wp\/v2\/users\/2"}],"replies":[{"embeddable":true,"href":"https:\/\/www.europesays.com\/es\/wp-json\/wp\/v2\/comments?post=93275"}],"version-history":[{"count":0,"href":"https:\/\/www.europesays.com\/es\/wp-json\/wp\/v2\/posts\/93275\/revisions"}],"wp:featuredmedia":[{"embeddable":true,"href":"https:\/\/www.europesays.com\/es\/wp-json\/wp\/v2\/media\/93276"}],"wp:attachment":[{"href":"https:\/\/www.europesays.com\/es\/wp-json\/wp\/v2\/media?parent=93275"}],"wp:term":[{"taxonomy":"category","embeddable":true,"href":"https:\/\/www.europesays.com\/es\/wp-json\/wp\/v2\/categories?post=93275"},{"taxonomy":"post_tag","embeddable":true,"href":"https:\/\/www.europesays.com\/es\/wp-json\/wp\/v2\/tags?post=93275"}],"curies":[{"name":"wp","href":"https:\/\/api.w.org\/{rel}","templated":true}]}}