{"id":93298,"date":"2025-09-04T17:30:10","date_gmt":"2025-09-04T17:30:10","guid":{"rendered":"https:\/\/www.europesays.com\/es\/93298\/"},"modified":"2025-09-04T17:30:10","modified_gmt":"2025-09-04T17:30:10","slug":"pilotos-opinan-sobre-el-plan-de-la-f1-de-acortar-las-carreras","status":"publish","type":"post","link":"https:\/\/www.europesays.com\/es\/93298\/","title":{"rendered":"Pilotos opinan sobre el plan de la F1 de acortar las carreras"},"content":{"rendered":"<p>Tras los comentarios del CEO de F\u00f3rmula 1, Stefano Domenicali, sugiriendo que los responsables del campeonato podr\u00edan estudiar la opci\u00f3n de carreras m\u00e1s cortas, <a href=\"https:\/\/lat.motorsport.com\/driver\/fernando-alonso\/463645\/\" target=\"_blank\" rel=\"noopener nofollow\">Fernando Alonso<\/a> afirm\u00f3 que el argumento de la menor capacidad de atenci\u00f3n es \u00abun problema de la sociedad y de los chicos\u00bb, y no de la F1.<\/p>\n<p>Domenicali plante\u00f3 que la F1 podr\u00eda evaluar la reducci\u00f3n de la duraci\u00f3n de los Grandes Premios como parte de una serie de medidas para aumentar la popularidad de la categor\u00eda, incluyendo la idea de sumar m\u00e1s carreras sprint en el calendario.<\/p>\n<p>Alonso considera que la duraci\u00f3n habitual de un Gran Premio no requiere cambios; puso como ejemplo un partido de f\u00fatbol y admiti\u00f3 que \u00e9l no ve los 90 minutos completos sin distracciones, pero no cree que la soluci\u00f3n sea reducir los partidos a 60 minutos.<\/p>\n<p>Tambi\u00e9n lee:<\/p>\n<p>Dicho esto, asegur\u00f3 que conf\u00eda en el criterio de Domenicali y agreg\u00f3 que, probablemente, de todas formas no le afectar\u00eda dada su implicada menor permanencia en la F1.<\/p>\n<p>\u00abEstar\u00e9 frente al televisor cuando eso suceda, as\u00ed que, no s\u00e9. No creo que sea un problema del deporte, as\u00ed que probablemente no sea necesario cambiarlo\u00bb, dijo Alonso.<\/p>\n<p>\u00abPero Stefano sabe m\u00e1s que nadie, as\u00ed que si \u00e9l considera que es necesario, estamos en buenas manos con este tipo de decisiones\u00bb.<\/p>\n<p>\u00abLos partidos de f\u00fatbol son un poco largos; cuando me siento frente al televisor, no veo los 90 minutos concentrado. Voy a la cocina, regreso, siempre hay momentos de distracci\u00f3n\u00bb.<\/p>\n<p>\u00abPero nadie est\u00e1 hablando de tener partidos de f\u00fatbol de 60 minutos o algo as\u00ed. Es un problema de la sociedad y de los chicos, pero no del deporte, as\u00ed que probablemente no sea necesario cambiarlo\u00bb.<\/p>\n<p><a href=\"https:\/\/lat.motorsport.com\/driver\/andrea-kimi-antonelli\/879465\/\" target=\"_blank\" rel=\"noopener nofollow\">Andrea Kimi Antonelli<\/a> respald\u00f3 la idea de sumar carreras sprint, afirmando que le gusta el desaf\u00edo de tener que estar \u00aben punto desde el primer momento\u00bb, aunque consider\u00f3 que acortar las carreras en general ser\u00eda un desaf\u00edo para equilibrar con las reglas.<\/p>\n<p>   <img decoding=\"async\" draggable=\"false\" src=\"https:\/\/www.europesays.com\/es\/wp-content\/uploads\/2025\/09\/andrea-kimi-antonelli-mercedes.jpg\" alt=\"Andrea Kimi Antonelli, Mercedes\" width=\"1200\" height=\"800\" loading=\"lazy\"\/> <\/p>\n<p class=\"title\">Andrea Kimi Antonelli, Mercedes<\/p>\n<p class=\"photographer\">Photo by: Sam Bloxham \/ LAT Images via Getty Images<\/p>\n<p>Antonelli se\u00f1al\u00f3 las estrategias de boxes, dado que actualmente las carreras de F1 se pueden hacer con una sola parada, y expres\u00f3 su deseo de mantener esa variaci\u00f3n abierta.<\/p>\n<p>\u00abEs complicado. Personalmente, los fines de semana sprint son divertidos porque tienen mucha actividad\u00bb, agreg\u00f3 Antonelli. \u00abTienes que estar concentrado desde el primer momento porque tienes una pr\u00e1ctica, luego la clasificaci\u00f3n y luego la carrera sprint\u00bb.<\/p>\n<p>\u00abPero creo que carreras m\u00e1s cortas\u2026 no creo que realmente funcionara. Incluso con las carreras largas hacemos estrategias de una sola parada con los neum\u00e1ticos que tenemos, y tendr\u00edan que implementar muchas m\u00e1s reglas para una carrera m\u00e1s corta en cuanto a boxes\u00bb.<\/p>\n<p>\u00abCreo que tambi\u00e9n con una carrera m\u00e1s larga probablemente tienes m\u00e1s tiempo para desarrollar tu estrategia. Pero los fines de semana con sprint son divertidos, as\u00ed que no estar\u00eda mal tener m\u00e1s de ellos\u00bb.<\/p>\n<p>El piloto de Haas, <a href=\"https:\/\/lat.motorsport.com\/driver\/esteban-ocon\/463655\/\" target=\"_blank\" rel=\"noopener nofollow\">Esteban Ocon<\/a>, ofreci\u00f3 un punto de vista contrario sobre la duraci\u00f3n de las carreras, se\u00f1alando que los Grandes Premios que tienden a superar las dos horas podr\u00edan acortarse sin perder demasiado; cit\u00f3 a Singapur como ejemplo.<\/p>\n<p>Sin embargo, el franc\u00e9s se\u00f1al\u00f3 que la cultura consumista es la fuerza detr\u00e1s de que la F1 considere m\u00e1s carreras sprint; opin\u00f3 que aplicar la f\u00f3rmula de MotoGP, con carreras sprint en cada fin de semana, ser\u00eda excesivo, y que a la F1 le convendr\u00eda generar expectativa con un enfoque de \u00abmenos es m\u00e1s\u00bb.<\/p>\n<p>   <img decoding=\"async\" draggable=\"false\" src=\"https:\/\/www.europesays.com\/es\/wp-content\/uploads\/2025\/09\/esteban-ocon-haas-f1-team-oliv.jpg\" alt=\"Esteban Ocon, Haas F1 Team, Oliver Bearman, Haas F1 Team\" width=\"1200\" height=\"800\" loading=\"lazy\"\/> <\/p>\n<p class=\"title\">Esteban Ocon, Haas F1 Team, Oliver Bearman, Haas F1 Team<\/p>\n<p class=\"photographer\">Photo by: Joe Portlock \/ LAT Images via Getty Images<\/p>\n<p>\u00abSe ha intentado mucho. Creo que es bueno que nos consulten un poco en esto con Stefano\u00bb.<\/p>\n<p>\u00abPero mi opini\u00f3n es que no hay necesidad de hacer un cambio grande sobre lo que tenemos. Creo que ir al modelo de MotoGP ser\u00eda un poco extremo, tener un fin de semana sprint en cada carrera\u00bb.<\/p>\n<p>\u00abY no creo necesariamente que el espect\u00e1culo mejore mucho por eso. Como fan, lo que quieres ver es m\u00e1s carreras. Vivimos en un mundo muy consumista, queremos m\u00e1s espect\u00e1culo, m\u00e1s show y m\u00e1s frecuencia\u00bb.<\/p>\n<p>\u00abCuando estamos en Netflix y vemos una serie, decimos &#8216;es demasiado esperar a la temporada dos&#8217;. As\u00ed es b\u00e1sicamente el mundo ahora\u00bb.<\/p>\n<p>\u00abPero tambi\u00e9n es agradable esperar pacientemente y anticipar la carrera. Un Gran Premio es algo importante y a m\u00ed me gusta esperar un buen tiempo para emocionarme de nuevo\u00bb.<\/p>\n<p>\u00abCoincido con Stefano en que tal vez algunas carreras son un poco largas, digamos las que duran m\u00e1s de dos horas, como Singapur, por ejemplo\u00bb.<\/p>\n<p>\u00abAcortarlas un poco no afectar\u00eda el espect\u00e1culo, pero as\u00ed ha sido hist\u00f3ricamente durante tanto tiempo. Pero acortar una carrera como Monza o Spa ser\u00eda demasiado\u00bb.<\/p>\n<p>M\u00e1s de la F\u00f3rmula 1:<\/p>\n<p>En este art\u00edculo<\/p>\n<p>Sea el primero en enterarse y suscr\u00edbase para recibir actualizaciones por correo electr\u00f3nico en tiempo real sobre estos temas.<\/p>\n<p>    Suscr\u00edbase a nuevas alertas<\/p>\n","protected":false},"excerpt":{"rendered":"Tras los comentarios del CEO de F\u00f3rmula 1, Stefano Domenicali, sugiriendo que los responsables del campeonato podr\u00edan estudiar&hellip;\n","protected":false},"author":2,"featured_media":93299,"comment_status":"","ping_status":"","sticky":false,"template":"","format":"standard","meta":{"footnotes":""},"categories":[270],"tags":[1229,33154,168,25,24,2100,306,2096,271,272,1230,33153,33837,23,167],"class_list":{"0":"post-93298","1":"post","2":"type-post","3":"status-publish","4":"format-standard","5":"has-post-thumbnail","7":"category-formula-1","8":"tag-andrea-kimi-antonelli","9":"tag-autodromo-nazionale-monza","10":"tag-deportes","11":"tag-es","12":"tag-espana","13":"tag-esteban-ocon","14":"tag-f1","15":"tag-fernando-alonso","16":"tag-formula-1","17":"tag-formula1","18":"tag-fu00f3rmula-1","19":"tag-gp-de-italia","20":"tag-problema-de-la-sociedad-pilotos-opinan-sobre-el-plan-de-la-f1-de-acortar-las-carreras","21":"tag-spain","22":"tag-sports"},"share_on_mastodon":{"url":"","error":""},"_links":{"self":[{"href":"https:\/\/www.europesays.com\/es\/wp-json\/wp\/v2\/posts\/93298","targetHints":{"allow":["GET"]}}],"collection":[{"href":"https:\/\/www.europesays.com\/es\/wp-json\/wp\/v2\/posts"}],"about":[{"href":"https:\/\/www.europesays.com\/es\/wp-json\/wp\/v2\/types\/post"}],"author":[{"embeddable":true,"href":"https:\/\/www.europesays.com\/es\/wp-json\/wp\/v2\/users\/2"}],"replies":[{"embeddable":true,"href":"https:\/\/www.europesays.com\/es\/wp-json\/wp\/v2\/comments?post=93298"}],"version-history":[{"count":0,"href":"https:\/\/www.europesays.com\/es\/wp-json\/wp\/v2\/posts\/93298\/revisions"}],"wp:featuredmedia":[{"embeddable":true,"href":"https:\/\/www.europesays.com\/es\/wp-json\/wp\/v2\/media\/93299"}],"wp:attachment":[{"href":"https:\/\/www.europesays.com\/es\/wp-json\/wp\/v2\/media?parent=93298"}],"wp:term":[{"taxonomy":"category","embeddable":true,"href":"https:\/\/www.europesays.com\/es\/wp-json\/wp\/v2\/categories?post=93298"},{"taxonomy":"post_tag","embeddable":true,"href":"https:\/\/www.europesays.com\/es\/wp-json\/wp\/v2\/tags?post=93298"}],"curies":[{"name":"wp","href":"https:\/\/api.w.org\/{rel}","templated":true}]}}