{"id":93320,"date":"2025-09-04T17:41:11","date_gmt":"2025-09-04T17:41:11","guid":{"rendered":"https:\/\/www.europesays.com\/es\/93320\/"},"modified":"2025-09-04T17:41:11","modified_gmt":"2025-09-04T17:41:11","slug":"duncan-dhu-pone-a-la-venta-1-500-entradas-mas-en-sevilla-por-5-euros","status":"publish","type":"post","link":"https:\/\/www.europesays.com\/es\/93320\/","title":{"rendered":"Duncan Dhu pone a la venta 1.500 entradas m\u00e1s en Sevilla por 5 euros"},"content":{"rendered":"<p><img decoding=\"async\" class=\"voc-author__img\" src=\"https:\/\/www.europesays.com\/es\/wp-content\/uploads\/2025\/08\/autor-6757-foto-1.jpeg\" alt=\"Carolina \u00c1lvarez \u00c1lvarez\"\/><\/p>\n<p class=\"voc-p\" style=\"\">El regreso de Duncan Dhu ha desatado tal expectaci\u00f3n en Sevilla que la organizaci\u00f3n del Festival del Patio+Metr\u00f3polis ha anunciado la puesta a la venta de <strong>1.500 entradas adicionales<\/strong> para el concierto que Mikel Erentxun ofrecer\u00e1 el pr\u00f3ximo <strong>12 de septiembre<\/strong> en la Plaza de Toros de Utrera. <\/p>\n<p class=\"voc-p\" style=\"\">La ampliaci\u00f3n, fruto de la colaboraci\u00f3n entre la Diputaci\u00f3n y el Ayuntamiento de Utrera, responde a la enorme demanda de p\u00fablico y permitir\u00e1 que <strong>pueda asistir m\u00e1s p\u00fablico<\/strong> de uno de los grandes acontecimientos musicales de este a\u00f1o en la provincia.<\/p>\n<p>\nNuevas entradas disponibles desde el 5 de septiembre\n<\/p>\n<p class=\"voc-p\" style=\"\">Tras colgar el cartel de completo en pocas horas, la organizaci\u00f3n ha reordenado el espacio del recinto municipal para habilitar 1.500 localidades extra, que estar\u00e1n disponibles desde las <strong>09:00 horas del viernes 5 de septiembre<\/strong> en los canales oficiales de venta: la <a href=\"https:\/\/www.entradas.com\/artist\/festival-del-patio-metropolis\/?affiliate=FXV\" title=\"www.entradas.com\" data-voc-vtm-id=\"in-text-traffic\" data-mrf-link=\"www.entradas.com\" rel=\"nofollow noopener\" target=\"_blank\">plataforma online<\/a> y de manera f\u00edsica en <strong>La Teatral<\/strong> (calle Vel\u00e1zquez, 12, Sevilla).<\/p>\n<p class=\"voc-p\" style=\"\">El precio popular de las entradas, fijado en <strong>5 euros<\/strong>, refuerza el objetivo del festival de hacer accesible la m\u00fasica en directo a todo tipo de p\u00fablicos.<\/p>\n<p><img decoding=\"async\" loading=\"lazy\" src=\"https:\/\/www.europesays.com\/es\/wp-content\/uploads\/2025\/09\/Clipboard-k8YF--760x427@diario_abc.png\" class=\"voc-img\" width=\"760\" height=\"427\" alt=\"Duncan Dhu pone a la venta 1.500 entradas m\u00e1s en Sevilla por 5 euros\" data-voc-vtm-id=\"in-text-traffic\"\/><\/p>\n<p>\nDuncan Dhu celebra sus 40 a\u00f1os en Utrera\n<\/p>\n<p class=\"voc-p\" style=\"\">El concierto en Utrera forma parte de la gira con la que Mikel Erentxun conmemora los <strong>40 a\u00f1os del debut de Duncan Dhu<\/strong>, uno de los grupos m\u00e1s emblem\u00e1ticos del pop-rock espa\u00f1ol de los ochenta y noventa.<\/p>\n<p class=\"voc-p\" style=\"\">El p\u00fablico podr\u00e1 revivir cl\u00e1sicos como <strong>Cien gaviotas<\/strong>, Esos ojos negros, Jard\u00edn de rosas o Rozando la eternidad, en una versi\u00f3n renovada que conecta tanto con quienes crecieron con su m\u00fasica como con nuevas generaciones. Para Erentxun, esta gira supone un <strong>par\u00e9ntesis en su carrera en solitario<\/strong> para rendir homenaje al legado de una banda que marc\u00f3 la historia de la m\u00fasica en Espa\u00f1a.<\/p>\n<p>Reportar un error<\/p>\n","protected":false},"excerpt":{"rendered":"El regreso de Duncan Dhu ha desatado tal expectaci\u00f3n en Sevilla que la organizaci\u00f3n del Festival del Patio+Metr\u00f3polis&hellip;\n","protected":false},"author":2,"featured_media":93321,"comment_status":"","ping_status":"","sticky":false,"template":"","format":"standard","meta":{"footnotes":""},"categories":[91],"tags":[24219,33843,33842,146,4401,147,25,24,1557,1150,1171,23,2913],"class_list":{"0":"post-93320","1":"post","2":"type-post","3":"status-publish","4":"format-standard","5":"has-post-thumbnail","7":"category-entretenimiento","8":"tag-24219","9":"tag-dhu","10":"tag-duncan","11":"tag-entertainment","12":"tag-entradas","13":"tag-entretenimiento","14":"tag-es","15":"tag-espana","16":"tag-euros","17":"tag-pone","18":"tag-sevilla","19":"tag-spain","20":"tag-venta"},"share_on_mastodon":{"url":"","error":""},"_links":{"self":[{"href":"https:\/\/www.europesays.com\/es\/wp-json\/wp\/v2\/posts\/93320","targetHints":{"allow":["GET"]}}],"collection":[{"href":"https:\/\/www.europesays.com\/es\/wp-json\/wp\/v2\/posts"}],"about":[{"href":"https:\/\/www.europesays.com\/es\/wp-json\/wp\/v2\/types\/post"}],"author":[{"embeddable":true,"href":"https:\/\/www.europesays.com\/es\/wp-json\/wp\/v2\/users\/2"}],"replies":[{"embeddable":true,"href":"https:\/\/www.europesays.com\/es\/wp-json\/wp\/v2\/comments?post=93320"}],"version-history":[{"count":0,"href":"https:\/\/www.europesays.com\/es\/wp-json\/wp\/v2\/posts\/93320\/revisions"}],"wp:featuredmedia":[{"embeddable":true,"href":"https:\/\/www.europesays.com\/es\/wp-json\/wp\/v2\/media\/93321"}],"wp:attachment":[{"href":"https:\/\/www.europesays.com\/es\/wp-json\/wp\/v2\/media?parent=93320"}],"wp:term":[{"taxonomy":"category","embeddable":true,"href":"https:\/\/www.europesays.com\/es\/wp-json\/wp\/v2\/categories?post=93320"},{"taxonomy":"post_tag","embeddable":true,"href":"https:\/\/www.europesays.com\/es\/wp-json\/wp\/v2\/tags?post=93320"}],"curies":[{"name":"wp","href":"https:\/\/api.w.org\/{rel}","templated":true}]}}