{"id":93332,"date":"2025-09-04T17:48:08","date_gmt":"2025-09-04T17:48:08","guid":{"rendered":"https:\/\/www.europesays.com\/es\/93332\/"},"modified":"2025-09-04T17:48:08","modified_gmt":"2025-09-04T17:48:08","slug":"guadalajara-presenta-en-madrid-el-nuevo-recorrido-de-sus-encierros-con-proyeccion-turistica-nuevaalcarria","status":"publish","type":"post","link":"https:\/\/www.europesays.com\/es\/93332\/","title":{"rendered":"Guadalajara presenta en Madrid el nuevo recorrido de sus encierros con proyecci\u00f3n tur\u00edstica | NuevaAlcarria"},"content":{"rendered":"<p>Los encierros de Guadalajara han sido presentados esta ma\u00f1ana en la Oficina de Promoci\u00f3n Tur\u00edstica de Castilla-La Mancha en Madrid (Gran V\u00eda, 45), en un acto encabezado por el tercer teniente de alcalde y concejal de Festejos, <b>Santiago L\u00f3pez Pomeda,<\/b> y el concejal de Turismo, <b>V\u00edctor Morej\u00f3n, <\/b>junto con <b>Juan Pablo Esteban<\/b>, coordinador t\u00e9cnico de los encierros.<\/p>\n<p>Durante la presentaci\u00f3n, L\u00f3pez Pomeda ha destacado el car\u00e1cter innovador y atractivo del nuevo recorrido, que discurrir\u00e1 por el casco hist\u00f3rico de la ciudad, ofreciendo mayor espectacularidad y visibilidad para el p\u00fablico. \u201cLos encierros en Guadalajara tienen una historia tan antigua como la propia ciudad. Ya en 1365, tras a\u00f1os de epidemias y plagas, el Concejo vot\u00f3 la celebraci\u00f3n de la fiesta de Santa M\u00f3nica con la suelta de veinticuatro toros\u201d, explicaba el concejal, recordando que, en la actualidad, \u201cjunto a Pamplona, Guadalajara es la \u00fanica capital de provincia que celebra sus encierros taurinos con toros en puntas, que se lidiar\u00e1n por la tarde\u201d.<\/p>\n<p>\u201cEste nuevo recorrido es una apuesta valiente de nuestra alcaldesa Ana Guarinos por nuestras ra\u00edces y tradiciones, por la revitalizaci\u00f3n del casco hist\u00f3rico\u201d, a\u00f1adi\u00f3 el concejal<\/p>\n<p>El trazado del nuevo recorrido del encierro se ampl\u00eda desde los 775 metros anteriores hasta los 850 metros, incluyendo los corrales, y contar\u00e1 con nuevos tramos que permitir\u00e1n una experiencia m\u00e1s emocionante tanto para corredores como para espectadores.<\/p>\n<p>Uno de los aspectos m\u00e1s relevantes es la incorporaci\u00f3n de medidas pioneras en seguridad. Por primera vez, Guadalajara contar\u00e1 con un encierro cardioprotegido, con la instalaci\u00f3n de\u00a010 desfibriladores\u00a0distribuidos a lo largo del recorrido. Adem\u00e1s, se han implementado\u00a0puertas antirretornos, se ha incrementado el n\u00famero de\u00a0puertas de evacuaci\u00f3n\u00a0y se han habilitado\u00a0bocas calles\u00a0hacia la Calle Mayor, donde se situar\u00e1n ambulancias y personal sanitario. La Calle Mayor, por su parte, ofrecer\u00e1 una mayor visibilidad gracias a sus balcones y portales, que se suman como puntos privilegiados para seguir el encierro.<\/p>\n<p>Finalmente, L\u00f3pez Pomeda ha subrayado el crecimiento de la feria taurina de Guadalajara, que en los \u00faltimos a\u00f1os ha aumentado en n\u00famero de corridas, ganader\u00edas de prestigio y toreros de primer nivel.<\/p>\n<p>En el \u00e1mbito tur\u00edstico, se ha anunciado el proyecto de ampliaci\u00f3n de los\u00a0corrales del Mercado de Abastos, que en el futuro ser\u00e1n visitables, siguiendo el modelo de los corrales del Gas de Pamplona. Esta iniciativa busca reforzar la proyecci\u00f3n exterior del encierro como producto tur\u00edstico y dinamizar el casco hist\u00f3rico de Guadalajara.<\/p>\n<p>Los concejales tambi\u00e9n han adelantado algunas ideas complementarias que podr\u00edan desarrollarse en torno al encierro, como exposiciones, concursos de escaparates, almuerzos tradicionales o murales, consolidando as\u00ed una oferta cultural y festiva m\u00e1s rica.<\/p>\n<p>El concejal de Turismo, V\u00edctor Morej\u00f3n, se\u00f1al\u00f3 que \u201cel nuevo recorrido de los encierros va a resultar interesante no solo para el turismo, sino tambi\u00e9n para el comercio de la ciudad y hay una gran expectativa con la novedad que se refleja ya en la ocupaci\u00f3n hotelera\u201d.<\/p>\n<p>Durante el acto, se distribuy\u00f3 entre los asistentes el\u00a0programa oficial de las Ferias y Fiestas de Guadalajara 2025, con una invitaci\u00f3n expresa a disfrutar no solo de los encierros, sino tambi\u00e9n de todos los actos culturales, musicales, deportivos y solidarios programados. Asimismo, se entregaron\u00a0folletos y gu\u00edas tur\u00edsticas\u00a0de la ciudad, reforzando la apuesta por Guadalajara como destino festivo y tur\u00edstico de referencia.<\/p>\n","protected":false},"excerpt":{"rendered":"Los encierros de Guadalajara han sido presentados esta ma\u00f1ana en la Oficina de Promoci\u00f3n Tur\u00edstica de Castilla-La Mancha&hellip;\n","protected":false},"author":2,"featured_media":93333,"comment_status":"","ping_status":"","sticky":false,"template":"","format":"standard","meta":{"footnotes":""},"categories":[277],"tags":[442,373,168,2167,25,24,439,441,443,440,23,167,374,444],"class_list":{"0":"post-93332","1":"post","2":"type-post","3":"status-publish","4":"format-standard","5":"has-post-thumbnail","7":"category-toreo","8":"tag-actualidad-guadalajara","9":"tag-bullfighting","10":"tag-deportes","11":"tag-encierros","12":"tag-es","13":"tag-espana","14":"tag-guadalajara","15":"tag-informacion-guadalajara","16":"tag-noticias-guadalajara","17":"tag-nueva-alcarria","18":"tag-spain","19":"tag-sports","20":"tag-toreo","21":"tag-toros"},"share_on_mastodon":{"url":"","error":""},"_links":{"self":[{"href":"https:\/\/www.europesays.com\/es\/wp-json\/wp\/v2\/posts\/93332","targetHints":{"allow":["GET"]}}],"collection":[{"href":"https:\/\/www.europesays.com\/es\/wp-json\/wp\/v2\/posts"}],"about":[{"href":"https:\/\/www.europesays.com\/es\/wp-json\/wp\/v2\/types\/post"}],"author":[{"embeddable":true,"href":"https:\/\/www.europesays.com\/es\/wp-json\/wp\/v2\/users\/2"}],"replies":[{"embeddable":true,"href":"https:\/\/www.europesays.com\/es\/wp-json\/wp\/v2\/comments?post=93332"}],"version-history":[{"count":0,"href":"https:\/\/www.europesays.com\/es\/wp-json\/wp\/v2\/posts\/93332\/revisions"}],"wp:featuredmedia":[{"embeddable":true,"href":"https:\/\/www.europesays.com\/es\/wp-json\/wp\/v2\/media\/93333"}],"wp:attachment":[{"href":"https:\/\/www.europesays.com\/es\/wp-json\/wp\/v2\/media?parent=93332"}],"wp:term":[{"taxonomy":"category","embeddable":true,"href":"https:\/\/www.europesays.com\/es\/wp-json\/wp\/v2\/categories?post=93332"},{"taxonomy":"post_tag","embeddable":true,"href":"https:\/\/www.europesays.com\/es\/wp-json\/wp\/v2\/tags?post=93332"}],"curies":[{"name":"wp","href":"https:\/\/api.w.org\/{rel}","templated":true}]}}