{"id":93408,"date":"2025-09-04T18:30:12","date_gmt":"2025-09-04T18:30:12","guid":{"rendered":"https:\/\/www.europesays.com\/es\/93408\/"},"modified":"2025-09-04T18:30:12","modified_gmt":"2025-09-04T18:30:12","slug":"macron-mira-a-su-izquierda-para-intentar-resolver-la-crisis-politica-en-francia","status":"publish","type":"post","link":"https:\/\/www.europesays.com\/es\/93408\/","title":{"rendered":"Macron mira a su izquierda para intentar resolver la crisis pol\u00edtica en Francia"},"content":{"rendered":"<p>    <img src=\"https:\/\/www.europesays.com\/es\/wp-content\/uploads\/2025\/09\/2025-09-04T153A353A44Z-89951076.jpg\" width=\"1024\" height=\"682\" alt=\"\" loading=\"eager\" decoding=\"sync\" fetchpriority=\"high\"\/><\/p>\n<p>            afp_tickers        <\/p>\n<p>        Este contenido fue publicado en    <\/p>\n<p>        04 septiembre 2025 &#8211; 17:35\n<\/p>\n<p>El presidente franc\u00e9s, Emmanuel Macron, busca acercarse a la oposici\u00f3n socialista ante la probable ca\u00edda el lunes de su segundo gobierno en s\u00f3lo nueve meses, entre llamados a convocar elecciones anticipadas e incluso a dimitir.<\/p>\n<p>El primer ministro centrista, Fran\u00e7ois Bayrou, carece de los apoyos necesarios en el Parlamento para seguir en el cargo, tras anunciar la supresi\u00f3n de dos d\u00edas feriados y recortes por 44.000 millones de euros (51.000 millones de d\u00f3lares) en su proyecto de presupuestos para 2026.<\/p>\n<p>Su ca\u00edda podr\u00eda aumentar la incertidumbre en la segunda econom\u00eda de la Uni\u00f3n Europea, en un contexto en que el costo del endeudamiento de Francia a largo plazo alcanz\u00f3 el martes su mayor nivel desde 2011.<\/p>\n<p>Macron llam\u00f3 al actual ejecutivo, formado por su alianza centrista y el partido conservador Los Republicanos (LR), a \u00abtrabajar con los socialistas\u00bb para evitar su ca\u00edda o incluso despu\u00e9s.<\/p>\n<p>Es el segundo escenario el que se perfila. El l\u00edder del Partido Socialista (PS), Olivier Faure, ya dijo estar a \u00abdisposici\u00f3n\u00bb del presidente para discutir sobre c\u00f3mo podr\u00edan entrar en un gobierno, aunque con condiciones.<\/p>\n<p>\u2013 \u00bfNuevo gobierno o elecciones? \u2013<\/p>\n<p>Pero alcanzar una mayor\u00eda estable no se anuncia f\u00e1cil. El presidente franc\u00e9s provoc\u00f3 la actual crisis pol\u00edtica en junio de 2024 al convocar legislativas anticipadas tras la victoria de la ultraderecha en los comicios al Parlamento Europeo.<\/p>\n<p>El adelanto electoral dej\u00f3 una Asamblea Nacional (c\u00e1mara baja) a\u00fan m\u00e1s dividida que en la legislatura anterior con tres grandes bloques: izquierda \u2013que gan\u00f3 los comicios\u2013, centroderecha y extrema derecha, y sin mayor\u00edas claras.<\/p>\n<p>Una entrada de los socialistas en el gobierno actual lo acercar\u00eda de la mayor\u00eda absoluta, pero LR lo rechaza: \u00abNo podemos tener un acuerdo de gobierno con el PS\u00bb, dijo a Le Parisien el presidente del Senado, G\u00e9rard Larcher.<\/p>\n<p>Los socialistas piden un gobierno de izquierda, aunque sea minoritario, y proponen un plan presupuestario con la mitad de recortes que Bayrou, as\u00ed como suspender la reforma de las pensiones de 2023 y gravar m\u00e1s a las grandes fortunas.<\/p>\n<p>Estas propuestas son l\u00edneas rojas para la alianza de Macron, lo que lleva a que cada vez m\u00e1s voces, entre ellas el expresidente conservador Nicolas Sarkozy, vean un nuevo adelanto electoral como \u00fanica \u00absoluci\u00f3n\u00bb.<\/p>\n<p>\u2013 \u00bfDimisi\u00f3n?\u00a0\u2013<\/p>\n<p>Pero, seg\u00fan sondeos recientes, la celebraci\u00f3n de nuevos comicios tampoco resolver\u00eda la crisis: la Asamblea seguir\u00eda sin mayor\u00edas estables, aunque con una progresi\u00f3n de la extrema derecha liderada por Marine Le Pen y una ca\u00edda del oficialismo.<\/p>\n<p>En paralelo, los franceses conf\u00edan cada vez menos en Macron para resolver la crisis, seg\u00fan dos sondeos publicados este jueves. El mandatario bate r\u00e9cords de impopularidad y el pol\u00edtico m\u00e1s valorado es el ultraderechista Jordan Bardella.<\/p>\n<p>Aunque un adelanto electoral no afectar\u00eda al presidente, cuyo mandato termina en 2027, algunos pol\u00edticos ya pidieron en este contexto su dimisi\u00f3n. Macron \u00abperdi\u00f3 toda la legitimidad\u00bb, en palabras del izquierdista Fran\u00e7ois Ruffin.<\/p>\n<p>Francia se prepara adem\u00e1s para vivir dos jornadas de protestas: una impulsada a trav\u00e9s de las redes sociales el 10 de septiembre y otra liderada por los sindicatos ocho d\u00edas despu\u00e9s.<\/p>\n<p>La incertidumbre tambi\u00e9n alcanz\u00f3 a los mercados de deuda, m\u00e1xime cuando el plan de Bayrou era sanear las arcas p\u00fablicas que registraron un d\u00e9ficit p\u00fablico del 5,8% del PIB en 2024 y una deuda p\u00fablica de casi el 114% en marzo, la tercera m\u00e1s alta de la UE.<\/p>\n<p>El inter\u00e9s de la deuda a 30 a\u00f1os, considerada el bar\u00f3metro de la confianza de los inversores a largo plazo, lleg\u00f3 a alcanzar el martes el 4,50%, umbral superado por \u00faltima vez en noviembre de 2011 en plena crisis soberana en la zona euro.<\/p>\n<p>tjc\/mb<\/p>\n","protected":false},"excerpt":{"rendered":"afp_tickers Este contenido fue publicado en 04 septiembre 2025 &#8211; 17:35 El presidente franc\u00e9s, Emmanuel Macron, busca acercarse&hellip;\n","protected":false},"author":2,"featured_media":93409,"comment_status":"","ping_status":"","sticky":false,"template":"","format":"standard","meta":{"footnotes":""},"categories":[42],"tags":[17,18,82,636,4170,84,13,14,4437,33884,11,61,62,63,64,19,20,87,9,10,15,16,12089,88,12090,29931,90,12,21,22,65,66,67],"class_list":{"0":"post-93408","1":"post","2":"type-post","3":"status-publish","4":"format-standard","5":"has-post-thumbnail","7":"category-internacional","8":"tag-breaking-news","9":"tag-breakingnews","10":"tag-business","11":"tag-conflict","12":"tag-crisis","13":"tag-economy-general","14":"tag-featured-news","15":"tag-featurednews","16":"tag-government","17":"tag-government-debt","18":"tag-headlines","19":"tag-internacional","20":"tag-international","21":"tag-international-news","22":"tag-internationalnews","23":"tag-latest-news","24":"tag-latestnews","25":"tag-macro-economics","26":"tag-news","27":"tag-noticias","28":"tag-noticias-destacadas","29":"tag-noticiasdestacadas","30":"tag-parties-and-movements","31":"tag-politics","32":"tag-politics-general","33":"tag-state-budget-and-tax","34":"tag-ticker","35":"tag-titulares","36":"tag-ultimas-noticias","37":"tag-ultimasnoticias","38":"tag-world","39":"tag-world-news","40":"tag-worldnews"},"share_on_mastodon":{"url":"","error":""},"_links":{"self":[{"href":"https:\/\/www.europesays.com\/es\/wp-json\/wp\/v2\/posts\/93408","targetHints":{"allow":["GET"]}}],"collection":[{"href":"https:\/\/www.europesays.com\/es\/wp-json\/wp\/v2\/posts"}],"about":[{"href":"https:\/\/www.europesays.com\/es\/wp-json\/wp\/v2\/types\/post"}],"author":[{"embeddable":true,"href":"https:\/\/www.europesays.com\/es\/wp-json\/wp\/v2\/users\/2"}],"replies":[{"embeddable":true,"href":"https:\/\/www.europesays.com\/es\/wp-json\/wp\/v2\/comments?post=93408"}],"version-history":[{"count":0,"href":"https:\/\/www.europesays.com\/es\/wp-json\/wp\/v2\/posts\/93408\/revisions"}],"wp:featuredmedia":[{"embeddable":true,"href":"https:\/\/www.europesays.com\/es\/wp-json\/wp\/v2\/media\/93409"}],"wp:attachment":[{"href":"https:\/\/www.europesays.com\/es\/wp-json\/wp\/v2\/media?parent=93408"}],"wp:term":[{"taxonomy":"category","embeddable":true,"href":"https:\/\/www.europesays.com\/es\/wp-json\/wp\/v2\/categories?post=93408"},{"taxonomy":"post_tag","embeddable":true,"href":"https:\/\/www.europesays.com\/es\/wp-json\/wp\/v2\/tags?post=93408"}],"curies":[{"name":"wp","href":"https:\/\/api.w.org\/{rel}","templated":true}]}}