{"id":93461,"date":"2025-09-04T18:58:07","date_gmt":"2025-09-04T18:58:07","guid":{"rendered":"https:\/\/www.europesays.com\/es\/93461\/"},"modified":"2025-09-04T18:58:07","modified_gmt":"2025-09-04T18:58:07","slug":"el-exluchador-de-ufc-lo-anuncio-con-un-video-y-una-polemica-iniciativa","status":"publish","type":"post","link":"https:\/\/www.europesays.com\/es\/93461\/","title":{"rendered":"el exluchador de UFC lo anunci\u00f3 con un video y una pol\u00e9mica iniciativa"},"content":{"rendered":"<p>El exluchador <strong>Conor McGregor<\/strong> pidi\u00f3 este jueves a sus seguidores que hagan campa\u00f1a para lograr el respaldo de las autoridades locales, requisito para presentarse a las elecciones a la presidencia de la <strong>Rep\u00fablica de Irlanda<\/strong>, que se celebrar\u00e1n el pr\u00f3ximo 24 de octubre.<\/p>\n<p>McGregor emiti\u00f3 ese mensaje en un v\u00eddeo grabado ante el<strong> Parlamento de Dubl\u00edn<\/strong> y difundido en sus redes sociales, en el que aparec\u00eda <strong>vestido con traje y corbata<\/strong> para presentarse como un candidato capaz de hacer frente a \u00abla intensa llegada de la inmigraci\u00f3n masiva\u00bb, en l\u00ednea con el discurso de <strong>extrema derecha <\/strong>que ha adoptado en los \u00faltimos meses.<\/p>\n<p>&#13;<br \/>\n\u00abHemos visto c\u00f3mo el sinhogarismo ente los ni\u00f1os irlandeses ha alcanzado niveles sin precedentes, lo que demuestra la negativa de este Gobierno a acatar y respetar nuestra proclamaci\u00f3n (de independencia), seg\u00fan la cual todos los ni\u00f1os irlandeses deben ser apreciados. En cambio, nuestros ni\u00f1os han sido abandonados\u00bb, declar\u00f3 el controvertido exdeportista. <\/p>\n<p>McGregor, quien se autodefini\u00f3 como <strong>un \u00abmaestro\u00bb de las artes marciales y un \u00abhombre de soluciones\u00bb<\/strong>, inst\u00f3 a sus seguidores a que contacten con sus concejales locales para postularse como candidato a presidente de Irlanda, un cargo principalmente representativo.<\/p>\n<blockquote class=\"twitter-tweet\">\n<p lang=\"en\" dir=\"ltr\">Citizens of Ireland, the time for real change is now! <\/p>\n<p>As President, I will not sign any bill in law until it goes back to the people first!<\/p>\n<p>If you want to see my name on the ballot for the Presidency, I urge you to contact your local county councillors today and ask them to\u2026 <a href=\"https:\/\/t.co\/LGDCSGN9vr\" rel=\"nofollow\">pic.twitter.com\/LGDCSGN9vr<\/a><\/p>\n<p>\u2014 Conor McGregor (@TheNotoriousMMA) <a href=\"https:\/\/twitter.com\/TheNotoriousMMA\/status\/1963532107386372388?ref_src=twsrc%5Etfw\" rel=\"nofollow noopener\" target=\"_blank\">September 4, 2025<\/a><\/p><\/blockquote>\n<p>&#13;<br \/>\nCualquier ciudadano irland\u00e9s mayor de 35 a\u00f1os puede aspirar a la presidencia si recibe el apoyo de al menos 20 miembros del Parlamento nacional o de cuatro autoridades locales, una condici\u00f3n que se espera que cumplan en los pr\u00f3ximos d\u00edas un n\u00famero de aspirantes entre los que no figura McGregor, seg\u00fan los observadores. <\/p>\n<p>&#13;<br \/>\nEl exluchador dijo la pasada semana, sin aportar detalles, que ten\u00eda \u00abasegurado\u00bb el apoyo de \u00abconcejales, diputados, senadores\u00bb y de, incluso, el \u00abpartido m\u00e1s prestigioso de todos\u00bb, por lo que ahora solo ten\u00eda que \u00abelegir afiliaci\u00f3n\u00bb para concurrir a los comicios de octubre. <\/p>\n<p>&#13;<br \/>\nSu nombre, no obstante, no aparece a\u00fan en la lista de candidatos que han solicitado oficialmente apoyos o aquellos que ya los han logrado, que hasta la fecha solo son dos. <\/p>\n<p>Tras abandonar las artes marciales mixtas, &#8216;The Notorious&#8217; ha encadenado una serie de esc\u00e1ndalos que han minado su popularidad en Irlanda, si bien cuenta ahora con el apoyo de celebridades como el presidente estadounidense, <strong>Donald Trump<\/strong>, o <strong>Elon Musk<\/strong>.<\/p>\n<p>McGregor, de 37 a\u00f1os, lleg\u00f3 a visitar el pasado marzo la <strong>Casa Blanca<\/strong>, poco despu\u00e9s de que un tribunal de <strong>Dubl\u00edn <\/strong>le impusiera una condena civil por violar a <strong>Nikita Hands<\/strong>, por la que fue condenado a compensarla con casi 250.000 euros.<\/p>\n<p>El ministro de Administraci\u00f3n Local, <strong>James Browne<\/strong>, firm\u00f3 este martes la orden que da paso desde este viernes y hasta el 24 de septiembre a la presentaci\u00f3n de candidaturas para suceder al presidente Michael D. Higgins, quien ha ocupado el puesto durante 14 a\u00f1os. <\/p>\n<p><script async src=\"https:\/\/platform.twitter.com\/widgets.js\" charset=\"utf-8\"><\/script><\/p>\n","protected":false},"excerpt":{"rendered":"El exluchador Conor McGregor pidi\u00f3 este jueves a sus seguidores que hagan campa\u00f1a para lograr el respaldo de&hellip;\n","protected":false},"author":2,"featured_media":93462,"comment_status":"","ping_status":"","sticky":false,"template":"","format":"standard","meta":{"footnotes":""},"categories":[276],"tags":[168,25,24,23,167,343],"class_list":{"0":"post-93461","1":"post","2":"type-post","3":"status-publish","4":"format-standard","5":"has-post-thumbnail","7":"category-ufc","8":"tag-deportes","9":"tag-es","10":"tag-espana","11":"tag-spain","12":"tag-sports","13":"tag-ufc"},"share_on_mastodon":{"url":"","error":""},"_links":{"self":[{"href":"https:\/\/www.europesays.com\/es\/wp-json\/wp\/v2\/posts\/93461","targetHints":{"allow":["GET"]}}],"collection":[{"href":"https:\/\/www.europesays.com\/es\/wp-json\/wp\/v2\/posts"}],"about":[{"href":"https:\/\/www.europesays.com\/es\/wp-json\/wp\/v2\/types\/post"}],"author":[{"embeddable":true,"href":"https:\/\/www.europesays.com\/es\/wp-json\/wp\/v2\/users\/2"}],"replies":[{"embeddable":true,"href":"https:\/\/www.europesays.com\/es\/wp-json\/wp\/v2\/comments?post=93461"}],"version-history":[{"count":0,"href":"https:\/\/www.europesays.com\/es\/wp-json\/wp\/v2\/posts\/93461\/revisions"}],"wp:featuredmedia":[{"embeddable":true,"href":"https:\/\/www.europesays.com\/es\/wp-json\/wp\/v2\/media\/93462"}],"wp:attachment":[{"href":"https:\/\/www.europesays.com\/es\/wp-json\/wp\/v2\/media?parent=93461"}],"wp:term":[{"taxonomy":"category","embeddable":true,"href":"https:\/\/www.europesays.com\/es\/wp-json\/wp\/v2\/categories?post=93461"},{"taxonomy":"post_tag","embeddable":true,"href":"https:\/\/www.europesays.com\/es\/wp-json\/wp\/v2\/tags?post=93461"}],"curies":[{"name":"wp","href":"https:\/\/api.w.org\/{rel}","templated":true}]}}