{"id":93520,"date":"2025-09-04T19:32:10","date_gmt":"2025-09-04T19:32:10","guid":{"rendered":"https:\/\/www.europesays.com\/es\/93520\/"},"modified":"2025-09-04T19:32:10","modified_gmt":"2025-09-04T19:32:10","slug":"ha-sido-una-decision-dura-y-agonizante","status":"publish","type":"post","link":"https:\/\/www.europesays.com\/es\/93520\/","title":{"rendered":"Ha sido una decisi\u00f3n dura y agonizante"},"content":{"rendered":"<p data-mrf-recirculation=\"Links P\u00e1rrafos\" class=\"ue-c-article__paragraph paragraph ue-c-article--first-letter-highlighted\">Lady Gaga es una de las artistas m\u00e1s condecoradas de los \u00faltimos 15 a\u00f1os. La cantante y compositora estadounidense sigue vigente a sus 39 a\u00f1os y es que comenz\u00f3 su carrera de manera muy temprana. Su auge fue imparable y se convirti\u00f3 en una de las <strong>int\u00e9rpretes m\u00e1s respetadas en la industria.<\/strong><\/p>\n<p data-mrf-recirculation=\"Links P\u00e1rrafos\" class=\"ue-c-article__paragraph paragraph\">En lo que respecta al \u00e1mbito musical, <strong>Gaga acaba de lanzar su canci\u00f3n &#8216;The Dead Dance&#8217; que cuenta con videoclip y ha sido dirigida por Tim Burton.<\/strong> La canci\u00f3n forma parte de la segunda temporada de la serie &#8216;Mi\u00e9rcoles&#8217;. La cantante est\u00e1 cumpliendo con su gira de conciertos como parte de la gira &#8216;The Mayhem Ball&#8217; que forma parte de su \u00faltimo \u00e1lbum de estudio y que lleva el mismo nombre. Sus dos \u00faltimos conciertos tuvieron lugar en <strong>Miami<\/strong>, en el Kaseya Center.<\/p>\n<p data-mrf-recirculation=\"Links P\u00e1rrafos\" class=\"ue-c-article__paragraph paragraph\">Estaba estipulado que Lady Gaga diera un tercer y \u00faltimo concierto en Miami. Sin embargo, <strong>la cantante tuvo que posponerlo a \u00faltima hora<\/strong>. A trav\u00e9s de su cuenta de Instagram, Lady Gaga explic\u00f3 los motivos de la cancelaci\u00f3n de su show: \u00abHola a todos, lo siento much\u00edsimo, pero tengo que posponer el concierto de esta noche en Miami. <strong>Durante el ensayo de anoche y mi calentamiento vocal de hoy mismo, mi voz estaba extremadamente tensa y tanto mi m\u00e1nager como mi entrenador vocal me han aconsejado que no siga por el riesgo que supone<\/strong>\u00ab.<\/p>\n<p>Lady Gaga ten\u00eda la voz bastante perjudicada y no quiso correr riesgos<\/p>\n<p data-mrf-recirculation=\"Links P\u00e1rrafos\" class=\"ue-c-article__paragraph paragraph\">La artista se lament\u00f3 de no poder actuar en frente de sus fan\u00e1ticos y contin\u00fao explicando sus motivos: \u00ab<strong>Quiero ser dura y seguir adelante por vosotros pero no quiero arriesgarme a que mis cuerdas vocales sufran da\u00f1os permanentes a largo plazo<\/strong>\u00ab.<\/p>\n<p><img decoding=\"async\" width=\"1980\" height=\"1320\" class=\"ue-c-article__image lazyload\" alt=\"Lady Gaga.\" loading=\"lazy\" src=\"https:\/\/www.europesays.com\/es\/wp-content\/uploads\/2025\/09\/68b88ae46d0f1.jpeg\"\/><\/p>\n<p>Lady Gaga.<\/p>\n<p data-mrf-recirculation=\"Links P\u00e1rrafos\" class=\"ue-c-article__paragraph paragraph\">Una decisi\u00f3n que medit\u00f3 y que al final tom\u00f3 la mejor decisi\u00f3n seg\u00fan se\u00f1ala en su post de Instagram. Lady Gaga pidi\u00f3 disculpas a sus seguidores y a todos los que hab\u00edan comprado una entrada e iban a asistir al \u00faltimo concierto en Miami de su gira en 2025. \u00ab<strong>Ha sido una decisi\u00f3n dura y agonizante. Espero que pod\u00e1is aceptar mis sinceras y arrepentidas disculpas<\/strong>\u00ab, finaliz\u00f3 la cantante.<\/p>\n","protected":false},"excerpt":{"rendered":"Lady Gaga es una de las artistas m\u00e1s condecoradas de los \u00faltimos 15 a\u00f1os. La cantante y compositora&hellip;\n","protected":false},"author":2,"featured_media":93521,"comment_status":"","ping_status":"","sticky":false,"template":"","format":"standard","meta":{"footnotes":""},"categories":[170],"tags":[146,147,25,24,184,185,23],"class_list":{"0":"post-93520","1":"post","2":"type-post","3":"status-publish","4":"format-standard","5":"has-post-thumbnail","7":"category-musica","8":"tag-entertainment","9":"tag-entretenimiento","10":"tag-es","11":"tag-espana","12":"tag-music","13":"tag-musica","14":"tag-spain"},"share_on_mastodon":{"url":"","error":""},"_links":{"self":[{"href":"https:\/\/www.europesays.com\/es\/wp-json\/wp\/v2\/posts\/93520","targetHints":{"allow":["GET"]}}],"collection":[{"href":"https:\/\/www.europesays.com\/es\/wp-json\/wp\/v2\/posts"}],"about":[{"href":"https:\/\/www.europesays.com\/es\/wp-json\/wp\/v2\/types\/post"}],"author":[{"embeddable":true,"href":"https:\/\/www.europesays.com\/es\/wp-json\/wp\/v2\/users\/2"}],"replies":[{"embeddable":true,"href":"https:\/\/www.europesays.com\/es\/wp-json\/wp\/v2\/comments?post=93520"}],"version-history":[{"count":0,"href":"https:\/\/www.europesays.com\/es\/wp-json\/wp\/v2\/posts\/93520\/revisions"}],"wp:featuredmedia":[{"embeddable":true,"href":"https:\/\/www.europesays.com\/es\/wp-json\/wp\/v2\/media\/93521"}],"wp:attachment":[{"href":"https:\/\/www.europesays.com\/es\/wp-json\/wp\/v2\/media?parent=93520"}],"wp:term":[{"taxonomy":"category","embeddable":true,"href":"https:\/\/www.europesays.com\/es\/wp-json\/wp\/v2\/categories?post=93520"},{"taxonomy":"post_tag","embeddable":true,"href":"https:\/\/www.europesays.com\/es\/wp-json\/wp\/v2\/tags?post=93520"}],"curies":[{"name":"wp","href":"https:\/\/api.w.org\/{rel}","templated":true}]}}