{"id":93538,"date":"2025-09-04T19:42:07","date_gmt":"2025-09-04T19:42:07","guid":{"rendered":"https:\/\/www.europesays.com\/es\/93538\/"},"modified":"2025-09-04T19:42:07","modified_gmt":"2025-09-04T19:42:07","slug":"la-supercopa-y-la-copa-galicia-de-balonmano-se-decidiran-en-vilagarcia-la-voz-de-galicia","status":"publish","type":"post","link":"https:\/\/www.europesays.com\/es\/93538\/","title":{"rendered":"La Supercopa y la Copa Galicia de Balonmano se decidir\u00e1n en Vilagarc\u00eda &#8211; La Voz de Galicia"},"content":{"rendered":"<ol>\n<li><a href=\"https:\/\/news.google.com\/rss\/articles\/CBMiwwFBVV95cUxNZlpuaEpEUjRUXzFOOHRCajd6OHJzVHh0Nm5kdU1YbGNNN05HM0FOY1BKamhUWVpzTlhiT3B4ZDE3UVB4a182a1ZieGw3b2gyOFdYTm9lNk1JWURaejJWRWhCa01SRnkxeTNBaWRvTG1CWVhyVzN4X0FlSEJfZ1lCcDZ3N1Y4dWx4T3M1eEd5aXJmSjQtUmJ5WFQwYjBpdVdNalZKYVE3SGMxdHBLUFozZVNLYUZFSGVjNTBMNXdkN3RrNGvSAd8BQVVfeXFMTW1ZcF9MdkVENXEwRmVRci1IOGxJeHNtemo4LU8zRW9vaVUzdzc3aUp2N25IcXRsS3l0LXJrSmo1b3Q3Y2l4eTNyUGYwQWVDSFFlMnhVYy1FWmc4M1czZFd6XzJYVnJ2bDlXYUJwZ3RERXdYSzRzdm1IUnNKLS1TS2t6TDI4MGdYczVtRTFQVk1IUHJMbDY5YkluVWdhanE3SzFjalYwbGlzbXBvWEZ1anlDcWdVTUtyUmplUHhaWnF1U2IxRkRiNm9SOWZESzZYNHN4dnJrVTV4dVZkOGtDYw?oc=5\" target=\"_blank\" rel=\"nofollow noopener\">La Supercopa y la Copa Galicia de Balonmano se decidir\u00e1n en Vilagarc\u00eda<\/a>&nbsp;&nbsp;La Voz de Galicia<\/li>\n<li><a href=\"https:\/\/news.google.com\/rss\/articles\/CBMiswFBVV95cUxPYWdKZjJPT1gyRUw2Uk45bkd0SnNIeFRLQmVleFFrZ0RMZ3hlYnRqUElxc0ZYWkx0UVZ3SFV3b2tVLVVlWlpXTEJ2ODdtMXR3cWNuZG9zRVlzYUh2amh2RmxiWU11bUdSZkVlYTZhZXhGSFpNSFRLVDIzTk9uQnI5RW9iMWV1NG5USmIxZnVnUEI1d3hMdldRd3FZcHd0Vk9adlBZR2ZqZ0FnUncyWDRrVkg2WQ?oc=5\" target=\"_blank\" rel=\"nofollow noopener\">La \u00e9lite del balonmano gallego se cita el domingo en el pabell\u00f3n Sara G\u00f3mez<\/a>&nbsp;&nbsp;Diario de Arousa<\/li>\n<li><a href=\"https:\/\/news.google.com\/rss\/articles\/CBMikAFBVV95cUxORGZVdHdDcGFOSHNuTms4X2F6UUEzQkdKc1lvNnpQdXpmYm5TR2IxSUlGQm5wOWx5MFFVaDdQbDEtNXM4X3NvTlBNTUFiX241QXBjcUpFY2ZNMUZUVlJfckQwV2JaeUxfbGcyZlN6ZUNDME1HcE1IOWRhd0xsM2FQT2NCVjhBWGRaZGNrSUdzemY?oc=5\" target=\"_blank\" rel=\"nofollow noopener\">El Guard\u00e9s se prepara para el derbi de la Supercopa de Galicia<\/a>&nbsp;&nbsp;Telemari\u00f1as<\/li>\n<li><a href=\"https:\/\/news.google.com\/rss\/articles\/CBMisAFBVV95cUxPZXluUFJudE9iYkl0MGVteUZUOFZ1ZHlWMXlwVUo5UkRQdWJ5X1VoUHVobGllX1E1SlQyNWFXLXJsb1NXYXE1bnhyX1ZJTGVfYVcxNmg5U09aS1BtMlhKclNtbjdXMnhzTGQ5WXJxQmROc2ZCYURwX1RYSmxlS1hzZXRIM09OSWludHRaVmk5MXFUWDctczdPZEx3LVV3RXVGT1MteHQtckxSWkVIaFpINNIBtgFBVV95cUxNS3NzVHp4NzN5Q3hCZEF4SFFMUmVEYlotQ2JUNUJSVFhvRGdQZXVDWDdCY0JhMzNTZVdHazJZakxHTzhQN2hBM0JkTmV1TjdMS1RxQjR0akx5X1pNcmlzOE9YVDhHVkVZUF91SXcwZHJneGlaTHJ3VmRDVFM3TVdaZWNoQlB1OF8ydmlaWFdXNVJPZlMzMVdiMTJXekg4UHZUS0xvaHpYcGhZcmJIQ3VMakpsWk9Rdw?oc=5\" target=\"_blank\" rel=\"nofollow noopener\">La final de la Supercopa Galicia ante el Cisne, ultimo test para el Cangas<\/a>&nbsp;&nbsp;Faro de Vigo<\/li>\n<li><a href=\"https:\/\/news.google.com\/rss\/articles\/CBMingFBVV95cUxOb0FNczROaHFQSkhwd3cyTWxkLUdFT3dJSHFTNlltYlBoU1ZiSFJtc0VQeVl1STRIZzVQLWVZLU01NkVsY1Z2V0kyU2hkc3dnMk5wS3JvTm1XVXM5YnRObjE3SFh4Q19jOS1FRzBIaDNvU1lxNExnbGNRSXF4NEY3dmFhQXZRUlFEamx5V0d2SmFvRXY4eGxGY19IQkJtQQ?oc=5\" target=\"_blank\" rel=\"nofollow noopener\">Definida la Fase Final de la Copa Galicia de Balonmano<\/a>&nbsp;&nbsp;Diario de Arteixo<\/li>\n<\/ol>\n","protected":false},"excerpt":{"rendered":"La Supercopa y la Copa Galicia de Balonmano se decidir\u00e1n en Vilagarc\u00eda&nbsp;&nbsp;La Voz de Galicia La \u00e9lite del&hellip;\n","protected":false},"author":2,"featured_media":93539,"comment_status":"","ping_status":"","sticky":false,"template":"","format":"standard","meta":{"footnotes":""},"categories":[278],"tags":[10547,1672,376,16343,168,25,24,375,10238,23,167,4335],"class_list":{"0":"post-93538","1":"post","2":"type-post","3":"status-publish","4":"format-standard","5":"has-post-thumbnail","7":"category-balonmano","8":"tag-atletico-guardes","9":"tag-balonman-cangas","10":"tag-balonmano","11":"tag-club-cisne-balonmano","12":"tag-deportes","13":"tag-es","14":"tag-espana","15":"tag-handball","16":"tag-o-porrino","17":"tag-spain","18":"tag-sports","19":"tag-vilagarcia-de-arousa"},"share_on_mastodon":{"url":"","error":""},"_links":{"self":[{"href":"https:\/\/www.europesays.com\/es\/wp-json\/wp\/v2\/posts\/93538","targetHints":{"allow":["GET"]}}],"collection":[{"href":"https:\/\/www.europesays.com\/es\/wp-json\/wp\/v2\/posts"}],"about":[{"href":"https:\/\/www.europesays.com\/es\/wp-json\/wp\/v2\/types\/post"}],"author":[{"embeddable":true,"href":"https:\/\/www.europesays.com\/es\/wp-json\/wp\/v2\/users\/2"}],"replies":[{"embeddable":true,"href":"https:\/\/www.europesays.com\/es\/wp-json\/wp\/v2\/comments?post=93538"}],"version-history":[{"count":0,"href":"https:\/\/www.europesays.com\/es\/wp-json\/wp\/v2\/posts\/93538\/revisions"}],"wp:featuredmedia":[{"embeddable":true,"href":"https:\/\/www.europesays.com\/es\/wp-json\/wp\/v2\/media\/93539"}],"wp:attachment":[{"href":"https:\/\/www.europesays.com\/es\/wp-json\/wp\/v2\/media?parent=93538"}],"wp:term":[{"taxonomy":"category","embeddable":true,"href":"https:\/\/www.europesays.com\/es\/wp-json\/wp\/v2\/categories?post=93538"},{"taxonomy":"post_tag","embeddable":true,"href":"https:\/\/www.europesays.com\/es\/wp-json\/wp\/v2\/tags?post=93538"}],"curies":[{"name":"wp","href":"https:\/\/api.w.org\/{rel}","templated":true}]}}