{"id":93578,"date":"2025-09-04T20:06:08","date_gmt":"2025-09-04T20:06:08","guid":{"rendered":"https:\/\/www.europesays.com\/es\/93578\/"},"modified":"2025-09-04T20:06:08","modified_gmt":"2025-09-04T20:06:08","slug":"baltasar-iban-imparte-catedra-y-alvaro-serrano-aplica-la-leccion","status":"publish","type":"post","link":"https:\/\/www.europesays.com\/es\/93578\/","title":{"rendered":"Baltasar Ib\u00e1n imparte c\u00e1tedra y \u00c1lvaro Serrano aplica la lecci\u00f3n"},"content":{"rendered":"<p class=\"voc-author__name\">\nGABRIEL MORENO\n<\/p>\n<p class=\"voc-author__special\">Villaseca de la Sagra (Toledo)<\/p>\n<p class=\"voc-p\" style=\"\">Aunque no se llen\u00f3 el aula de <a href=\"https:\/\/www.abc.es\/espana\/castilla-la-mancha\/toledo\/pueblos\/saltitos-duro-malo-peor-segunda-novillada-alfarero-20250903214932-nt.html\" target=\"_self\" data-voc-vtm-id=\"in-text-traffic\" title=\"Villaseca de la Sagra para la tercera del Alfarero\" data-mrf-link=\"www.abc.es\" rel=\"nofollow noopener\">Villaseca de la Sagra para la tercera del Alfarero<\/a>, muchos aficionados y profesionales no faltaron a la clase de <strong>Baltasar Ib\u00e1n<\/strong>, una interesante lecci\u00f3n que fue aprovechada por <strong>\u00c1lvaro Serrano<\/strong>, el alumno aventajado de la tarde. El madrile\u00f1o aprovech\u00f3 todo lo bueno de <strong>&#8216;Santanero&#8217;,<\/strong> un ejemplar interesante de la divisa del <strong>Cortijo Wellington<\/strong>, para convertirse en el <strong>primer gran triunfador del &#8216;Alfarero de Oro<\/strong>&#8216; tras dos tardes de sequ\u00eda. <strong>Cid de Mar\u00eda<\/strong> demostr\u00f3 el oficio que atesora con una oreja mientras que <strong>Sergio S\u00e1nchez<\/strong> no termin\u00f3 de acoplarse con ninguno de sus novillos, sin ideas con su primero y superado por un cuarto de buena nota.<\/p>\n<p class=\"voc-p\" style=\"\">\u00c1lvaro Serrano se sent\u00f3 en la primera fila de la clase que imparti\u00f3 Baltasar Ib\u00e1n y aplic\u00f3 bien la lecci\u00f3n frente a &#8216;Santanero&#8217;. El animal luci\u00f3 con claridad sus virtudes y <strong>el novillero madrile\u00f1o bas\u00f3 en el toreo fundamental una faena vibrante<\/strong> donde templ\u00f3 por momentos la sobresaliente embestida del utrero, que fue mejor siempre por derecho. A pesar de que la estocada cay\u00f3 algo baja, las <strong>dos orejas y la vuelta al ruedo<\/strong> cayeron por el peso de una petici\u00f3n mayoritaria. Solo Serrano confi\u00f3 en el sexto, convenci\u00e9ndolo para embestir a base de buscarlo sobre la diestra. Otro examen que aprob\u00f3 con aplique si se tiene en cuenta su mejor rodaje. <strong>La \u00fanica pega, la de la espada,<\/strong> que se fue baja, saludando una ovaci\u00f3n antes de abrir la Puerta Grande.<\/p>\n<p class=\"voc-p\" style=\"\"><strong>El bagaje de Cid de Mar\u00eda le hizo llegar al notable<\/strong> en una tarde muy firme y de disposici\u00f3n del alcarre\u00f1o. Aprovech\u00f3 las buenas cualidades del segundo y logr\u00f3 templar y conducir la embestida con gusto sobre todo por derecho. <strong>La buena estocada puso la oreja en su mano<\/strong>. Se mostr\u00f3 m\u00e1s t\u00e9cnico con el quinto, un ejemplar con teclas que no le dej\u00f3 estar a gusto salvo en contados derechazos de m\u00e9rito. Esta vez, la espada se fue baja y no fue a m\u00e1s.<\/p>\n<p class=\"voc-p\" style=\"\"><strong>Sergio S\u00e1nchez se qued\u00f3 lejos del aprobado<\/strong> en la tarde. Ser valiente y querer aparentarlo no lo es todo en el toreo y esa fue la sensaci\u00f3n que dej\u00f3 el extreme\u00f1o. Firme pero sin decir nada con un primero con mucho que torear y sobrepasado con un cuarto de nota alta que, tambi\u00e9n, se fue sin torear, saludando <strong>una muy generosa ovaci\u00f3n<\/strong> de sus partidarios.<\/p>\n<p class=\"voc-p\" style=\"\"><strong>FICHA<\/strong><\/p>\n<p class=\"voc-p\" style=\"\">Plaza de toros de Villaseca de la Sagra (Toledo). Dos tercios de entrada. Novillos de Baltasar Ib\u00e1n, algo justos de presentaci\u00f3n pero de interesante juego en l\u00edneas generales. Un encierro variado con dos utreros destacados; el cuarto y el tercero, \u00e9ste premiado con la vuelta al ruedo.<\/p>\n<p class=\"voc-p\" style=\"\">Sergio S\u00e1nchez (de Chenel y oro): silencio y ovaci\u00f3n. Cid de Mar\u00eda (de blanco y oro): oreja y ovaci\u00f3n. \u00c1lvaro Serrano (de azul marino y oro): dos orejas y ovaci\u00f3n.<\/p>\n<p>Reportar un error<\/p>\n","protected":false},"excerpt":{"rendered":"GABRIEL MORENO Villaseca de la Sagra (Toledo) Aunque no se llen\u00f3 el aula de Villaseca de la Sagra&hellip;\n","protected":false},"author":2,"featured_media":93579,"comment_status":"","ping_status":"","sticky":false,"template":"","format":"standard","meta":{"footnotes":""},"categories":[277],"tags":[2607,33915,33912,373,33914,168,25,24,33913,16815,16882,1515,23,167,374,13438],"class_list":{"0":"post-93578","1":"post","2":"type-post","3":"status-publish","4":"format-standard","5":"has-post-thumbnail","7":"category-toreo","8":"tag-alvaro","9":"tag-aplica","10":"tag-baltasar","11":"tag-bullfighting","12":"tag-catedra","13":"tag-deportes","14":"tag-es","15":"tag-espana","16":"tag-iban","17":"tag-imparte","18":"tag-leccion","19":"tag-serrano","20":"tag-spain","21":"tag-sports","22":"tag-toreo","23":"tag-villaseca"},"share_on_mastodon":{"url":"","error":""},"_links":{"self":[{"href":"https:\/\/www.europesays.com\/es\/wp-json\/wp\/v2\/posts\/93578","targetHints":{"allow":["GET"]}}],"collection":[{"href":"https:\/\/www.europesays.com\/es\/wp-json\/wp\/v2\/posts"}],"about":[{"href":"https:\/\/www.europesays.com\/es\/wp-json\/wp\/v2\/types\/post"}],"author":[{"embeddable":true,"href":"https:\/\/www.europesays.com\/es\/wp-json\/wp\/v2\/users\/2"}],"replies":[{"embeddable":true,"href":"https:\/\/www.europesays.com\/es\/wp-json\/wp\/v2\/comments?post=93578"}],"version-history":[{"count":0,"href":"https:\/\/www.europesays.com\/es\/wp-json\/wp\/v2\/posts\/93578\/revisions"}],"wp:featuredmedia":[{"embeddable":true,"href":"https:\/\/www.europesays.com\/es\/wp-json\/wp\/v2\/media\/93579"}],"wp:attachment":[{"href":"https:\/\/www.europesays.com\/es\/wp-json\/wp\/v2\/media?parent=93578"}],"wp:term":[{"taxonomy":"category","embeddable":true,"href":"https:\/\/www.europesays.com\/es\/wp-json\/wp\/v2\/categories?post=93578"},{"taxonomy":"post_tag","embeddable":true,"href":"https:\/\/www.europesays.com\/es\/wp-json\/wp\/v2\/tags?post=93578"}],"curies":[{"name":"wp","href":"https:\/\/api.w.org\/{rel}","templated":true}]}}