{"id":93603,"date":"2025-09-04T20:21:13","date_gmt":"2025-09-04T20:21:13","guid":{"rendered":"https:\/\/www.europesays.com\/es\/93603\/"},"modified":"2025-09-04T20:21:13","modified_gmt":"2025-09-04T20:21:13","slug":"las-sustancias-quimicas-de-cigarrillos-y-otras-toxinas-ambientales-incrementan-el-riesgo-de-cancer-de-pancreas","status":"publish","type":"post","link":"https:\/\/www.europesays.com\/es\/93603\/","title":{"rendered":"Las sustancias qu\u00edmicas de cigarrillos y otras toxinas ambientales incrementan el riesgo de c\u00e1ncer de p\u00e1ncreas"},"content":{"rendered":"<p class=\"mostrar-fragmento\">Hay suficiente evidencia cient\u00edfica de que el tabaquismo supone un factor de riesgo para el adenocarcinoma de p\u00e1ncreas (PDAC), sin embargo, todav\u00eda existen muchas lagunas de conocimiento en la materia. Es por ello que cient\u00edficos del\u00a0Centro de C\u00e1ncer Rogel de la Facultad de Medicina de la Universidad de Michigan (EEUU) &#8230;            &#13;\n        <\/p>\n<p> &#13;<br \/>\n&#13;<\/p>\n<p>Hay suficiente evidencia cient\u00edfica de que el<strong> tabaquismo supone un factor de riesgo para el adenocarcinoma de p\u00e1ncreas (PDAC)<\/strong>, sin embargo, todav\u00eda existen muchas lagunas de conocimiento en la materia. Es por ello que cient\u00edficos del\u00a0Centro de C\u00e1ncer Rogel de la Facultad de Medicina de la Universidad de Michigan (EEUU) han llevado a cabo una investigaci\u00f3n con el objetivo de <strong>adentrarse en el mecanismo subyacente que promueve la tumorog\u00e9nesis y la progresi\u00f3n de este c\u00e1ncer.<\/strong><\/p>\n<p>Los resultados del estudio, publicados recientemente en la revista &#8216;Cancer Discovery&#8217;,\u00a0demuestran que ciertas sustancias presentes en el humo del cigarrillo, como el carcin\u00f3geno 2,3,7,8-tetraclorodibenzo-p-dioxina (TCDD), promueven la displasia pancre\u00e1tica y la progresi\u00f3n del PDAC en un modelo murino de esta enfermedad. Posteriormente, <strong>confirmaron sus resultados en c\u00e9lulas inmunes humanas <\/strong>y tambi\u00e9n en las de pacientes con c\u00e1ncer de p\u00e1ncreas.<\/p>\n<p>Los investigadores comenzaron administrando una sustancia qu\u00edmica presente en los cigarrillos y otras toxinas ambientales a ratones que ten\u00edan tumores pancre\u00e1ticos.\u00a0Estaban buscando ver qu\u00e9 impacto tendr\u00eda esto en la interleucina-22, o IL22.\u00a0A partir de all\u00ed, descubrieron <strong>un papel de las c\u00e9lulas inmunes reguladoras de T productoras de IL22,<\/strong> un tipo de c\u00e9lula que anteriormente hab\u00eda sido implicada en trastornos autoinmunes pero no en el c\u00e1ncer de p\u00e1ncreas. Estas c\u00e9lulas T reguladoras tienen la capacidad de producir IL22, pero tambi\u00e9n de suprimir dr\u00e1sticamente cualquier inmunidad antitumoral.<\/p>\n<p>\u00abEs un ataque doble. Al eliminar todas las c\u00e9lulas Treg de estos ratones, revertimos por completo la capacidad del compuesto qu\u00edmico del cigarrillo para permitir el crecimiento del tumor\u00bb, seg\u00fan explic\u00f3 el <strong>Dr. Timothy L. Frankel,<\/strong> codirector del Centro Rogel y Blondy para el C\u00e1ncer de P\u00e1ncreas y profesor de Oncolog\u00eda Quir\u00fargica Maud T. Lane en Michigan Medicine.<\/p>\n<p> &#13;<\/p>\n<p>Los resultados del estudio sugieren la <strong>necesidad de un tratamiento personalizado<\/strong> en funci\u00f3n de la exposici\u00f3n de los pacientes al humo del cigarrillo.\u00a0\u00abExiste la posibilidad de que necesitemos tratar de manera diferente a los fumadores que desarrollan c\u00e1ncer de p\u00e1ncreas\u00bb, seg\u00fan el Dr. Frankel.<\/p>\n<p>Los autores consideran que tambi\u00e9n podr\u00eda necesitarse\u00a0 realizar pruebas de detecci\u00f3n m\u00e1s exhaustivas a los fumadores para detectar el desarrollo de c\u00e1ncer de p\u00e1ncreas. \u00abNo existe un sistema de detecci\u00f3n eficaz, pero se debe informar a las personas fumadoras sobre los s\u00edntomas a los que deben prestar atenci\u00f3n y considerar derivarlas a una cl\u00ednica de alto riesgo\u00bb, indic\u00f3 el referido investigador.\u00a0<\/p>\n<p>En definitiva, \u00ablas personas con antecedentes familiares de c\u00e1ncer de p\u00e1ncreas o con otras enfermedades inflamatorias pancre\u00e1ticas deben evitar fumar\u00bb, concluyeron los autores.<\/p>\n<p>&#13;<br \/>\n            SEGUIR LEYENDO&#13;\n        <\/p>\n","protected":false},"excerpt":{"rendered":"Hay suficiente evidencia cient\u00edfica de que el tabaquismo supone un factor de riesgo para el adenocarcinoma de p\u00e1ncreas&hellip;\n","protected":false},"author":2,"featured_media":93604,"comment_status":"","ping_status":"","sticky":false,"template":"","format":"standard","meta":{"footnotes":""},"categories":[92],"tags":[12543,371,20231,1066,8645,33924,4221,33925,25,24,1076,2003,14987,165,7610,33923,2181,21412,1817,19564,33926,33927,13359,8392,15287,33921,1288,166,23,8634,33922,1064],"class_list":{"0":"post-93603","1":"post","2":"type-post","3":"status-publish","4":"format-standard","5":"has-post-thumbnail","7":"category-salud","8":"tag-adenocarcinoma","9":"tag-ahi","10":"tag-ambientales","11":"tag-cancer","12":"tag-ciertas","13":"tag-cigarrillo","14":"tag-cigarrillos","15":"tag-displasia","16":"tag-es","17":"tag-espana","18":"tag-estos","19":"tag-exposicion","20":"tag-funcion","21":"tag-health","22":"tag-humo","23":"tag-incrementan","24":"tag-necesidad","25":"tag-otras","26":"tag-pacientes","27":"tag-pancreas","28":"tag-pancreatica","29":"tag-personalizado","30":"tag-presentes","31":"tag-progresion","32":"tag-promueven","33":"tag-quimicas","34":"tag-riesgo","35":"tag-salud","36":"tag-spain","37":"tag-sustancias","38":"tag-toxinas","39":"tag-tratamiento"},"share_on_mastodon":{"url":"","error":""},"_links":{"self":[{"href":"https:\/\/www.europesays.com\/es\/wp-json\/wp\/v2\/posts\/93603","targetHints":{"allow":["GET"]}}],"collection":[{"href":"https:\/\/www.europesays.com\/es\/wp-json\/wp\/v2\/posts"}],"about":[{"href":"https:\/\/www.europesays.com\/es\/wp-json\/wp\/v2\/types\/post"}],"author":[{"embeddable":true,"href":"https:\/\/www.europesays.com\/es\/wp-json\/wp\/v2\/users\/2"}],"replies":[{"embeddable":true,"href":"https:\/\/www.europesays.com\/es\/wp-json\/wp\/v2\/comments?post=93603"}],"version-history":[{"count":0,"href":"https:\/\/www.europesays.com\/es\/wp-json\/wp\/v2\/posts\/93603\/revisions"}],"wp:featuredmedia":[{"embeddable":true,"href":"https:\/\/www.europesays.com\/es\/wp-json\/wp\/v2\/media\/93604"}],"wp:attachment":[{"href":"https:\/\/www.europesays.com\/es\/wp-json\/wp\/v2\/media?parent=93603"}],"wp:term":[{"taxonomy":"category","embeddable":true,"href":"https:\/\/www.europesays.com\/es\/wp-json\/wp\/v2\/categories?post=93603"},{"taxonomy":"post_tag","embeddable":true,"href":"https:\/\/www.europesays.com\/es\/wp-json\/wp\/v2\/tags?post=93603"}],"curies":[{"name":"wp","href":"https:\/\/api.w.org\/{rel}","templated":true}]}}