{"id":93630,"date":"2025-09-04T20:37:10","date_gmt":"2025-09-04T20:37:10","guid":{"rendered":"https:\/\/www.europesays.com\/es\/93630\/"},"modified":"2025-09-04T20:37:10","modified_gmt":"2025-09-04T20:37:10","slug":"jorge-javier-vazquez-se-somente-a-una-cirugia-estetica-antes-de-volver-a-la-television","status":"publish","type":"post","link":"https:\/\/www.europesays.com\/es\/93630\/","title":{"rendered":"Jorge Javier V\u00e1zquez se somente a una cirug\u00eda est\u00e9tica antes de volver a la televisi\u00f3n"},"content":{"rendered":"<p><img decoding=\"async\" class=\"voc-author__img\" src=\"https:\/\/www.europesays.com\/es\/wp-content\/uploads\/2025\/08\/autor-6797-foto-1.png\" alt=\"Daniella Bejarano\"\/><\/p>\n<p>04\/09\/2025<br \/>\n<br \/><strong><br \/>\nActualizado a las 19:01h.<br \/>\n<\/strong><\/p>\n<p class=\"voc-p\" style=\"\">Tras volver de sus vacaciones en Tailandia, <a href=\"https:\/\/www.abc.es\/play\/television\/noticias\/jorge-javier-vazquez-empatiza-estremecedor-testimonio-madre-20250121165811-nt.html\" target=\"_self\" data-voc-vtm-id=\"in-text-traffic\" title=\"Jorge Javier V\u00e1zquez\" data-mrf-link=\"www.abc.es\" rel=\"nofollow noopener\">Jorge Javier V\u00e1zquez<\/a> (55 a\u00f1os) est\u00e1 <strong>listo para regresar<\/strong> a la televisi\u00f3n. El presentador vuelve a ponerse al frente de la segunda edici\u00f3n de &#8216;Supervivientes All Stars&#8217;, uno de los grandes estrenos de Telecinco en esta nueva temporada. Sin embargo, su regreso viene acompa\u00f1ado de una sorpresa que ha generado gran expectaci\u00f3n: su reciente <strong>paso por el quir\u00f3fano.<\/strong><\/p>\n<p class=\"voc-p\" style=\"\">Durante el verano, el comunicador comparti\u00f3 pocas im\u00e1genes en sus redes sociales. En una de ellas, desde el agua y se\u00f1alando un barco, escrib\u00eda: \u00abBienvenidos\u00bb, dejando ver que disfrutaba de unos d\u00edas de descanso en el sudeste asi\u00e1tico. Tambi\u00e9n celebr\u00f3 all\u00ed su 55 cumplea\u00f1os el pasado 25 de julio, con un mensaje cargado de iron\u00eda: \u00ab55 a\u00f1os. La edad de Cristo\u00bb. Pero tras esas publicaciones, Jorge Javier desapareci\u00f3 de la esfera digital.<\/p>\n<p class=\"voc-p\" style=\"\">Seg\u00fan ha adelantado la revista &#8216;Semana&#8217;, el televisivo habr\u00eda aprovechado su tiempo libre para someterse a una <strong>\u00abremodelaci\u00f3n facial total\u00bb<\/strong>. \u00abEl resultado es impresionante\u00bb, aseguran fuentes cercanas al presentador al citado medio. Al parecer, la intervenci\u00f3n est\u00e9tica se realiz\u00f3 a su vuelta de Tailandia y ser\u00eda el motivo por el que Jorge Javier <strong>no acudi\u00f3 al FesTVal de Vitoria<\/strong>, donde Telecinco present\u00f3 sus novedades de temporada.<\/p>\n<p class=\"voc-p\" style=\"\">No es la primera vez que el rostro m\u00e1s emblem\u00e1tico de Mediaset apuesta por la cirug\u00eda est\u00e9tica. Ya <strong>en 2023 se someti\u00f3 a una blefaroplastia<\/strong> para corregir sus p\u00e1rpados y lleg\u00f3 a presentar programas con gafas de sol durante el postoperatorio. En su propio blog en &#8216;Lecturas&#8217;, lleg\u00f3 a bromear sobre lo mucho que disfruta de estas experiencias: \u00abA m\u00ed es que me dicen de hacerme una operaci\u00f3n de est\u00e9tica y me dan una alegr\u00eda que &#8216;pa qu\u00e9&#8217;, porque pensar en la anestesia y ponerme cachondo es todo uno\u00bb.<\/p>\n<p><img decoding=\"async\" loading=\"lazy\" src=\"https:\/\/www.europesays.com\/es\/wp-content\/uploads\/2025\/09\/supervivientes-all-star-U05575046557Okv-760x427@diario_abc.jpg\" class=\"voc-img\" width=\"760\" height=\"427\" alt=\"Jorge Javier V\u00e1zquez se somente a una cirug\u00eda est\u00e9tica antes de volver a la televisi\u00f3n\" data-voc-vtm-id=\"in-text-traffic\"\/><\/p>\n<p>GTRES<\/p>\n<p class=\"voc-p\" style=\"\">Ahora, con su nuevo aspecto a punto de ver la luz, Jorge Javier se prepara para capitanear la nueva edici\u00f3n de Supervivientes All Stars, donde volver\u00e1 a compartir protagonismo con Sandra Barneda desde plat\u00f3 y con Laura Madrue\u00f1o desde los Cayos Cochinos. Entre los concursantes destacan nombres como Adara Molinero, Gloria Camila, Fani Carbajo o Tony Spina, lo que asegura una edici\u00f3n cargada de emoci\u00f3n y enfrentamientos televisivos.<\/p>\n<p>Reportar un error<\/p>\n","protected":false},"excerpt":{"rendered":"04\/09\/2025 Actualizado a las 19:01h. Tras volver de sus vacaciones en Tailandia, Jorge Javier V\u00e1zquez (55 a\u00f1os) est\u00e1&hellip;\n","protected":false},"author":2,"featured_media":93631,"comment_status":"","ping_status":"","sticky":false,"template":"","format":"standard","meta":{"footnotes":""},"categories":[174],"tags":[255,9931,146,147,25,24,5696,256,5264,2224,33929,23,807,5783,865],"class_list":{"0":"post-93630","1":"post","2":"type-post","3":"status-publish","4":"format-standard","5":"has-post-thumbnail","7":"category-famosos","8":"tag-celebrities","9":"tag-cirugia","10":"tag-entertainment","11":"tag-entretenimiento","12":"tag-es","13":"tag-espana","14":"tag-estetica","15":"tag-famosos","16":"tag-javier","17":"tag-jorge","18":"tag-somente","19":"tag-spain","20":"tag-television","21":"tag-vazquez","22":"tag-volver"},"share_on_mastodon":{"url":"","error":""},"_links":{"self":[{"href":"https:\/\/www.europesays.com\/es\/wp-json\/wp\/v2\/posts\/93630","targetHints":{"allow":["GET"]}}],"collection":[{"href":"https:\/\/www.europesays.com\/es\/wp-json\/wp\/v2\/posts"}],"about":[{"href":"https:\/\/www.europesays.com\/es\/wp-json\/wp\/v2\/types\/post"}],"author":[{"embeddable":true,"href":"https:\/\/www.europesays.com\/es\/wp-json\/wp\/v2\/users\/2"}],"replies":[{"embeddable":true,"href":"https:\/\/www.europesays.com\/es\/wp-json\/wp\/v2\/comments?post=93630"}],"version-history":[{"count":0,"href":"https:\/\/www.europesays.com\/es\/wp-json\/wp\/v2\/posts\/93630\/revisions"}],"wp:featuredmedia":[{"embeddable":true,"href":"https:\/\/www.europesays.com\/es\/wp-json\/wp\/v2\/media\/93631"}],"wp:attachment":[{"href":"https:\/\/www.europesays.com\/es\/wp-json\/wp\/v2\/media?parent=93630"}],"wp:term":[{"taxonomy":"category","embeddable":true,"href":"https:\/\/www.europesays.com\/es\/wp-json\/wp\/v2\/categories?post=93630"},{"taxonomy":"post_tag","embeddable":true,"href":"https:\/\/www.europesays.com\/es\/wp-json\/wp\/v2\/tags?post=93630"}],"curies":[{"name":"wp","href":"https:\/\/api.w.org\/{rel}","templated":true}]}}