{"id":9365,"date":"2025-07-28T12:58:07","date_gmt":"2025-07-28T12:58:07","guid":{"rendered":"https:\/\/www.europesays.com\/es\/9365\/"},"modified":"2025-07-28T12:58:07","modified_gmt":"2025-07-28T12:58:07","slug":"arranca-la-esperada-vuelta-a-zamora-2025-con-una-exigente-contrarreloj-de-17-kilometros-en-benavente","status":"publish","type":"post","link":"https:\/\/www.europesays.com\/es\/9365\/","title":{"rendered":"Arranca la esperada Vuelta a Zamora 2025 con una exigente contrarreloj de 17 kil\u00f3metros en Benavente"},"content":{"rendered":"<p class=\"paragraph-atom &#10;        A-500-300-700-N A-550-300-700-N--md  \">Benavente ser\u00e1 la capital del ciclismo nacional este lunes, con la disputa de la Vuelta a Zamora 2025. La ansiada cita arrancar\u00e1 con una contrarreloj individual de 17 kil\u00f3metros. La salida tendr\u00e1 lugar a las 18:00 horas desde la zona del Toril y la meta se ubicar\u00e1 en la Plaza de la Madera, atravesando puntos ic\u00f3nicos como el Puente de Hierro y la Carretera del Caracol.<\/p>\n<p class=\"paragraph-atom &#10;        A-500-300-700-N A-550-300-700-N--md  \">La prueba, organizada por el Club Ciclista Cadalsa con el respaldo de la Diputaci\u00f3n de Zamora, est\u00e1 dirigida a corredores de categor\u00eda \u00e9lite y sub-23. Con m\u00e1s de 20 equipos de todo el pa\u00eds confirmados, la competici\u00f3n se consolida como una de las m\u00e1s relevantes del calendario ciclista espa\u00f1ol en su categor\u00eda.<\/p>\n<p class=\"paragraph-atom &#10;        A-500-300-700-N A-550-300-700-N--md  \">Uno de los puntos m\u00e1s esperados del recorrido ser\u00e1 la subida por la Cuesta del R\u00edo, con rampas del 7 % de desnivel, que supondr\u00e1 un verdadero reto f\u00edsico y t\u00e9cnico para los participantes. Este tramo final puede marcar las primeras diferencias significativas en la clasificaci\u00f3n general, convirtiendo la etapa en un aut\u00e9ntico filtro desde el inicio.<\/p>\n<p class=\"paragraph-atom &#10;        A-500-300-700-N A-550-300-700-N--md  \">El recorrido combina tramos urbanos y carretera nacional, lo que a\u00f1ade un plus de dificultad y espect\u00e1culo para corredores y aficionados. Para garantizar el desarrollo seguro de la prueba, la Polic\u00eda Local y Protecci\u00f3n Civil coordinar\u00e1n un dispositivo especial de tr\u00e1fico y seguridad, con la colaboraci\u00f3n de voluntarios de los clubs ciclistas de la ciudad.<\/p>\n","protected":false},"excerpt":{"rendered":"Benavente ser\u00e1 la capital del ciclismo nacional este lunes, con la disputa de la Vuelta a Zamora 2025.&hellip;\n","protected":false},"author":2,"featured_media":9366,"comment_status":"","ping_status":"","sticky":false,"template":"","format":"standard","meta":{"footnotes":""},"categories":[273],"tags":[45,5881,313,312,168,25,24,6994,23,167,1357,2946],"class_list":{"0":"post-9365","1":"post","2":"type-post","3":"status-publish","4":"format-standard","5":"has-post-thumbnail","7":"category-ciclismo","8":"tag-45","9":"tag-arranca","10":"tag-ciclismo","11":"tag-cycling","12":"tag-deportes","13":"tag-es","14":"tag-espana","15":"tag-esperada","16":"tag-spain","17":"tag-sports","18":"tag-vuelta","19":"tag-zamora"},"share_on_mastodon":{"url":"","error":""},"_links":{"self":[{"href":"https:\/\/www.europesays.com\/es\/wp-json\/wp\/v2\/posts\/9365","targetHints":{"allow":["GET"]}}],"collection":[{"href":"https:\/\/www.europesays.com\/es\/wp-json\/wp\/v2\/posts"}],"about":[{"href":"https:\/\/www.europesays.com\/es\/wp-json\/wp\/v2\/types\/post"}],"author":[{"embeddable":true,"href":"https:\/\/www.europesays.com\/es\/wp-json\/wp\/v2\/users\/2"}],"replies":[{"embeddable":true,"href":"https:\/\/www.europesays.com\/es\/wp-json\/wp\/v2\/comments?post=9365"}],"version-history":[{"count":0,"href":"https:\/\/www.europesays.com\/es\/wp-json\/wp\/v2\/posts\/9365\/revisions"}],"wp:featuredmedia":[{"embeddable":true,"href":"https:\/\/www.europesays.com\/es\/wp-json\/wp\/v2\/media\/9366"}],"wp:attachment":[{"href":"https:\/\/www.europesays.com\/es\/wp-json\/wp\/v2\/media?parent=9365"}],"wp:term":[{"taxonomy":"category","embeddable":true,"href":"https:\/\/www.europesays.com\/es\/wp-json\/wp\/v2\/categories?post=9365"},{"taxonomy":"post_tag","embeddable":true,"href":"https:\/\/www.europesays.com\/es\/wp-json\/wp\/v2\/tags?post=9365"}],"curies":[{"name":"wp","href":"https:\/\/api.w.org\/{rel}","templated":true}]}}