{"id":93664,"date":"2025-09-04T20:56:05","date_gmt":"2025-09-04T20:56:05","guid":{"rendered":"https:\/\/www.europesays.com\/es\/93664\/"},"modified":"2025-09-04T20:56:05","modified_gmt":"2025-09-04T20:56:05","slug":"vuelta-a-espana-jonas-vingegaard-seria-un-sueno-ganar-en-el-angliru-ciclismo","status":"publish","type":"post","link":"https:\/\/www.europesays.com\/es\/93664\/","title":{"rendered":"Vuelta a Espa\u00f1a: Jonas Vingegaard: &quot;Ser\u00eda un sue\u00f1o ganar en el Angliru&quot; &#8211; Ciclismo"},"content":{"rendered":"<ol>\n<li><a href=\"https:\/\/news.google.com\/rss\/articles\/CBMiakFVX3lxTE1IWFBmMVN0b29lOGFTWGF3VFlva3ZfMllieEFCRmN3MGxpOGdhcm5BQno3TUFTMXBCeDNUZDNsVFZLWVNHTnV4STNBQzAwZnB2VV9qN0xNUy1WdmYyRjlfT3RWOGdRSkYzb3c?oc=5\" target=\"_blank\" rel=\"nofollow noopener\">Vuelta a Espa\u00f1a: Jonas Vingegaard: \u00abSer\u00eda un sue\u00f1o ganar en el Angliru\u00bb<\/a>&nbsp;&nbsp;Ciclismo<\/li>\n<li><a href=\"https:\/\/news.google.com\/rss\/articles\/CBMisgFBVV95cUxPWTgyWFZIMDEyTVlfakdVbE9vQUprN1FJWXlpemhkanBXNDV6bXFERzVYNUV2Ymp4TGswQUF3blBpYm1zbjdZMWJ2bUJCYmloUDZDSUFzMkoyMUV1T2llWE5DY2xiVTlyTkhVd193cjFGN2o5ZEZkWDItRmFEdnFtTklIQzVpQzRYTXBWMElLVDF3ZWxKbFFEdUU2V2ZsVkNkS0M1bmFKdjJPcklYZVdGZnVB0gGyAUFVX3lxTE9ZTzBQbHctWVBuRTVtQnJIbG9aTmJ1REY1Wkt6TkxmeFZ3NDhoaG4xRkpoaXFaWXR5ajlLRWhLc3pZWk9YLUlORExWN3NERjdIeGxESm5SR3RaTVZHQnMzM19NbThMR05vTFN3Y1VpM21zUUdpZ3FhUnNhc2VJcFVjMVB1eWVIa29LOWlzenNGS3FKV2YxcmZVWFZyMENwbFZPYmpxaW10NGFRVDUxdk9HSVE?oc=5\" target=\"_blank\" rel=\"nofollow noopener\">Perfil, recorrido, hora y d\u00f3nde ver la Etapa 13 de la Vuelta a Espa\u00f1a entre Cabez\u00f3n de la Sal y el Alto de L&#8217;Angliru<\/a>&nbsp;&nbsp;RTVE.es<\/li>\n<li><a href=\"https:\/\/news.google.com\/rss\/articles\/CBMi2gFBVV95cUxQdFpaa2dRb2pkN0NIWVJhY0tvYVlMck4zOG85dW1rSkRMemF2cVRyY2lyMElsbzdPZUVac3pjalFJSjBtRnlyQ1ZXa0gzVDF5NTdJT1lCdllsN1BQbWp4Z0c0VEVYNUFTOE5ib1l3N21aNWVGN2wxc2pONlFrYXJhVVdLZGczRlJBX3dsYmx2UGMwTWRGSHdrS3kwdklWY2xVekpfdk5ROUNlZWN5bVdRbTcyZkxmQXpjU2NZTVZQbWFIWmNsTzAySUQzVlhpbHVWdlhkWndRTGxSd9IB3wFBVV95cUxNeUtrNlVVNFpVbmdBX0lkWnBBTTZMYVhBN2FDek9qMXlBTnE1aVc1ZzVCbG41cUZSdkV1QkNoSHgzaHI5ak15UU5MZlRMc0lrWVJZelg3dVJuX1Nza1U4MjRNakpHU0YyWnRsSHpVNlFfNUVWNnRoUm9CdmJSVUlxWDN6cEM0ZVRheTVSbnVHTzlEV2hqZDZCT3Q3ZnB6Q1haRnpMUjRMdGtUdjBBQ1RlLTVwTHdGWW8taFBRdTFtSFZ5dDREWFBPZE5ydHNvdUk3d29WRnBDczVYZEJXQUhN?oc=5\" target=\"_blank\" rel=\"nofollow noopener\">La Vuelta a Espa\u00f1a 2025: horarios, cortes de tr\u00e1fico y de acceso a L&#8217;Angliru<\/a>&nbsp;&nbsp;El Confidencial<\/li>\n<li><a href=\"https:\/\/news.google.com\/rss\/articles\/CBMi4gFBVV95cUxOa2VDajJyZ3lIdEROM1EyRFR0eE1nSERiel8xNXVMNXJFZ180M25kZWxEeDdhc0FCUklBd1ZEempHV2kzcUxodmtSOFdKMlZ3Rmp4VUs3d2pBYTlZdFJjUXo2c3JLNGQyVkVlWTJ5RHI3X045RjdyTWNJM21EVEljcHdYNWVhVGQzTVhyd1VOWmg5OVVxUEozQXB6bTcxSTFua1JfbVNucTExY2pRdmpOUVMyblY3akhtS2VNT2JPT25TSUo1Z0tDZC1mU1JmN3dVYUNDcXpLRzdCY2l0QXpaN1hn0gH2AUFVX3lxTE9VaTVRSmxuSzlKNldRQXJac1Zzb1hGUjI1eWlIN1FqVDRraWNsVjczU3VBRlJKVGxuWmFSR1U3TGd5bDNVT1RMcWhocExRTkJuQ29KbVF1MVJUdFUyaDlSYkRFeTZ0M2NMR0JMX0t3QUZKYjJKM29fakZOYUE5QVdjeDc1WG5sd3dzYmNQb3I4SUgwd1lfRG11ZktscTVid3VsVDdGMmhxd1IzSHBzb3ppd05jOUhFM2NGd2w1LXE4QzNBdFFWLTd1UW1qMjdEc1RpZkxzT1Nfanl5WXVYT3lVU05QQnF5ODVIbjlxek9yZWxCWUs5QQ?oc=5\" target=\"_blank\" rel=\"nofollow noopener\">\u00bfC\u00f3mo son las etapas asturianas de La Vuelta? Nos las detalla el oro ol\u00edmpico Samuel S\u00e1nchez<\/a>&nbsp;&nbsp;Cadena SER<\/li>\n<li><a href=\"https:\/\/news.google.com\/rss\/articles\/CBMiqAFBVV95cUxPZzctSktLUW9pandNRXZvd1dSbm1WOEduWi1YSV9UYS0tYWkzc2Nvd3N1TzBsMjZXNi1TSzJheVJ4M1BMYzQxLW0zSVh1XzRKSGdzWG9WN1lmeUk5eFJwMFplS1MwNklUWWktQ3Z0czdUUFh6UHN2Q3VFZC1DWHc4aTZ3RHNiQlhxaGlMQTRsYk5xZHVuTHlyNHBRYVZFeW9TX1V5dl9VZE8?oc=5\" target=\"_blank\" rel=\"nofollow noopener\">La Vuelta a Espa\u00f1a llega a l&#8217;Angliru ma\u00f1ana viernes: horario, recorrido y por qu\u00e9 municipios pasa la etapa 13 en Cantabria y Asturias<\/a>&nbsp;&nbsp;Las Provincias<\/li>\n<\/ol>\n","protected":false},"excerpt":{"rendered":"Vuelta a Espa\u00f1a: Jonas Vingegaard: \u00abSer\u00eda un sue\u00f1o ganar en el Angliru\u00bb&nbsp;&nbsp;Ciclismo Perfil, recorrido, hora y d\u00f3nde ver&hellip;\n","protected":false},"author":2,"featured_media":93665,"comment_status":"","ping_status":"","sticky":false,"template":"","format":"standard","meta":{"footnotes":""},"categories":[273],"tags":[3586,323,313,1757,312,7423,168,158,25,24,324,322,5564,23,167,325,321,1357],"class_list":{"0":"post-93664","1":"post","2":"type-post","3":"status-publish","4":"format-standard","5":"has-post-thumbnail","7":"category-ciclismo","8":"tag-actual","9":"tag-bike","10":"tag-ciclismo","11":"tag-ciclista","12":"tag-cycling","13":"tag-danes","14":"tag-deportes","15":"tag-el","16":"tag-es","17":"tag-espana","18":"tag-jonas","19":"tag-lease","20":"tag-lider","21":"tag-spain","22":"tag-sports","23":"tag-vingegaard","24":"tag-visma","25":"tag-vuelta"},"share_on_mastodon":{"url":"","error":""},"_links":{"self":[{"href":"https:\/\/www.europesays.com\/es\/wp-json\/wp\/v2\/posts\/93664","targetHints":{"allow":["GET"]}}],"collection":[{"href":"https:\/\/www.europesays.com\/es\/wp-json\/wp\/v2\/posts"}],"about":[{"href":"https:\/\/www.europesays.com\/es\/wp-json\/wp\/v2\/types\/post"}],"author":[{"embeddable":true,"href":"https:\/\/www.europesays.com\/es\/wp-json\/wp\/v2\/users\/2"}],"replies":[{"embeddable":true,"href":"https:\/\/www.europesays.com\/es\/wp-json\/wp\/v2\/comments?post=93664"}],"version-history":[{"count":0,"href":"https:\/\/www.europesays.com\/es\/wp-json\/wp\/v2\/posts\/93664\/revisions"}],"wp:featuredmedia":[{"embeddable":true,"href":"https:\/\/www.europesays.com\/es\/wp-json\/wp\/v2\/media\/93665"}],"wp:attachment":[{"href":"https:\/\/www.europesays.com\/es\/wp-json\/wp\/v2\/media?parent=93664"}],"wp:term":[{"taxonomy":"category","embeddable":true,"href":"https:\/\/www.europesays.com\/es\/wp-json\/wp\/v2\/categories?post=93664"},{"taxonomy":"post_tag","embeddable":true,"href":"https:\/\/www.europesays.com\/es\/wp-json\/wp\/v2\/tags?post=93664"}],"curies":[{"name":"wp","href":"https:\/\/api.w.org\/{rel}","templated":true}]}}