{"id":93692,"date":"2025-09-04T21:11:09","date_gmt":"2025-09-04T21:11:09","guid":{"rendered":"https:\/\/www.europesays.com\/es\/93692\/"},"modified":"2025-09-04T21:11:09","modified_gmt":"2025-09-04T21:11:09","slug":"el-terremoto-de-afganistan-el-mas-letal-en-las-ultimas-decadas-supera-ya-los-2-200-muertos","status":"publish","type":"post","link":"https:\/\/www.europesays.com\/es\/93692\/","title":{"rendered":"El terremoto de Afganist\u00e1n, el m\u00e1s letal en las \u00faltimas d\u00e9cadas, supera ya los 2.200 muertos"},"content":{"rendered":"<p class=\"c-paragraph\">La cifra de muertos en el <b>terremoto de <a href=\"https:\/\/www.20minutos.es\/tags\/lugares\/afganistan.html\" rel=\"nofollow noopener\" target=\"_blank\">Afganist\u00e1n<\/a><\/b><a href=\"\"> <\/a>registrado el pasado domingo en el este del pa\u00eds<b> alcanz\u00f3 este jueves las 2.205 personas,<\/b> convirti\u00e9ndose en el se\u00edsmo m\u00e1s letal de las \u00faltimas d\u00e9cadas en territorio afgano.\u00a0<\/p>\n<p class=\"c-paragraph\">Los <b>talibanes <\/b>elevaron este jueves el n\u00famero de fallecidos a esa cifra e informaron de que 3.640 personas resultaron heridas en el se\u00edsmo.\u00a0<\/p>\n<p class=\"c-paragraph\">El Gobierno de facto de Afganist\u00e1n indic\u00f3 que <b>las labores de rescate continuaron cuatro d\u00edas despu\u00e9s del terremoto<\/b>, aunque la esperanza de hallar a personas con vida debajo de los escombros es cada vez m\u00e1s escasa y los esfuerzos se centran ahora en la llegada de ayuda humanitaria a los afectados que, en muchas ocasiones, se han quedado desamparados y sin hogar.\u00a0<\/p>\n<p class=\"c-paragraph\">Anteriormente, el Consejo Noruego para los Refugiados (NRC) hab\u00eda advertido que el terremoto ha golpeado a<b> un pa\u00eds \u00abal l\u00edmite\u00bb, <\/b>que arrastra m\u00faltiples crisis humanitarias desde hace d\u00e9cadas, con sus recursos locales desbordados y una financiaci\u00f3n insuficiente para hacer frente a una emergencia de la escala del se\u00edsmo que afect\u00f3 principalmente a la remota provincia de Kunar y a otras regiones cercanas, en la frontera con Pakist\u00e1n.\u00a0<\/p>\n<p class=\"c-paragraph\">El terremoto del pasado domingo <b>es el m\u00e1s grave que ha sufrido Afganist\u00e1n en las \u00faltimas d\u00e9cadas<\/b>, superando al ocurrido en octubre de 2023 en la provincia occidental de Herat, donde murieron m\u00e1s de 1.500 personas, seg\u00fan las cifras del Gobierno talib\u00e1n.\u00a0<\/p>\n<p>El pa\u00eds, al l\u00edmite\u00a0<\/p>\n<p class=\"c-paragraph\">Los equipos m\u00e9dicos desplegados en la zona cero del se\u00edsmo se enfrentan desde el domingo a un flujo incesante de fracturas de cr\u00e1neo, espaldas rotas y miembros aplastados, con recursos m\u00ednimos y con accesos pr\u00e1cticamente imposibles a las aldeas donde se encuentran<b> los heridos de mayor gravedad.\u00a0<\/b><\/p>\n<p class=\"c-paragraph\">Este jueves,<b> un nuevo sismo de magnitud 4,7 afect\u00f3 a la zona castigada <\/b>por el primer terremoto sin que por el momento se haya reportado su alcance en t\u00e9rminos de p\u00e9rdidas de vidas humanas.\u00a0<\/p>\n<p class=\"c-paragraph\">El terremoto ha puesto al l\u00edmite la capacidad operativa del r\u00e9gimen talib\u00e1n, que ha desplegado en la zona a su principal recurso, sus soldados. En los puntos <b>donde el Estado no ha sido a\u00fan capaz de llegar,<\/b> la sociedad civil ha comenzado a organizarse, con voluntarios caminando durante horas para llegar a la zona cero del terremoto, supliendo al mermado personal t\u00e9cnico y de emergencias, que abandon\u00f3 el pa\u00eds masivamente en 2021, cuando los fundamentalistas retomaron el poder en Kabul.\u00a0<\/p>\n<p class=\"c-paragraph\">Por su parte, el ministro de Asuntos Exteriores afgano, Mawlawi Amir Khan Muttaqi, ha mantenido conversaciones telef\u00f3nicas con los cancilleres de sus vecinos Turkmenist\u00e1n e Ir\u00e1n, que trasladaron sus condolencias a Kabul y <b>aseguraron la provisi\u00f3n de ayuda humanitaria a Afganist\u00e1n.<\/b><\/p>\n","protected":false},"excerpt":{"rendered":"La cifra de muertos en el terremoto de Afganist\u00e1n registrado el pasado domingo en el este del pa\u00eds&hellip;\n","protected":false},"author":2,"featured_media":93693,"comment_status":"","ping_status":"","sticky":false,"template":"","format":"standard","meta":{"footnotes":""},"categories":[42],"tags":[10051,17,18,13,14,11,61,62,63,64,19,20,21950,1179,9,10,15,16,7049,12,4067,21,22,65,66,67],"class_list":{"0":"post-93692","1":"post","2":"type-post","3":"status-publish","4":"format-standard","5":"has-post-thumbnail","7":"category-internacional","8":"tag-afganistan","9":"tag-breaking-news","10":"tag-breakingnews","11":"tag-featured-news","12":"tag-featurednews","13":"tag-headlines","14":"tag-internacional","15":"tag-international","16":"tag-international-news","17":"tag-internationalnews","18":"tag-latest-news","19":"tag-latestnews","20":"tag-letal","21":"tag-mas","22":"tag-news","23":"tag-noticias","24":"tag-noticias-destacadas","25":"tag-noticiasdestacadas","26":"tag-terremoto","27":"tag-titulares","28":"tag-ultimas","29":"tag-ultimas-noticias","30":"tag-ultimasnoticias","31":"tag-world","32":"tag-world-news","33":"tag-worldnews"},"share_on_mastodon":{"url":"","error":""},"_links":{"self":[{"href":"https:\/\/www.europesays.com\/es\/wp-json\/wp\/v2\/posts\/93692","targetHints":{"allow":["GET"]}}],"collection":[{"href":"https:\/\/www.europesays.com\/es\/wp-json\/wp\/v2\/posts"}],"about":[{"href":"https:\/\/www.europesays.com\/es\/wp-json\/wp\/v2\/types\/post"}],"author":[{"embeddable":true,"href":"https:\/\/www.europesays.com\/es\/wp-json\/wp\/v2\/users\/2"}],"replies":[{"embeddable":true,"href":"https:\/\/www.europesays.com\/es\/wp-json\/wp\/v2\/comments?post=93692"}],"version-history":[{"count":0,"href":"https:\/\/www.europesays.com\/es\/wp-json\/wp\/v2\/posts\/93692\/revisions"}],"wp:featuredmedia":[{"embeddable":true,"href":"https:\/\/www.europesays.com\/es\/wp-json\/wp\/v2\/media\/93693"}],"wp:attachment":[{"href":"https:\/\/www.europesays.com\/es\/wp-json\/wp\/v2\/media?parent=93692"}],"wp:term":[{"taxonomy":"category","embeddable":true,"href":"https:\/\/www.europesays.com\/es\/wp-json\/wp\/v2\/categories?post=93692"},{"taxonomy":"post_tag","embeddable":true,"href":"https:\/\/www.europesays.com\/es\/wp-json\/wp\/v2\/tags?post=93692"}],"curies":[{"name":"wp","href":"https:\/\/api.w.org\/{rel}","templated":true}]}}