{"id":93698,"date":"2025-09-04T21:14:12","date_gmt":"2025-09-04T21:14:12","guid":{"rendered":"https:\/\/www.europesays.com\/es\/93698\/"},"modified":"2025-09-04T21:14:12","modified_gmt":"2025-09-04T21:14:12","slug":"los-hermanos-sanchez-vidan-puro-adn-ademarista","status":"publish","type":"post","link":"https:\/\/www.europesays.com\/es\/93698\/","title":{"rendered":"Los hermanos S\u00e1nchez Vid\u00e1n: puro ADN ademarista"},"content":{"rendered":"<p>El Abanca Ademar puede presumir de muchas cosas, pero si algo llena de orgullo al club leon\u00e9s, es su capacidad para crear, cuidar y apostar por una cantera que lleva d\u00e9cadas forjando a algunos de los mejores jugadores de balonmano del pa\u00eds.\u00a0<\/p>\n<p>Este viernes, en el choque de pretemporada que medir\u00e1 a los de Dani Gordo con el Nava de la Asunci\u00f3n en el Pabell\u00f3n Felipe Mi\u00f1ambres de Astorga (19:00 horas), se cumplir\u00e1 u nuevo hito en la historia del club con a coincidencia de dos hermanos, leoneses, en la convocatoria del primer equipo. Adem\u00e1s, el escudo de las tres violetas tendr\u00e1 m\u00e1s significado que nunca dado que ambos jugadores se forjaron en el patio del colegio Marista San Jos\u00e9, cuna del Ademar.<\/p>\n<p>El\u00a0primero es de sobra conocido por la afici\u00f3n leonesa, el extremo izquierdo Sergio S\u00e1nchez, reci\u00e9n incorporado a la disciplina ademarista tras brillar, a sus 18 a\u00f1os, en el Mundial juvenil disputado este verano en Egipto y donde fue nombrado el mejor jugador en su posici\u00f3n del torneo. Una de las grandes perlas del Ademar y hombre llamado a dar muchas alegr\u00edas, especialmente tras el &#8216;esfuerzo&#8217; extra realizado por club y jugador para su renovaci\u00f3n, dado que Sergio comenzar\u00e1 este a\u00f1o sus estudios de medicina en Valladolid y compaginar\u00e1 las aulas con el parqu\u00e9.<\/p>\n<p>Marcos, la nueva promesa de la f\u00e1brica marista<\/p>\n<p>Por el otro lado, la gran novedad de la lista de Dani Gordo, Marcos S\u00e1nchez, el hermano peque\u00f1o de Sergio, polivalente tanto en el lateral izquierdo como de central,\u00a0que afronta su primera convocatoria con el primer equipo tras destacar en las categor\u00edas inferiores del club y pieza clave en la Selecci\u00f3n de Castilla y Le\u00f3n.\u00a0\u00abFruto de las bajas, tenemos que volvernos a reinventar e ir acelerando procesos, como es en esta caso el de Marcos\u00bb, explic\u00f3 Dani Gordo respecto a la inclusi\u00f3n del peque\u00f1o de los S\u00e1nchez Vid\u00e1n en la lista de convocados.<\/p>\n<p>El\u00a0club: \u00abA\u00f1ade un componente emotivo y singular\u00bb<\/p>\n<p>Desde el club no han dejado pasar esta ocasi\u00f3n para celebrar la coincidencia de los hermanos\u00a0destacando que es un\u00a0hecho que \u00abno solo refuerza la apuesta del club por seguir dando continuidad al proyecto de cantera, sino que adem\u00e1s a\u00f1ade un componente emotivo y singular: dos hermanos compartiendo vestuario y minutos con el primer equipo a una edad tan temprana\u00bb.<\/p>\n","protected":false},"excerpt":{"rendered":"El Abanca Ademar puede presumir de muchas cosas, pero si algo llena de orgullo al club leon\u00e9s, es&hellip;\n","protected":false},"author":2,"featured_media":93699,"comment_status":"","ping_status":"","sticky":false,"template":"","format":"standard","meta":{"footnotes":""},"categories":[278],"tags":[21857,376,168,25,24,375,23,167],"class_list":{"0":"post-93698","1":"post","2":"type-post","3":"status-publish","4":"format-standard","5":"has-post-thumbnail","7":"category-balonmano","8":"tag-abanca-ademar","9":"tag-balonmano","10":"tag-deportes","11":"tag-es","12":"tag-espana","13":"tag-handball","14":"tag-spain","15":"tag-sports"},"share_on_mastodon":{"url":"","error":""},"_links":{"self":[{"href":"https:\/\/www.europesays.com\/es\/wp-json\/wp\/v2\/posts\/93698","targetHints":{"allow":["GET"]}}],"collection":[{"href":"https:\/\/www.europesays.com\/es\/wp-json\/wp\/v2\/posts"}],"about":[{"href":"https:\/\/www.europesays.com\/es\/wp-json\/wp\/v2\/types\/post"}],"author":[{"embeddable":true,"href":"https:\/\/www.europesays.com\/es\/wp-json\/wp\/v2\/users\/2"}],"replies":[{"embeddable":true,"href":"https:\/\/www.europesays.com\/es\/wp-json\/wp\/v2\/comments?post=93698"}],"version-history":[{"count":0,"href":"https:\/\/www.europesays.com\/es\/wp-json\/wp\/v2\/posts\/93698\/revisions"}],"wp:featuredmedia":[{"embeddable":true,"href":"https:\/\/www.europesays.com\/es\/wp-json\/wp\/v2\/media\/93699"}],"wp:attachment":[{"href":"https:\/\/www.europesays.com\/es\/wp-json\/wp\/v2\/media?parent=93698"}],"wp:term":[{"taxonomy":"category","embeddable":true,"href":"https:\/\/www.europesays.com\/es\/wp-json\/wp\/v2\/categories?post=93698"},{"taxonomy":"post_tag","embeddable":true,"href":"https:\/\/www.europesays.com\/es\/wp-json\/wp\/v2\/tags?post=93698"}],"curies":[{"name":"wp","href":"https:\/\/api.w.org\/{rel}","templated":true}]}}