{"id":93762,"date":"2025-09-04T21:55:13","date_gmt":"2025-09-04T21:55:13","guid":{"rendered":"https:\/\/www.europesays.com\/es\/93762\/"},"modified":"2025-09-04T21:55:13","modified_gmt":"2025-09-04T21:55:13","slug":"la-imagen-de-la-princesa-alexia-hija-de-la-reina-maxima-de-holanda-que-ha-generado-preocupacion","status":"publish","type":"post","link":"https:\/\/www.europesays.com\/es\/93762\/","title":{"rendered":"La imagen de la princesa Alexia, hija de la reina M\u00e1xima de Holanda, que ha generado preocupaci\u00f3n"},"content":{"rendered":"<p id=\"eRFl-3X8he\" data-wc=\"78\">La <strong>princesa Alexia de los Pa\u00edses Bajos ha vuelto al foco medi\u00e1tico<\/strong> tras su reaparici\u00f3n en el <a class=\"hm-link\" href=\"https:\/\/www.hola.com\/realeza\/casa_holanda\/20250831853077\/formula-1-holanda-princesas-amalia-alexia-ariane-reina-maxima\/\" data-mrf-recirculation=\"article-body-link\" rel=\"nofollow noopener\" target=\"_blank\">GP de Holanda de F\u00f3rmula 1,\u00a0<\/a>celebrado el pasado fin de semana, en el circuito holand\u00e9s de \u00a0Zandvoort. Aunque la cita deportiva reuni\u00f3 a toda la familia real holandesa, en la que fue su primera aparici\u00f3n p\u00fablica tras sus largas vacaciones de verano, fue la hija mediana de los reyes Guillermo y M\u00e1xima quien acapar\u00f3 todas las miradas en el paddock.\u00a0<\/p>\n<p> <img src=\"https:\/\/www.europesays.com\/es\/wp-content\/uploads\/2025\/09\/5769220d5346-gettyimages-2233004739.jpg\"   width=\"1024\" height=\"683\" loading=\"lazy\" decoding=\"async\" alt=\"Media Image\" fetchpriority=\"auto\" class=\"image ho-image\"\/>\u00a9 Getty Images<\/p>\n<p> <img src=\"https:\/\/www.europesays.com\/es\/wp-content\/uploads\/2025\/09\/83118def831c-gettyimages-2233004710.jpg\"   width=\"1080\" height=\"1800\" loading=\"lazy\" decoding=\"async\" alt=\"Alexia de Holanda en el Gran Premio de F\u00f3rmula 1 de los Pa\u00edses Bajos en Zandvoort 2025\" fetchpriority=\"auto\" class=\"image ho-image\"\/>\u00a9 Getty<\/p>\n<p id=\"ekge0_nUEXB\" data-wc=\"142\">Su estilismo boho-chic \u2014apost\u00f3 por un conjunto muy oto\u00f1al de Sandro: blazer, top y shorts de la firma francesa, que combin\u00f3 con unas botas altas- reflejaba su personalidad y su estilo, moderno y cosmopolita. Sin embargo, m\u00e1s all\u00e1 de ese \u2018street style\u2019 con el que conquist\u00f3 al p\u00fablico asistente, lo que llam\u00f3 poderosamente la atenci\u00f3n de todos fue <strong>su extrema delgadez.<\/strong> El conjunto dejaba al descubierto <strong>sus piernas, visiblemente m\u00e1s finas, mientras que las facciones de su rostro, ahora m\u00e1s angulosas,\u00a0<\/strong>evidenciaban una p\u00e9rdida de peso que no pas\u00f3 desapercibida. La imagen de Alexia, elegante, pero, m\u00e1s fr\u00e1gil, reaviv\u00f3 la preocupaci\u00f3n por su estado f\u00edsico y r\u00e1pidamente se convirti\u00f3 en lo m\u00e1s comentado en redes sociales y en los medios neerlandeses. De hecho, la presentadora H\u00e9l\u00e8ne Hendriks confes\u00f3 en directo: \u201cPara ser sincera, la mir\u00e9 con atenci\u00f3n y me impact\u00f3 un poco\u201d.\u00a0<\/p>\n<p> <img src=\"https:\/\/www.europesays.com\/es\/wp-content\/uploads\/2025\/09\/5b7da6183fe6-gettyimages-2233006013.jpg\"   width=\"1080\" height=\"1800\" loading=\"lazy\" decoding=\"async\" alt=\"Alexia de Holanda en el Gran Premio de F\u00f3rmula 1 de los Pa\u00edses Bajos en Zandvoort 2025\" fetchpriority=\"auto\" class=\"image ho-image\"\/>\u00a9 Getty<\/p>\n<p> <img src=\"https:\/\/www.europesays.com\/es\/wp-content\/uploads\/2025\/09\/a8bc74d860f1-gettyimages-2233004716.jpg\"   width=\"666\" height=\"1024\" loading=\"lazy\" decoding=\"async\" alt=\"M\u00e1xima de Holanda y sus hijas Amalia, Alexia y Ariane en el Gran Premio de F\u00f3rmula 1 de Pa\u00edses Bajos\" fetchpriority=\"auto\" class=\"image ho-image\"\/>\u00a9 Getty<\/p>\n<p id=\"eU85lsZQxdA\" data-wc=\"85\">Algunos atribuyen su aspecto a un f<strong>avorecedor bronceado tras sus vacaciones en Grecia,\u00a0<\/strong>donde los reyes de Holanda poseen <a class=\"hm-link\" href=\"https:\/\/www.hola.com\/realeza\/casa_holanda\/20250816850516\/reaparicion-esperada-maxima-holanda-lugar-cargado-espiritualidad-compania-hijas\/\" data-mrf-recirculation=\"article-body-link\" rel=\"nofollow noopener\" target=\"_blank\">una exclusiva propiedad frente al mar Egeo<\/a> que adquirieron en 2012. Aunque desde la Casa Real no se ha emitido ning\u00fan comunicado sobre el estado f\u00edsico de la princesa Alexia, hay m\u00faltiples interpretaciones sobre la delgadez de la joven royal: unos la interpretan como una se\u00f1al de estr\u00e9s, mientras otros especulan sobre posibles trastornos alimentarios. Lo \u00fanico cierto es que desde palacio no se han pronunciado.<\/p>\n<p> <img src=\"https:\/\/www.europesays.com\/es\/wp-content\/uploads\/2025\/09\/8ea8662864e3-u589987008.jpg\"   width=\"1024\" height=\"682\" loading=\"lazy\" decoding=\"async\" alt=\"Las princesas de Pa\u00edses Bajos en el Gran Premio de F\u00f3rmula 1 de los Pa\u00edses Bajos en Zandvoort 2025\" fetchpriority=\"auto\" class=\"image ho-image\"\/>\u00a9 GTRES<\/p>\n<p id=\"eaRrAf-cger\" data-wc=\"73\"><strong>Alexia es la hija que m\u00e1s se parece a la reina M\u00e1xima, <\/strong>con quien comparte no solo rasgos f\u00edsicos, sino tambi\u00e9n su gusto por la moda y un cierto estilo. Sin embargo, durante su aparici\u00f3n en el circuito de Zandvoort, su look moderno y juvenil contrastaba con la preocupaci\u00f3n que gener\u00f3 su figura y la preocupaci\u00f3n ha calado en la opini\u00f3n p\u00fablica, especialmente porque Alexia ya hab\u00eda hablado abiertamente sobre su salud mental.<\/p>\n<p> <img src=\"https:\/\/www.europesays.com\/es\/wp-content\/uploads\/2025\/09\/11fabd887df1-gettyimages-2233005976.jpg\"   width=\"683\" height=\"1024\" loading=\"lazy\" decoding=\"async\" alt=\"Media Image\" fetchpriority=\"auto\" class=\"image ho-image\"\/>\u00a9 Getty Images<\/p>\n<p> <img src=\"https:\/\/www.europesays.com\/es\/wp-content\/uploads\/2025\/09\/32b97c2bd32b-gettyimages-2233005983.jpg\"   width=\"683\" height=\"1024\" loading=\"lazy\" decoding=\"async\" alt=\"Media Image\" fetchpriority=\"auto\" class=\"image ho-image\"\/>\u00a9 Getty Images<\/p>\n<p id=\"eEYFZU7w4s5\" data-wc=\"94\">En julio, la joven princesa de 20 a\u00f1os ofreci\u00f3 una entrevista a una revista holandesa en la que mostr\u00f3 una faceta madura y reflexiva. Entonces ya habl\u00f3 abiertamente sobre <a class=\"hm-link\" href=\"https:\/\/www.hola.com\/actualidad\/20250712843898\/alexia-de-holanda-se-sincera-sobre-su-salud-mental-y-su-nueva-vida-en-londres-a-veces-llamo-a-mis-padres-dos-veces-al-dia\/\" data-mrf-recirculation=\"article-body-link\" rel=\"nofollow noopener\" target=\"_blank\">la salud mental<\/a> y reconoci\u00f3 haber sufrido acoso en redes sociales, lo que la llev\u00f3 a buscar ayuda profesional. Su testimonio fue recibido con empat\u00eda, especialmente por el antecedente familiar de la reina M\u00e1xima, cuya hermana In\u00e9s falleci\u00f3 tr\u00e1gicamente en 2018 tras una larga lucha contra la depresi\u00f3n. Desde entonces, la familia real ha mostrado un compromiso firme con el bienestar emocional de sus hijas.<\/p>\n<p> <img src=\"https:\/\/www.europesays.com\/es\/wp-content\/uploads\/2025\/09\/dcc91d6a98fb-gettyimages-2233005982.jpg\"   width=\"683\" height=\"1024\" loading=\"lazy\" decoding=\"async\" alt=\"Media Image\" fetchpriority=\"auto\" class=\"image ho-image\"\/>\u00a9 Getty Images<br \/>\nNueva vida en Londres<\/p>\n<p id=\"edqN3oSHyg1\" data-wc=\"77\">Actualmente, Alexia vive en Londres,<strong>\u00a0donde cursa estudios universitarios en la University College London (UCL),<\/strong> una de las instituciones m\u00e1s prestigiosas del Reino Unido. Tras finalizar su formaci\u00f3n en el UWC Atlantic College de Gales \u2014donde coincidi\u00f3 con la princesa Leonor de Espa\u00f1a\u2014, se tom\u00f3 un a\u00f1o sab\u00e1tico para reflexionar sobre su futuro. \u201cNo ten\u00eda claro qu\u00e9 quer\u00eda hacer al terminar el bachillerato, y el a\u00f1o sab\u00e1tico me ayud\u00f3 a entender qu\u00e9 me mueve de verdad\u201d, confes\u00f3.\u00a0<\/p>\n<p> <img src=\"https:\/\/www.europesays.com\/es\/wp-content\/uploads\/2025\/09\/397036fe6746-gettyimages-2222963989.jpg\"   width=\"1080\" height=\"1800\" loading=\"lazy\" decoding=\"async\" alt=\"Alexia de Holanda en el \u00faltimo posado real\" fetchpriority=\"auto\" class=\"image ho-image\"\/>\u00a9 Getty Images<\/p>\n<p id=\"eJUigC9dtY\" data-wc=\"104\">Instalada en el coraz\u00f3n de Bloomsbury, a pocos pasos del emblem\u00e1tico British Museum y del campus de la University College London, Alexia trata de llevar una vida discreta, como cualquier estudiante m\u00e1s. Pasea por sus calles llenas de historia, estudia, explora caf\u00e9s y librer\u00edas de su nuevo vecindario, y sobre todo, mantiene un v\u00ednculo estrecho con su familia, a la que llama con frecuencia. Lejos del protocolo y la exposici\u00f3n constante que marcaron su adolescencia en los Pa\u00edses Bajos, la princesa busca ahora algo muy simple: sentirse libre y encontrar su propio equilibrio, sin importarle los titulares que su reciente imagen p\u00fablica est\u00e1n generando.<\/p>\n","protected":false},"excerpt":{"rendered":"La princesa Alexia de los Pa\u00edses Bajos ha vuelto al foco medi\u00e1tico tras su reaparici\u00f3n en el GP&hellip;\n","protected":false},"author":2,"featured_media":93763,"comment_status":"","ping_status":"","sticky":false,"template":"","format":"standard","meta":{"footnotes":""},"categories":[91],"tags":[23153,146,147,25,24,1027,23152,23],"class_list":{"0":"post-93762","1":"post","2":"type-post","3":"status-publish","4":"format-standard","5":"has-post-thumbnail","7":"category-entretenimiento","8":"tag-alexia-de-holanda","9":"tag-entertainment","10":"tag-entretenimiento","11":"tag-es","12":"tag-espana","13":"tag-realeza","14":"tag-realeza-holanda","15":"tag-spain"},"share_on_mastodon":{"url":"","error":""},"_links":{"self":[{"href":"https:\/\/www.europesays.com\/es\/wp-json\/wp\/v2\/posts\/93762","targetHints":{"allow":["GET"]}}],"collection":[{"href":"https:\/\/www.europesays.com\/es\/wp-json\/wp\/v2\/posts"}],"about":[{"href":"https:\/\/www.europesays.com\/es\/wp-json\/wp\/v2\/types\/post"}],"author":[{"embeddable":true,"href":"https:\/\/www.europesays.com\/es\/wp-json\/wp\/v2\/users\/2"}],"replies":[{"embeddable":true,"href":"https:\/\/www.europesays.com\/es\/wp-json\/wp\/v2\/comments?post=93762"}],"version-history":[{"count":0,"href":"https:\/\/www.europesays.com\/es\/wp-json\/wp\/v2\/posts\/93762\/revisions"}],"wp:featuredmedia":[{"embeddable":true,"href":"https:\/\/www.europesays.com\/es\/wp-json\/wp\/v2\/media\/93763"}],"wp:attachment":[{"href":"https:\/\/www.europesays.com\/es\/wp-json\/wp\/v2\/media?parent=93762"}],"wp:term":[{"taxonomy":"category","embeddable":true,"href":"https:\/\/www.europesays.com\/es\/wp-json\/wp\/v2\/categories?post=93762"},{"taxonomy":"post_tag","embeddable":true,"href":"https:\/\/www.europesays.com\/es\/wp-json\/wp\/v2\/tags?post=93762"}],"curies":[{"name":"wp","href":"https:\/\/api.w.org\/{rel}","templated":true}]}}